{"id":150403,"date":"2016-05-24T10:28:45","date_gmt":"2016-05-24T10:28:45","guid":{"rendered":"https:\/\/admin.industriall-union.org\/operer-une-transformation-radicale-de-l-industrie-mondiale-du-textile-et-de-la-confection\/"},"modified":"2025-02-07T01:43:03","modified_gmt":"2025-02-07T01:43:03","slug":"operer-une-transformation-radicale-de-l-industrie-mondiale-du-textile-et-de-la-confection","status":"publish","type":"article","link":"https:\/\/admin.industriall-union.org\/fr\/operer-une-transformation-radicale-de-l-industrie-mondiale-du-textile-et-de-la-confection\/","title":{"rendered":"Op\u00e9rer une transformation radicale de l\u2019industrie mondiale du textile et de la confection"},"content":{"rendered":"<p>Cent-trente-cinq repr\u00e9sentants de plus de 60 syndicats du textile et de la confection de 35 pays se sont rassembl\u00e9s pour d\u00e9battre de la syndicalisation des travailleurs, des salaires d\u00e9cents et de la n\u00e9gociation collective \u00e0 l&rsquo;\u00e9chelle de l&rsquo;ensemble du secteur.<\/p><p>Dans de nombreuses r\u00e9gions du monde, l&rsquo;industrie de la confection et du textile est synonyme de bas salaires et de pr\u00e9carit\u00e9 de l&rsquo;emploi. Or, depuis sa cr\u00e9ation, il y a quatre ans, IndustriALL a obtenu des r\u00e9sultats majeurs dans les domaines de la garantie des droits des travailleurs et de la protection de leur droit \u00e0 se syndiquer.<\/p><p>Ainsi, l&rsquo;Accord innovateur sur la s\u00e9curit\u00e9 incendie et la s\u00e9curit\u00e9 des b\u00e2timents au Bangladesh, n\u00e9goci\u00e9 suite \u00e0 l&rsquo;effondrement du Rana Plaza, est un accord juridiquement contraignant entre les syndicats mondiaux et plus de 200 marques de mode multinationales visant \u00e0 accro\u00eetre la s\u00e9curit\u00e9 dans plus de 1 600 usines de confection.<\/p><p>Prenant la parole \u00e0 la conf\u00e9rence, Rob Wayss, Directeur ex\u00e9cutif de l&rsquo;Accord, a d\u00e9clar\u00e9 que celui-ci modifie le fonctionnement de l&rsquo;industrie de la confection :<\/p><p>&laquo;&nbsp;Il [l&rsquo;Accord] est concret et \u00e9nergique. Il prot\u00e8ge les travailleurs dans l&rsquo;industrie bangladaise de la confection. A ce jour, plus de 1 600 entreprises ont \u00e9t\u00e9 inspect\u00e9es et de nombreuses mesures de s\u00e9curit\u00e9 essentielles ont \u00e9t\u00e9 prises &raquo;.<\/p><p>&laquo;&nbsp;En tant que syndicats, nous avons lutt\u00e9 et surmont\u00e9 cette trag\u00e9die, a indiqu\u00e9 Christina Hajagos, directeur d&rsquo;IndustriALL pour le secteur du textile. &laquo;&nbsp;Le legs du Rana Plaza est de nous appeler \u00e0 ne pas nous limiter \u00e0 la responsabilit\u00e9 sociale des entreprises&nbsp;&raquo;.<\/p><p>R\u00e9soudre la question des capitaux mondiaux a \u00e9t\u00e9 le fil rouge des deux jours de conf\u00e9rence. Lors d&rsquo;une table ronde avec les leaders syndicaux et les repr\u00e9sentants des entreprises de H&amp;M et d&rsquo;Inditex, les accords-cadre mondiaux ont \u00e9t\u00e9 analys\u00e9s comme un moyen d&rsquo;accro\u00eetre la solidarit\u00e9 syndicale mondiale.<\/p><p>IndustriALL a trois accords-cadre mondiaux dans le secteur, dont deux, qui prot\u00e8gent les droits de 3 millions de travailleurs de la confection, avec les confectionneurs les plus importants dans le monde, \u00e0 savoir H&amp;M et Inditex,.<\/p><p>Lors de sa&nbsp; pr\u00e9sentation de la strat\u00e9gie d&rsquo;IndustriALL en mati\u00e8re de salaires d\u00e9cents, laquelle vise \u00e0 implanter, dans l&rsquo;industrie toute enti\u00e8re, la n\u00e9gociation collective en lien avec le pouvoir d&rsquo;achat des marques de confection, Jenny Holdcroft, Directrice des politiques pour IndustriALL, a indiqu\u00e9 qu&rsquo;un changement r\u00e9el peut se produire si les marques et les syndicats collaborent.<\/p><p>Athit Kong, de C.CAWDU, l&rsquo;affili\u00e9 cambodgien d&rsquo;IndustriALL, a d\u00e9clar\u00e9 :<\/p><p>&laquo;&nbsp;Les marques mondiales dans le domaine de la confection doivent prendre leur responsabilit\u00e9 pour offrir des salaires d\u00e9cents aux travailleurs de la confection. La n\u00e9gociation est essentielle dans l&rsquo;industrie pour emp\u00eacher les marques de n\u00e9gocier des prix plus bas sur la base de baisses de salaires &raquo;.<\/p><p>Les t\u00e9moignages de participants \u00e0 la conf\u00e9rence ont port\u00e9 sur la n\u00e9gociation collective, le harc\u00e8lement sur le lieu de travail, l&rsquo;augmentation du travail pr\u00e9caire, ainsi que les conversions r\u00e9ussies de contrats pr\u00e9caires en contrats \u00e0 dur\u00e9e ind\u00e9termin\u00e9, et le renforcement du pouvoir syndical par la syndicalisation.<\/p><p>Les d\u00e9l\u00e9gu\u00e9s ont sign\u00e9 une banni\u00e8re appelant <a href=\"http:\/\/www.industriall-union.org\/hugo-boss-union-busting-in-turkey-damages-brand-industriall-tells-shareholders\" target=\"_self\">Hugo Boss \u00e0 respecter le droit des travailleurs<\/a> \u00e0 se syndiquer \u00e0 l&rsquo;usine d&rsquo;Izmir. La banni\u00e8re sera remise comme symbole de solidarit\u00e9 aux travailleurs licenci\u00e9s.<\/p><p>Un plan d&rsquo;action, ax\u00e9 sur les principaux objectifs strat\u00e9giques d&rsquo;IndustriALL se rapportant au secteur, a \u00e9t\u00e9 adopt\u00e9.<\/p><p>Athit Kong de C.CAWDU, Cambodge, et Akiko Gono de UA ZENSEN, Japon, ont \u00e9t\u00e9 \u00e9lus en tant que copr\u00e9sidents pour le secteur.<\/p><p>&laquo;&nbsp;Je me r\u00e9jouis \u00e0 la perspective de d\u00e9velopper des relations efficaces entre les partenaires sociaux au sein de notre secteur&nbsp;&raquo;, a d\u00e9clar\u00e9 Akiko Gono.<\/p>","protected":false},"featured_media":0,"template":"","issues":[396,406,416,415],"companies":[],"regions":[219],"sectors":[464],"article_tags":[],"class_list":["post-150403","article","type-article","status-publish","hentry","issues-building-strong-unions","issues-confronting-global-capital","issues-living-wage","issues-stop-precarious-work","regions-germany","sectors-textile-leather-garment-shoes-and-textile-services"],"acf":[],"yoast_head":"<!-- This site is optimized with the Yoast SEO Premium plugin v27.1 (Yoast SEO v27.1) - https:\/\/yoast.com\/product\/yoast-seo-premium-wordpress\/ -->\n<title>Op\u00e9rer une transformation radicale de l\u2019industrie mondiale du textile et de la confection - industriall-union<\/title>\n<meta name=\"description\" content=\"Cent-trente-cinq repr\u00e9sentants de plus de 60 syndicats du textile et de la confection de 35 pays se sont rassembl\u00e9s pour d\u00e9battre de la syndicalisation\" \/>\n<meta name=\"robots\" content=\"index, follow, max-snippet:-1, max-image-preview:large, max-video-preview:-1\" \/>\n<link rel=\"canonical\" href=\"https:\/\/admin.industriall-union.org\/fr\/operer-une-transformation-radicale-de-l-industrie-mondiale-du-textile-et-de-la-confection\/\" \/>\n<meta property=\"og:locale\" content=\"fr_FR\" \/>\n<meta property=\"og:type\" content=\"article\" \/>\n<meta property=\"og:title\" content=\"Op\u00e9rer une transformation radicale de l\u2019industrie mondiale du textile et de la confection\" \/>\n<meta property=\"og:description\" content=\"Cent-trente-cinq repr\u00e9sentants de plus de 60 syndicats du textile et de la confection de 35 pays se sont rassembl\u00e9s pour d\u00e9battre de la syndicalisation\" \/>\n<meta property=\"og:url\" content=\"https:\/\/admin.industriall-union.org\/fr\/operer-une-transformation-radicale-de-l-industrie-mondiale-du-textile-et-de-la-confection\/\" \/>\n<meta property=\"og:site_name\" content=\"industriall-union\" \/>\n<meta property=\"article:modified_time\" content=\"2025-02-07T01:43:03+00:00\" \/>\n<meta name=\"twitter:card\" content=\"summary_large_image\" \/>\n<meta name=\"twitter:label1\" content=\"Est. reading time\" \/>\n\t<meta name=\"twitter:data1\" content=\"3 minutes\" \/>\n<script type=\"application\/ld+json\" class=\"yoast-schema-graph\">{\"@context\":\"https:\/\/schema.org\",\"@graph\":[{\"@type\":\"WebPage\",\"@id\":\"https:\/\/admin.industriall-union.org\/fr\/operer-une-transformation-radicale-de-l-industrie-mondiale-du-textile-et-de-la-confection\/\",\"url\":\"https:\/\/admin.industriall-union.org\/fr\/operer-une-transformation-radicale-de-l-industrie-mondiale-du-textile-et-de-la-confection\/\",\"name\":\"Op\u00e9rer une transformation radicale de l\u2019industrie mondiale du textile et de la confection - industriall-union\",\"isPartOf\":{\"@id\":\"https:\/\/admin.industriall-union.org\/#website\"},\"datePublished\":\"2016-05-24T10:28:45+00:00\",\"dateModified\":\"2025-02-07T01:43:03+00:00\",\"description\":\"Cent-trente-cinq repr\u00e9sentants de plus de 60 syndicats du textile et de la confection de 35 pays se sont rassembl\u00e9s pour d\u00e9battre de la syndicalisation\",\"breadcrumb\":{\"@id\":\"https:\/\/admin.industriall-union.org\/fr\/operer-une-transformation-radicale-de-l-industrie-mondiale-du-textile-et-de-la-confection\/#breadcrumb\"},\"inLanguage\":\"fr-FR\",\"potentialAction\":[{\"@type\":\"ReadAction\",\"target\":[\"https:\/\/admin.industriall-union.org\/fr\/operer-une-transformation-radicale-de-l-industrie-mondiale-du-textile-et-de-la-confection\/\"]}]},{\"@type\":\"BreadcrumbList\",\"@id\":\"https:\/\/admin.industriall-union.org\/fr\/operer-une-transformation-radicale-de-l-industrie-mondiale-du-textile-et-de-la-confection\/#breadcrumb\",\"itemListElement\":[{\"@type\":\"ListItem\",\"position\":1,\"name\":\"Home\",\"item\":\"https:\/\/admin.industriall-union.org\/\"},{\"@type\":\"ListItem\",\"position\":2,\"name\":\"Articles\",\"item\":\"https:\/\/admin.industriall-union.org\/article\/\"},{\"@type\":\"ListItem\",\"position\":3,\"name\":\"Op\u00e9rer une transformation radicale de l\u2019industrie mondiale du textile et de la confection\"}]},{\"@type\":\"WebSite\",\"@id\":\"https:\/\/admin.industriall-union.org\/#website\",\"url\":\"https:\/\/admin.industriall-union.org\/\",\"name\":\"industriall-union\",\"description\":\"\",\"potentialAction\":[{\"@type\":\"SearchAction\",\"target\":{\"@type\":\"EntryPoint\",\"urlTemplate\":\"https:\/\/admin.industriall-union.org\/?s={search_term_string}\"},\"query-input\":{\"@type\":\"PropertyValueSpecification\",\"valueRequired\":true,\"valueName\":\"search_term_string\"}}],\"inLanguage\":\"fr-FR\"}]}<\/script>\n<!-- \/ Yoast SEO Premium plugin. -->","yoast_head_json":{"title":"Op\u00e9rer une transformation radicale de l\u2019industrie mondiale du textile et de la confection - industriall-union","description":"Cent-trente-cinq repr\u00e9sentants de plus de 60 syndicats du textile et de la confection de 35 pays se sont rassembl\u00e9s pour d\u00e9battre de la syndicalisation","robots":{"index":"index","follow":"follow","max-snippet":"max-snippet:-1","max-image-preview":"max-image-preview:large","max-video-preview":"max-video-preview:-1"},"canonical":"https:\/\/admin.industriall-union.org\/fr\/operer-une-transformation-radicale-de-l-industrie-mondiale-du-textile-et-de-la-confection\/","og_locale":"fr_FR","og_type":"article","og_title":"Op\u00e9rer une transformation radicale de l\u2019industrie mondiale du textile et de la confection","og_description":"Cent-trente-cinq repr\u00e9sentants de plus de 60 syndicats du textile et de la confection de 35 pays se sont rassembl\u00e9s pour d\u00e9battre de la syndicalisation","og_url":"https:\/\/admin.industriall-union.org\/fr\/operer-une-transformation-radicale-de-l-industrie-mondiale-du-textile-et-de-la-confection\/","og_site_name":"industriall-union","article_modified_time":"2025-02-07T01:43:03+00:00","twitter_card":"summary_large_image","twitter_misc":{"Est. reading time":"3 minutes"},"schema":{"@context":"https:\/\/schema.org","@graph":[{"@type":"WebPage","@id":"https:\/\/admin.industriall-union.org\/fr\/operer-une-transformation-radicale-de-l-industrie-mondiale-du-textile-et-de-la-confection\/","url":"https:\/\/admin.industriall-union.org\/fr\/operer-une-transformation-radicale-de-l-industrie-mondiale-du-textile-et-de-la-confection\/","name":"Op\u00e9rer une transformation radicale de l\u2019industrie mondiale du textile et de la confection - industriall-union","isPartOf":{"@id":"https:\/\/admin.industriall-union.org\/#website"},"datePublished":"2016-05-24T10:28:45+00:00","dateModified":"2025-02-07T01:43:03+00:00","description":"Cent-trente-cinq repr\u00e9sentants de plus de 60 syndicats du textile et de la confection de 35 pays se sont rassembl\u00e9s pour d\u00e9battre de la syndicalisation","breadcrumb":{"@id":"https:\/\/admin.industriall-union.org\/fr\/operer-une-transformation-radicale-de-l-industrie-mondiale-du-textile-et-de-la-confection\/#breadcrumb"},"inLanguage":"fr-FR","potentialAction":[{"@type":"ReadAction","target":["https:\/\/admin.industriall-union.org\/fr\/operer-une-transformation-radicale-de-l-industrie-mondiale-du-textile-et-de-la-confection\/"]}]},{"@type":"BreadcrumbList","@id":"https:\/\/admin.industriall-union.org\/fr\/operer-une-transformation-radicale-de-l-industrie-mondiale-du-textile-et-de-la-confection\/#breadcrumb","itemListElement":[{"@type":"ListItem","position":1,"name":"Home","item":"https:\/\/admin.industriall-union.org\/"},{"@type":"ListItem","position":2,"name":"Articles","item":"https:\/\/admin.industriall-union.org\/article\/"},{"@type":"ListItem","position":3,"name":"Op\u00e9rer une transformation radicale de l\u2019industrie mondiale du textile et de la confection"}]},{"@type":"WebSite","@id":"https:\/\/admin.industriall-union.org\/#website","url":"https:\/\/admin.industriall-union.org\/","name":"industriall-union","description":"","potentialAction":[{"@type":"SearchAction","target":{"@type":"EntryPoint","urlTemplate":"https:\/\/admin.industriall-union.org\/?s={search_term_string}"},"query-input":{"@type":"PropertyValueSpecification","valueRequired":true,"valueName":"search_term_string"}}],"inLanguage":"fr-FR"}]}},"_links":{"self":[{"href":"https:\/\/admin.industriall-union.org\/fr\/wp-json\/wp\/v2\/article\/150403","targetHints":{"allow":["GET"]}}],"collection":[{"href":"https:\/\/admin.industriall-union.org\/fr\/wp-json\/wp\/v2\/article"}],"about":[{"href":"https:\/\/admin.industriall-union.org\/fr\/wp-json\/wp\/v2\/types\/article"}],"wp:attachment":[{"href":"https:\/\/admin.industriall-union.org\/fr\/wp-json\/wp\/v2\/media?parent=150403"}],"wp:term":[{"taxonomy":"issues","embeddable":true,"href":"https:\/\/admin.industriall-union.org\/fr\/wp-json\/wp\/v2\/issues?post=150403"},{"taxonomy":"companies","embeddable":true,"href":"https:\/\/admin.industriall-union.org\/fr\/wp-json\/wp\/v2\/companies?post=150403"},{"taxonomy":"regions","embeddable":true,"href":"https:\/\/admin.industriall-union.org\/fr\/wp-json\/wp\/v2\/regions?post=150403"},{"taxonomy":"sectors","embeddable":true,"href":"https:\/\/admin.industriall-union.org\/fr\/wp-json\/wp\/v2\/sectors?post=150403"},{"taxonomy":"article_tags","embeddable":true,"href":"https:\/\/admin.industriall-union.org\/fr\/wp-json\/wp\/v2\/article_tags?post=150403"}],"curies":[{"name":"wp","href":"https:\/\/api.w.org\/{rel}","templated":true}]}}