{"id":150373,"date":"2016-05-30T15:24:42","date_gmt":"2016-05-30T15:24:42","guid":{"rendered":"https:\/\/admin.industriall-union.org\/l-executif-d-industriall-en-ordre-de-marche-pour-le-congres-de-rio\/"},"modified":"2025-02-07T01:20:39","modified_gmt":"2025-02-07T01:20:39","slug":"l-executif-d-industriall-en-ordre-de-marche-pour-le-congres-de-rio","status":"publish","type":"article","link":"https:\/\/admin.industriall-union.org\/fr\/l-executif-d-industriall-en-ordre-de-marche-pour-le-congres-de-rio\/","title":{"rendered":"L\u2019Ex\u00e9cutif d\u2019IndustriALL en ordre de marche pour le Congr\u00e8s de Rio"},"content":{"rendered":"<p>Une des discussions cl\u00e9s concernait les pr\u00e9paratifs du deuxi\u00e8me Congr\u00e8s d&rsquo;IndustriALL \u00e0 Rio de Janeiro en octobre et le r\u00e9cent coup de th\u00e9\u00e2tre politique au Br\u00e9sil.<\/p><p>Le pr\u00e9sident Berthold Huber a d\u00e9clar\u00e9 que le vote r\u00e9cent \u00e9mis par le s\u00e9nat br\u00e9silien pour entamer une proc\u00e9dure de destitution \u00e0 l&rsquo;encontre de la Pr\u00e9sidente Dilma Rousseff posait un dangereux pr\u00e9c\u00e9dent de non-respect de la d\u00e9mocratie.<\/p><p>Le Comit\u00e9 ex\u00e9cutif a adopt\u00e9 une <a href=\"\/wp-content\/uploads\/documents\/2016\/GERMANY\/ExCoFrankfurt\/no_to_coup_in_brazil_igu_exco_ingles_final.pdf\">r\u00e9solution<\/a> qui exprime sa solidarit\u00e9 avec le peuple br\u00e9silien en rejetant avec fermet\u00e9 le coup d&rsquo;\u00c9tat en cours dans le pays. Le gouvernement provisoire a d\u00e9j\u00e0 commenc\u00e9 \u00e0 d\u00e9manteler les politiques sociales progressistes des derni\u00e8res ann\u00e9es qui ont permis de sortir 40 millions de personnes de la pauvret\u00e9 au Br\u00e9sil.<\/p><p>Dans le cadre des pr\u00e9paratifs en vue du Congr\u00e8s, le Comit\u00e9 ex\u00e9cutif a appris que trois candidats se pr\u00e9sentaient au poste de Secr\u00e9taire g\u00e9n\u00e9ral&nbsp;: Atle H\u00f8ie de Norv\u00e8ge, Kemal \u00d6zkan de Turquie et Valter Sanches du Br\u00e9sil. L&rsquo;actuel Secr\u00e9taire g\u00e9n\u00e9ral Jyrki Raina se retirera lors du Congr\u00e8s en octobre, tout comme le Pr\u00e9sident Huber et le Vice-pr\u00e9sident Tom Buffenbarger.<\/p><p>Le Comit\u00e9 ex\u00e9cutif d&rsquo;IndustriALL Global Union a \u00e9galement appel\u00e9 <a href=\"\/wp-content\/uploads\/documents\/2016\/GERMANY\/ExCoFrankfurt\/industriall_resolution_on_vw_may_2016_en.pdf\">Volkswagen<\/a> \u00e0 respecter les droits syndicaux au sein de son usine de Chattanooga aux \u00c9tats-Unis, dans le Tennessee.<\/p><p>En violation des l\u00e9gislations du travail nationales et internationales, le g\u00e9ant de l&rsquo;automobile allemand refuse de n\u00e9gocier collectivement au sein de l&rsquo;usine de Chattanooga avec ses ouvriers qualifi\u00e9s qui ont pourtant <a href=\"http:\/\/www.industriall-union.org\/fr\/luaw-gagne-une-election-syndicale-chez-volkswagen-tennessee\">vot\u00e9 en d\u00e9cembre<\/a> pour choisir l&rsquo;affili\u00e9 d&rsquo;IndustriALL, l&rsquo;UAW (Syndicat uni des travailleurs de l&rsquo;automobile), en tant que repr\u00e9sentant exclusif dans le cadre de n\u00e9gociations collectives.<\/p><p><strong>Syndicalisation et campagnes<\/strong><\/p><p>Les projets de syndicalisation d&rsquo;IndustriALL partout dans le monde ont directement contribu\u00e9 \u00e0 ajouter un quart de million de nouveaux adh\u00e9rents syndicaux au cours des deux derni\u00e8res ann\u00e9es et ont permis de cr\u00e9er une culture de la syndicalisation qui a dans son ensemble produit des chiffres encore plus impressionnants.<\/p><p><a href=\"http:\/\/www.industriall-union.org\/fr\/bangladesh\">L&rsquo;Accord sur les mesures de s\u00e9curit\u00e9 qui ont trait aux incendies et aux b\u00e2timents au Bangladesh<\/a> a \u00e9t\u00e9 fondamental pour am\u00e9liorer la sant\u00e9 et la s\u00e9curit\u00e9 de millions de travailleurs de la confection du pays. Le Comit\u00e9 ex\u00e9cutif a approuv\u00e9 la mise en chantier d&rsquo;une proposition&nbsp; en vue d&rsquo;un nouvel Accord avec les enseignes d\u00e8s 2018, lorsque celui actuellement en vigueur expirera.<\/p><p>IndustriALL a un engagement au sein de l&rsquo;<a href=\"http:\/\/www.industriall-union.org\/fr\/negociation-dans-lindustrie-pour-des-salaires-decents\">initiative ACT et son Protocole d&rsquo;Accord<\/a> conclu avec 18 producteurs de v\u00eatements et visant \u00e0 promouvoir des n\u00e9gociations collectives sectorielles, ce qui est consid\u00e9r\u00e9 comme le premier m\u00e9canisme r\u00e9aliste permettant de mettre en place des r\u00e8gles du jeu \u00e9quitables au niveau des salaires des travailleurs et travailleuses de la confection.<\/p><p>Le Comit\u00e9 ex\u00e9cutif a ent\u00e9rin\u00e9 la d\u00e9cision de maintenir la pression sur <a href=\"http:\/\/www.industriall-union.org\/fr\/les-syndicats-de-rio-tinto-tissent-des-liens-de-solidarite-face-a-louverture-de-la-compagnie-a-leur\">Rio Tinto<\/a> jusqu&rsquo;\u00e0 ce que le g\u00e9ant minier am\u00e9liore ses pratiques sociales aux niveaux locaux. Des pourparlers avec lui sont en cours sur des principes syndicaux applicables au plan mondial ainsi que sur des structures r\u00e9gionales et mondiales qui permettraient le dialogue sur de telles normes et leur application.<\/p><p>IndustriALL compte \u00e9galement deux autres campagnes de premi\u00e8re importance contre <a href=\"http:\/\/www.industriall-union.org\/fr\/laction-antisyndicale-dhugo-boss-en-turquie-nuit-a-la-marque\">Hugo Boss<\/a> en Turquie avec Teksif et contre <a href=\"http:\/\/www.industriall-union.org\/fr\/industriall-proteste-contre-nissan-au-cio\">Nissan<\/a> aux \u00c9tats-Unis avec l&rsquo;UAW.<\/p><p><strong>Syndicats, changement climatique et durabilit\u00e9<\/strong><\/p><p>L&rsquo;Accord de Paris, sign\u00e9 en d\u00e9cembre 2015 en vue de r\u00e9duire les \u00e9missions de gaz \u00e0 effet de serre et de limiter le changement climatique, va avoir un impact significatif sur les secteurs relevant d&rsquo;IndustriALL. Les syndicats doivent s&rsquo;int\u00e9resser aux politiques publiques au niveau national et mettre en \u0153uvre des actions afin d&rsquo;assurer une Transition juste pour les travailleurs et travailleuses.<\/p><p><a href=\"http:\/\/www.industriall-union.org\/fr\/enquete-industrie-40-la-revolution-industrielle-qui-a-lieu-maintenant\">Industrie 4.0<\/a>, \u00e0 savoir l&rsquo;utilisation de technologies intelligentes et de donn\u00e9es en temps r\u00e9el pour accro\u00eetre la productivit\u00e9 et r\u00e9duire les co\u00fbts, pose des d\u00e9fis aux travailleurs et aux secteurs relevant d&rsquo;IndustriALL. Les syndicats doivent exercer leur influence pour assurer que les travailleurs et travailleuses obtiennent des conditions \u00e9quitables au sein de ce nouveau monde du travail. IndustriALL va d\u00e9velopper une politique des entreprises sur la num\u00e9risation et Industrie 4.0.<\/p><p><strong>Commerce<\/strong><\/p><p>Lors d&rsquo;un d\u00e9bat sur les trait\u00e9s commerciaux internationaux, des syndicats britanniques et indiens ont rapport\u00e9 les terribles effets sur leurs industries domestiques du dumping de la Chine sur l&rsquo;acier.<\/p><p>Jamshid Ahmadi, du Syndicat des m\u00e9tallurgistes et m\u00e9caniciens d&rsquo;Iran (UMMI), pr\u00e9sent en tant qu&rsquo;invit\u00e9, a appel\u00e9 le Comit\u00e9 ex\u00e9cutif \u00e0 continuer \u00e0 apporter son soutien aux travailleurs et travailleuses en Iran. Il a appel\u00e9 IndustriALL \u00e0 mettre la pression sur les entreprises multinationales en Iran, comme Peugeot et Renault, pour qu&rsquo;elles respectent les droits syndicaux et des travailleurs au sein du pays.<\/p><p>Jyrki Raina d\u00e9clar\u00e9&nbsp;:<\/p><blockquote><p>&ldquo;Ces d\u00e9bats positifs \u00e0 Francfort vont nous guider utilement dans nos pr\u00e9paratifs pour le deuxi\u00e8me Congr\u00e8s d&rsquo;IndustriALL \u00e0 Rio de Janeiro, o\u00f9 les acquis de nos quatre premi\u00e8res ann\u00e9es d&rsquo;existence vont \u00eatre \u00e9valu\u00e9s et la direction future de nos actions d\u00e9cid\u00e9e par plus de 1.000 d\u00e9l\u00e9gu\u00e9s. Maintenir l&rsquo;unit\u00e9 et d\u00e9velopper davantage une solidarit\u00e9 concr\u00e8te nous rendra plus forts face aux d\u00e9fis d&rsquo;une soci\u00e9t\u00e9 mondialis\u00e9e complexe au sein de laquelle de trop nombreux gouvernements et entreprises privent les travailleurs et travailleuses de l&rsquo;exercice de leurs droits fondamentaux.&rdquo;<\/p><\/blockquote>","protected":false},"featured_media":0,"template":"","issues":[396,406,412,420,392,413],"companies":[],"regions":[],"sectors":[],"article_tags":[511],"class_list":["post-150373","article","type-article","status-publish","hentry","issues-building-strong-unions","issues-confronting-global-capital","issues-social-justice-and-globalization","issues-solidarity","issues-sustainable-industrial-policy","issues-trade","article_tags-industriall"],"acf":[],"yoast_head":"<!-- This site is optimized with the Yoast SEO Premium plugin v27.1 (Yoast SEO v27.1) - https:\/\/yoast.com\/product\/yoast-seo-premium-wordpress\/ -->\n<title>L\u2019Ex\u00e9cutif d\u2019IndustriALL en ordre de marche pour le Congr\u00e8s de Rio - industriall-union<\/title>\n<meta name=\"description\" content=\"Une des discussions cl\u00e9s concernait les pr\u00e9paratifs du deuxi\u00e8me Congr\u00e8s d&rsquo;IndustriALL \u00e0 Rio de Janeiro en octobre et le r\u00e9cent coup de th\u00e9\u00e2tre\" \/>\n<meta name=\"robots\" content=\"index, follow, max-snippet:-1, max-image-preview:large, max-video-preview:-1\" \/>\n<link rel=\"canonical\" href=\"https:\/\/admin.industriall-union.org\/fr\/l-executif-d-industriall-en-ordre-de-marche-pour-le-congres-de-rio\/\" \/>\n<meta property=\"og:locale\" content=\"fr_FR\" \/>\n<meta property=\"og:type\" content=\"article\" \/>\n<meta property=\"og:title\" content=\"L\u2019Ex\u00e9cutif d\u2019IndustriALL en ordre de marche pour le Congr\u00e8s de Rio\" \/>\n<meta property=\"og:description\" content=\"Une des discussions cl\u00e9s concernait les pr\u00e9paratifs du deuxi\u00e8me Congr\u00e8s d&rsquo;IndustriALL \u00e0 Rio de Janeiro en octobre et le r\u00e9cent coup de th\u00e9\u00e2tre\" \/>\n<meta property=\"og:url\" content=\"https:\/\/admin.industriall-union.org\/fr\/l-executif-d-industriall-en-ordre-de-marche-pour-le-congres-de-rio\/\" \/>\n<meta property=\"og:site_name\" content=\"industriall-union\" \/>\n<meta property=\"article:modified_time\" content=\"2025-02-07T01:20:39+00:00\" \/>\n<meta name=\"twitter:card\" content=\"summary_large_image\" \/>\n<meta name=\"twitter:label1\" content=\"Est. reading time\" \/>\n\t<meta name=\"twitter:data1\" content=\"5 minutes\" \/>\n<script type=\"application\/ld+json\" class=\"yoast-schema-graph\">{\"@context\":\"https:\/\/schema.org\",\"@graph\":[{\"@type\":\"WebPage\",\"@id\":\"https:\/\/admin.industriall-union.org\/fr\/l-executif-d-industriall-en-ordre-de-marche-pour-le-congres-de-rio\/\",\"url\":\"https:\/\/admin.industriall-union.org\/fr\/l-executif-d-industriall-en-ordre-de-marche-pour-le-congres-de-rio\/\",\"name\":\"L\u2019Ex\u00e9cutif d\u2019IndustriALL en ordre de marche pour le Congr\u00e8s de Rio - industriall-union\",\"isPartOf\":{\"@id\":\"https:\/\/admin.industriall-union.org\/#website\"},\"datePublished\":\"2016-05-30T15:24:42+00:00\",\"dateModified\":\"2025-02-07T01:20:39+00:00\",\"description\":\"Une des discussions cl\u00e9s concernait les pr\u00e9paratifs du deuxi\u00e8me Congr\u00e8s d&rsquo;IndustriALL \u00e0 Rio de Janeiro en octobre et le r\u00e9cent coup de th\u00e9\u00e2tre\",\"breadcrumb\":{\"@id\":\"https:\/\/admin.industriall-union.org\/fr\/l-executif-d-industriall-en-ordre-de-marche-pour-le-congres-de-rio\/#breadcrumb\"},\"inLanguage\":\"fr-FR\",\"potentialAction\":[{\"@type\":\"ReadAction\",\"target\":[\"https:\/\/admin.industriall-union.org\/fr\/l-executif-d-industriall-en-ordre-de-marche-pour-le-congres-de-rio\/\"]}]},{\"@type\":\"BreadcrumbList\",\"@id\":\"https:\/\/admin.industriall-union.org\/fr\/l-executif-d-industriall-en-ordre-de-marche-pour-le-congres-de-rio\/#breadcrumb\",\"itemListElement\":[{\"@type\":\"ListItem\",\"position\":1,\"name\":\"Home\",\"item\":\"https:\/\/admin.industriall-union.org\/\"},{\"@type\":\"ListItem\",\"position\":2,\"name\":\"Articles\",\"item\":\"https:\/\/admin.industriall-union.org\/article\/\"},{\"@type\":\"ListItem\",\"position\":3,\"name\":\"L\u2019Ex\u00e9cutif d\u2019IndustriALL en ordre de marche pour le Congr\u00e8s de Rio\"}]},{\"@type\":\"WebSite\",\"@id\":\"https:\/\/admin.industriall-union.org\/#website\",\"url\":\"https:\/\/admin.industriall-union.org\/\",\"name\":\"industriall-union\",\"description\":\"\",\"potentialAction\":[{\"@type\":\"SearchAction\",\"target\":{\"@type\":\"EntryPoint\",\"urlTemplate\":\"https:\/\/admin.industriall-union.org\/?s={search_term_string}\"},\"query-input\":{\"@type\":\"PropertyValueSpecification\",\"valueRequired\":true,\"valueName\":\"search_term_string\"}}],\"inLanguage\":\"fr-FR\"}]}<\/script>\n<!-- \/ Yoast SEO Premium plugin. -->","yoast_head_json":{"title":"L\u2019Ex\u00e9cutif d\u2019IndustriALL en ordre de marche pour le Congr\u00e8s de Rio - industriall-union","description":"Une des discussions cl\u00e9s concernait les pr\u00e9paratifs du deuxi\u00e8me Congr\u00e8s d&rsquo;IndustriALL \u00e0 Rio de Janeiro en octobre et le r\u00e9cent coup de th\u00e9\u00e2tre","robots":{"index":"index","follow":"follow","max-snippet":"max-snippet:-1","max-image-preview":"max-image-preview:large","max-video-preview":"max-video-preview:-1"},"canonical":"https:\/\/admin.industriall-union.org\/fr\/l-executif-d-industriall-en-ordre-de-marche-pour-le-congres-de-rio\/","og_locale":"fr_FR","og_type":"article","og_title":"L\u2019Ex\u00e9cutif d\u2019IndustriALL en ordre de marche pour le Congr\u00e8s de Rio","og_description":"Une des discussions cl\u00e9s concernait les pr\u00e9paratifs du deuxi\u00e8me Congr\u00e8s d&rsquo;IndustriALL \u00e0 Rio de Janeiro en octobre et le r\u00e9cent coup de th\u00e9\u00e2tre","og_url":"https:\/\/admin.industriall-union.org\/fr\/l-executif-d-industriall-en-ordre-de-marche-pour-le-congres-de-rio\/","og_site_name":"industriall-union","article_modified_time":"2025-02-07T01:20:39+00:00","twitter_card":"summary_large_image","twitter_misc":{"Est. reading time":"5 minutes"},"schema":{"@context":"https:\/\/schema.org","@graph":[{"@type":"WebPage","@id":"https:\/\/admin.industriall-union.org\/fr\/l-executif-d-industriall-en-ordre-de-marche-pour-le-congres-de-rio\/","url":"https:\/\/admin.industriall-union.org\/fr\/l-executif-d-industriall-en-ordre-de-marche-pour-le-congres-de-rio\/","name":"L\u2019Ex\u00e9cutif d\u2019IndustriALL en ordre de marche pour le Congr\u00e8s de Rio - industriall-union","isPartOf":{"@id":"https:\/\/admin.industriall-union.org\/#website"},"datePublished":"2016-05-30T15:24:42+00:00","dateModified":"2025-02-07T01:20:39+00:00","description":"Une des discussions cl\u00e9s concernait les pr\u00e9paratifs du deuxi\u00e8me Congr\u00e8s d&rsquo;IndustriALL \u00e0 Rio de Janeiro en octobre et le r\u00e9cent coup de th\u00e9\u00e2tre","breadcrumb":{"@id":"https:\/\/admin.industriall-union.org\/fr\/l-executif-d-industriall-en-ordre-de-marche-pour-le-congres-de-rio\/#breadcrumb"},"inLanguage":"fr-FR","potentialAction":[{"@type":"ReadAction","target":["https:\/\/admin.industriall-union.org\/fr\/l-executif-d-industriall-en-ordre-de-marche-pour-le-congres-de-rio\/"]}]},{"@type":"BreadcrumbList","@id":"https:\/\/admin.industriall-union.org\/fr\/l-executif-d-industriall-en-ordre-de-marche-pour-le-congres-de-rio\/#breadcrumb","itemListElement":[{"@type":"ListItem","position":1,"name":"Home","item":"https:\/\/admin.industriall-union.org\/"},{"@type":"ListItem","position":2,"name":"Articles","item":"https:\/\/admin.industriall-union.org\/article\/"},{"@type":"ListItem","position":3,"name":"L\u2019Ex\u00e9cutif d\u2019IndustriALL en ordre de marche pour le Congr\u00e8s de Rio"}]},{"@type":"WebSite","@id":"https:\/\/admin.industriall-union.org\/#website","url":"https:\/\/admin.industriall-union.org\/","name":"industriall-union","description":"","potentialAction":[{"@type":"SearchAction","target":{"@type":"EntryPoint","urlTemplate":"https:\/\/admin.industriall-union.org\/?s={search_term_string}"},"query-input":{"@type":"PropertyValueSpecification","valueRequired":true,"valueName":"search_term_string"}}],"inLanguage":"fr-FR"}]}},"_links":{"self":[{"href":"https:\/\/admin.industriall-union.org\/fr\/wp-json\/wp\/v2\/article\/150373","targetHints":{"allow":["GET"]}}],"collection":[{"href":"https:\/\/admin.industriall-union.org\/fr\/wp-json\/wp\/v2\/article"}],"about":[{"href":"https:\/\/admin.industriall-union.org\/fr\/wp-json\/wp\/v2\/types\/article"}],"wp:attachment":[{"href":"https:\/\/admin.industriall-union.org\/fr\/wp-json\/wp\/v2\/media?parent=150373"}],"wp:term":[{"taxonomy":"issues","embeddable":true,"href":"https:\/\/admin.industriall-union.org\/fr\/wp-json\/wp\/v2\/issues?post=150373"},{"taxonomy":"companies","embeddable":true,"href":"https:\/\/admin.industriall-union.org\/fr\/wp-json\/wp\/v2\/companies?post=150373"},{"taxonomy":"regions","embeddable":true,"href":"https:\/\/admin.industriall-union.org\/fr\/wp-json\/wp\/v2\/regions?post=150373"},{"taxonomy":"sectors","embeddable":true,"href":"https:\/\/admin.industriall-union.org\/fr\/wp-json\/wp\/v2\/sectors?post=150373"},{"taxonomy":"article_tags","embeddable":true,"href":"https:\/\/admin.industriall-union.org\/fr\/wp-json\/wp\/v2\/article_tags?post=150373"}],"curies":[{"name":"wp","href":"https:\/\/api.w.org\/{rel}","templated":true}]}}