{"id":150367,"date":"2016-06-02T13:14:50","date_gmt":"2016-06-02T13:14:50","guid":{"rendered":"https:\/\/admin.industriall-union.org\/les-syndicats-des-travailleurs-des-mines-ripostent-a-la-crise-actuelle-des-matieres-premieres\/"},"modified":"2025-02-07T01:11:10","modified_gmt":"2025-02-07T01:11:10","slug":"les-syndicats-des-travailleurs-des-mines-ripostent-a-la-crise-actuelle-des-matieres-premieres","status":"publish","type":"article","link":"https:\/\/admin.industriall-union.org\/fr\/les-syndicats-des-travailleurs-des-mines-ripostent-a-la-crise-actuelle-des-matieres-premieres\/","title":{"rendered":"Les syndicats des travailleurs des mines ripostent \u00e0 la crise actuelle des mati\u00e8res premi\u00e8res"},"content":{"rendered":"<p>Cent-dix repr\u00e9sentants de 50 syndicats provenant de 32 pays r\u00e9partis sur tous les continents se sont r\u00e9unis pour participer \u00e0 la conf\u00e9rence de la Section des mines et de la production des diamants, pierres pr\u00e9cieuses, ornements et bijoux (DGOJP). La conf\u00e9rence a port\u00e9 principalement sur les impacts de la crise mondiale des mati\u00e8res premi\u00e8res sur l&rsquo;industrie mini\u00e8re.<br \/>&nbsp;<br \/>Prenant la parole \u00e0 la s\u00e9ance d&rsquo;ouverture de la conf\u00e9rence, le Secr\u00e9taire g\u00e9n\u00e9ral adjoint d&rsquo;IndustriALL, Kemal \u00d6zkan, a d\u00e9clar\u00e9 :<br \/>&nbsp;<br \/>&laquo;&nbsp;La crise financi\u00e8re de 2008 a \u00e9t\u00e9 suivie d&rsquo;un boom des mati\u00e8res premi\u00e8res, caus\u00e9 par la demande chinoise, qui a conduit \u00e0 une expansion irresponsable du secteur minier financ\u00e9e par l&rsquo;endettement.<br \/>&nbsp;<br \/>&laquo;&nbsp;Actuellement, les cours des mati\u00e8res premi\u00e8res s&rsquo;effondrent et la productivit\u00e9 conna\u00eet une crise. Les compagnies mini\u00e8res cherchent d\u00e9sesp\u00e9r\u00e9ment \u00e0 abaisser les co\u00fbts&nbsp;&raquo;. &nbsp;<br \/>&nbsp;<br \/>&laquo;&nbsp;D\u00e8s lors, des milliers d&rsquo;emplois ont \u00e9t\u00e9 perdus, le recours \u00e0 l&rsquo;externalisation a \u00e9t\u00e9 accru, les mesures de sant\u00e9 et de s\u00e9curit\u00e9 ont \u00e9t\u00e9 r\u00e9duites, et les pressions exerc\u00e9es sur l&rsquo;environnement et les communaut\u00e9s locales ont augment\u00e9.<br \/>&nbsp;<br \/>Nous devons r\u00e9pondre \u00e0 ces probl\u00e8mes en \u00e9tablissant un pouvoir syndical qui nous permettra de cr\u00e9er une industrie mini\u00e8re s\u00fbre et durable&nbsp;&raquo;.<\/p><p>Le directeur d&rsquo;IndustriALL pour le secteur, Glen Mpufane, a fait une pr\u00e9sentation d\u00e9taill\u00e9e de l&rsquo;\u00e9tat de l&rsquo;industrie, et des priorit\u00e9s que devraient avoir les syndicats.<br \/>&nbsp;<br \/>&laquo;&nbsp;L&rsquo;industrie mini\u00e8re fuit les probl\u00e8mes qu&rsquo;elle cr\u00e9e&nbsp;&raquo;, a-t-il indiqu\u00e9.<br \/>&nbsp;<br \/>&laquo;&nbsp;Une catastrophe environnementale, des communaut\u00e9s bris\u00e9es. L&rsquo;industrie mini\u00e8re externalise. Les compagnies mini\u00e8res ont toujours agi de cette fa\u00e7on, mais la crise des mati\u00e8res premi\u00e8res a aggrav\u00e9 la situation. Cette r\u00e9alit\u00e9 a des cons\u00e9quences d\u00e9sastreuses sur les travailleurs des mines, l&rsquo;environnement et les populations locales.<br \/>&nbsp;<br \/>&laquo;&nbsp;Nous avons besoin d&rsquo;une action syndicale mondiale coordonn\u00e9e pour affronter efficacement ces compagnies mini\u00e8res, et c&rsquo;est le r\u00e9sultat auquel nous allons parvenir au cours de cette conf\u00e9rence&nbsp;&raquo;. &nbsp;<br \/>&nbsp;<br \/>La conf\u00e9rence a comport\u00e9 une s\u00e9rie de tables-rondes, suivies de l&rsquo;\u00e9laboration et de l&rsquo;adoption d&rsquo;un plan d&rsquo;action, et de l&rsquo;\u00e9lection des copr\u00e9sidents.<br \/>&nbsp;<br \/>Au cours d&rsquo;une <a href=\"https:\/\/www.facebook.com\/IndustriALLGlobalUnion\/posts\/1047574818663186\">r\u00e9union-d\u00e9bat<\/a> sur les effets de la crise des mati\u00e8res premi\u00e8res, L\u00fa Varj\u00e3o, CNQ-CUT, Br\u00e9sil, a \u00e9voqu\u00e9 l&rsquo;effondrement du barrage de Bento Rodrigues en novembre 2015. Ce barrage de r\u00e9tention des r\u00e9sidus de minerai de fer provenant d&rsquo;une mine appartenant \u00e0 BHP Billiton et \u00e0 Vale, a inond\u00e9 la vall\u00e9e surplombant la ville de Mariana, tuant 19 personnes et polluant le bassin fluvial. Des d\u00e9cennies seront n\u00e9cessaires \u00e0 la restauration de la zone.<br \/>&nbsp;<br \/>Bien qu&rsquo;elles aient \u00e9t\u00e9 pr\u00e9venues depuis des ann\u00e9es de la dangerosit\u00e9 des structures des installations de la mine, les compagnies n&rsquo;ont rien fait.<br \/>&nbsp;<br \/>Le <a href=\"https:\/\/www.facebook.com\/IndustriALLGlobalUnion\/posts\/1047655538655114\">groupe de travail sur la durabilit\u00e9 et le changement climatique<\/a> a eu des discussions passionn\u00e9es sur la question de la conciliation de la n\u00e9cessit\u00e9 de prot\u00e9ger les emplois avec la r\u00e9alit\u00e9 de la crise climatique.<br \/>&nbsp;<br \/>&laquo;&nbsp;Il ne s&rsquo;agit pas d&rsquo;opposer les emplois au climat&nbsp;&raquo;, a d\u00e9clar\u00e9 le directeur pour la durabilit\u00e9, Brian Kohler. &laquo;&nbsp;Il s&rsquo;agit de prendre en compte le climat et les emplois&nbsp;&raquo;.<br \/>&nbsp;<br \/>L&rsquo;affili\u00e9 allemand d&rsquo;IG BCE a fait part de son exp\u00e9rience en mati\u00e8re d&rsquo;abandon du charbon, encadr\u00e9 par la mise en place des mesures de protection sociale&nbsp;; et les repr\u00e9sentants du syndicat ont attir\u00e9 l&rsquo;attention sur le fait qu&rsquo;une Transition \u00e9quitable doit g\u00e9n\u00e9rer des emplois de qualit\u00e9.<br \/>&nbsp;<br \/>&laquo;&nbsp;Une transition \u00e9quitable signifie des emplois bien pay\u00e9s, non pr\u00e9caires, que les travailleurs n&rsquo;ont pas honte d&rsquo;occuper&nbsp;&raquo;, a indiqu\u00e9 Andrew Vickers, CFMEU, Australie.<br \/>&nbsp;<br \/>Un accent a \u00e9galement \u00e9t\u00e9 mis sur la campagne men\u00e9e pour <a href=\"http:\/\/www.industriall-union.org\/c176\">ratifier la Convention (n&deg; 176) de l&rsquo;OIT sur la s\u00e9curit\u00e9 et la sant\u00e9 dans les mines<\/a>. Steve Hunt, de Workers&rsquo; Uniting North America, <a href=\"https:\/\/www.facebook.com\/IndustriALLGlobalUnion\/posts\/1048301548590513\">a rappel\u00e9<\/a> qu&rsquo;il avait fait partie du Groupe de travailleurs ayant n\u00e9goci\u00e9 la convention en 1995. &laquo;&nbsp;Je suis choqu\u00e9 par la situation actuelle. Seuls 31 pays ont ratifi\u00e9 la Convention et les mineurs continuent de mourir&nbsp;&raquo;.<br \/>&nbsp;<br \/>Le nombre d&rsquo;<a href=\"https:\/\/www.facebook.com\/IndustriALLGlobalUnion\/posts\/1048215415265793\">emplois pr\u00e9caires<\/a> a fait un bond, certaines compagnies, notamment BHP Billiton, employant davantage de prestataires ext\u00e9rieurs que de travailleurs directs b\u00e9n\u00e9ficiant de contrats \u00e0 dur\u00e9e ind\u00e9termin\u00e9e. &laquo;&nbsp;Les compagnies mini\u00e8res deviennent comme les compagnies textiles&nbsp;&raquo;, a indiqu\u00e9 Armelle Seby, coordinatrice pour les emplois pr\u00e9caires pour IndustriALL. &laquo;&nbsp;Certaines marques mondiales externalisent une grande partie de leurs activit\u00e9s&nbsp;&raquo;.<br \/>&nbsp;<br \/>La conf\u00e9rence a convenu de la n\u00e9cessit\u00e9 de constituer un pouvoir syndical, aussi bien en renfor\u00e7ant les syndicats locaux qu&rsquo;en \u00e9tablissant des r\u00e9seaux mondiaux.<br \/>&nbsp;<br \/>&laquo;&nbsp;Nous devons d\u00e9velopper une culture de syndicalisation au sein de nos syndicats&nbsp;&raquo;, <a href=\"https:\/\/www.facebook.com\/IndustriALLGlobalUnion\/posts\/1048167755270559\">a indiqu\u00e9<\/a> le directeur de campagnes, Adam Lee. &laquo;&nbsp;Cependant, il est tout aussi important d&rsquo;accro\u00eetre le militantisme et la solidarit\u00e9 entre nos membres. Nous ne pouvons pas gagner avec des membres passifs.&nbsp;&raquo;<br \/>&nbsp;<br \/>Les repr\u00e9sentants ont plaid\u00e9 en faveur de l&rsquo;unit\u00e9 dans l&rsquo;action. Il est essentiel que les syndicats coordonnent leurs campagnes lorsqu&rsquo;ils ne sont pas les seuls \u00e0 syndicaliser le secteur.<br \/>&nbsp;<br \/>La conf\u00e9rence a \u00e9galement reconnu l&rsquo;importance des r\u00e9seaux mondiaux d&rsquo;entreprises pour faire face aux capitaux mondiaux ainsi que l&rsquo;importance de mettre en place des campagnes ciblant les compagnies mini\u00e8res multinationales. Les progr\u00e8s r\u00e9alis\u00e9s gr\u00e2ce \u00e0 la campagne de Rio Tinto a conduit au lancement d&rsquo;un r\u00e9seau syndical mondial au sein de BHP Billiton.<br \/>&nbsp;<br \/>Andrew Vickers, de la Section des mines et de l&rsquo;\u00e9nergie du CFMEU, Australie, et Lucineide Varj\u00e3o Soares (L\u00fa), CNQ-CUT, municipalit\u00e9 br\u00e9silienne de Varj\u00e3o, ont \u00e9t\u00e9 \u00e9lus en qualit\u00e9 de copr\u00e9sidents de la section. La conf\u00e9rence a \u00e9galement adopt\u00e9 \u00e0 l&rsquo;unanimit\u00e9 un plan d&rsquo;action qui comporte une strat\u00e9gie d\u00e9taill\u00e9e ayant pour objectif de transformer l&rsquo;industrie. Enfin, les d\u00e9l\u00e9gu\u00e9s ont approuv\u00e9 \u00e0 l&rsquo;unanimit\u00e9 une r\u00e9solution en solidarit\u00e9 avec les mineurs espagnols apr\u00e8s l&rsquo;annonce r\u00e9cente du Gouvernement espagnol d&rsquo;arr\u00eater l&rsquo;aide financi\u00e8re allou\u00e9e et de fermer les puits d&rsquo;ici \u00e0 2018.<br \/>&nbsp;<br \/>Des manifestations ont eu lieu en marge de la Conf\u00e9rence mondiale. Les syndicats repr\u00e9sentants les travailleurs employ\u00e9s par la soci\u00e9t\u00e9 BHP Billiton, se sont r\u00e9unis avant la Conf\u00e9rence, et ont convenu d&rsquo;accro\u00eetre le travail en r\u00e9seau au sein de cette gigantesque compagnie mini\u00e8re multinationale. Le r\u00e9seau BHP Billiton se r\u00e9unira plus tard dans l&rsquo;ann\u00e9e. De m\u00eame, en vertu de la r\u00e9solution adopt\u00e9e \u00e0 la conf\u00e9rence, les repr\u00e9sentants des syndicats du sous-secteur de la production des diamants, pierres pr\u00e9cieuses, ornements et bijoux (DGOJP), se sont r\u00e9unis apr\u00e8s la Conf\u00e9rence et ont d\u00e9cid\u00e9 d&rsquo;intensifier les activit\u00e9s d&rsquo;IndustriALL pour la p\u00e9riode \u00e0 venir sur la base d&rsquo;un plan d&rsquo;action concret.<br \/>&nbsp;<br \/>&laquo;&nbsp;Nos affili\u00e9s du secteur minier ont, \u00e0 nouveau, montr\u00e9 leur ferme volont\u00e9 de d\u00e9velopper la solidarit\u00e9 internationale&nbsp;&raquo;, a d\u00e9clar\u00e9 Kemal \u00d6zkan.<br \/>&nbsp;<br \/>&laquo;&nbsp;IndustriALL Global Union continuera \u00e0 d\u00e9fendre et \u00e0 faire progresser les droits et les int\u00e9r\u00eats des mineurs \u00e0 travers le monde &raquo;.<\/p>","protected":false},"featured_media":0,"template":"","issues":[],"companies":[],"regions":[],"sectors":[],"article_tags":[],"class_list":["post-150367","article","type-article","status-publish","hentry"],"acf":[],"yoast_head":"<!-- This site is optimized with the Yoast SEO Premium plugin v27.1 (Yoast SEO v27.1) - https:\/\/yoast.com\/product\/yoast-seo-premium-wordpress\/ -->\n<title>Les syndicats des travailleurs des mines ripostent \u00e0 la crise actuelle des mati\u00e8res premi\u00e8res - industriall-union<\/title>\n<meta name=\"description\" content=\"Cent-dix repr\u00e9sentants de 50 syndicats provenant de 32 pays r\u00e9partis sur tous les continents se sont r\u00e9unis pour participer \u00e0 la conf\u00e9rence de la Section\" \/>\n<meta name=\"robots\" content=\"index, follow, max-snippet:-1, max-image-preview:large, max-video-preview:-1\" \/>\n<link rel=\"canonical\" href=\"https:\/\/admin.industriall-union.org\/fr\/les-syndicats-des-travailleurs-des-mines-ripostent-a-la-crise-actuelle-des-matieres-premieres\/\" \/>\n<meta property=\"og:locale\" content=\"fr_FR\" \/>\n<meta property=\"og:type\" content=\"article\" \/>\n<meta property=\"og:title\" content=\"Les syndicats des travailleurs des mines ripostent \u00e0 la crise actuelle des mati\u00e8res premi\u00e8res\" \/>\n<meta property=\"og:description\" content=\"Cent-dix repr\u00e9sentants de 50 syndicats provenant de 32 pays r\u00e9partis sur tous les continents se sont r\u00e9unis pour participer \u00e0 la conf\u00e9rence de la Section\" \/>\n<meta property=\"og:url\" content=\"https:\/\/admin.industriall-union.org\/fr\/les-syndicats-des-travailleurs-des-mines-ripostent-a-la-crise-actuelle-des-matieres-premieres\/\" \/>\n<meta property=\"og:site_name\" content=\"industriall-union\" \/>\n<meta property=\"article:modified_time\" content=\"2025-02-07T01:11:10+00:00\" \/>\n<meta name=\"twitter:card\" content=\"summary_large_image\" \/>\n<meta name=\"twitter:label1\" content=\"Est. reading time\" \/>\n\t<meta name=\"twitter:data1\" content=\"7 minutes\" \/>\n<script type=\"application\/ld+json\" class=\"yoast-schema-graph\">{\"@context\":\"https:\/\/schema.org\",\"@graph\":[{\"@type\":\"WebPage\",\"@id\":\"https:\/\/admin.industriall-union.org\/fr\/les-syndicats-des-travailleurs-des-mines-ripostent-a-la-crise-actuelle-des-matieres-premieres\/\",\"url\":\"https:\/\/admin.industriall-union.org\/fr\/les-syndicats-des-travailleurs-des-mines-ripostent-a-la-crise-actuelle-des-matieres-premieres\/\",\"name\":\"Les syndicats des travailleurs des mines ripostent \u00e0 la crise actuelle des mati\u00e8res premi\u00e8res - industriall-union\",\"isPartOf\":{\"@id\":\"https:\/\/admin.industriall-union.org\/#website\"},\"datePublished\":\"2016-06-02T13:14:50+00:00\",\"dateModified\":\"2025-02-07T01:11:10+00:00\",\"description\":\"Cent-dix repr\u00e9sentants de 50 syndicats provenant de 32 pays r\u00e9partis sur tous les continents se sont r\u00e9unis pour participer \u00e0 la conf\u00e9rence de la Section\",\"breadcrumb\":{\"@id\":\"https:\/\/admin.industriall-union.org\/fr\/les-syndicats-des-travailleurs-des-mines-ripostent-a-la-crise-actuelle-des-matieres-premieres\/#breadcrumb\"},\"inLanguage\":\"fr-FR\",\"potentialAction\":[{\"@type\":\"ReadAction\",\"target\":[\"https:\/\/admin.industriall-union.org\/fr\/les-syndicats-des-travailleurs-des-mines-ripostent-a-la-crise-actuelle-des-matieres-premieres\/\"]}]},{\"@type\":\"BreadcrumbList\",\"@id\":\"https:\/\/admin.industriall-union.org\/fr\/les-syndicats-des-travailleurs-des-mines-ripostent-a-la-crise-actuelle-des-matieres-premieres\/#breadcrumb\",\"itemListElement\":[{\"@type\":\"ListItem\",\"position\":1,\"name\":\"Home\",\"item\":\"https:\/\/admin.industriall-union.org\/\"},{\"@type\":\"ListItem\",\"position\":2,\"name\":\"Articles\",\"item\":\"https:\/\/admin.industriall-union.org\/article\/\"},{\"@type\":\"ListItem\",\"position\":3,\"name\":\"Les syndicats des travailleurs des mines ripostent \u00e0 la crise actuelle des mati\u00e8res premi\u00e8res\"}]},{\"@type\":\"WebSite\",\"@id\":\"https:\/\/admin.industriall-union.org\/#website\",\"url\":\"https:\/\/admin.industriall-union.org\/\",\"name\":\"industriall-union\",\"description\":\"\",\"potentialAction\":[{\"@type\":\"SearchAction\",\"target\":{\"@type\":\"EntryPoint\",\"urlTemplate\":\"https:\/\/admin.industriall-union.org\/?s={search_term_string}\"},\"query-input\":{\"@type\":\"PropertyValueSpecification\",\"valueRequired\":true,\"valueName\":\"search_term_string\"}}],\"inLanguage\":\"fr-FR\"}]}<\/script>\n<!-- \/ Yoast SEO Premium plugin. -->","yoast_head_json":{"title":"Les syndicats des travailleurs des mines ripostent \u00e0 la crise actuelle des mati\u00e8res premi\u00e8res - industriall-union","description":"Cent-dix repr\u00e9sentants de 50 syndicats provenant de 32 pays r\u00e9partis sur tous les continents se sont r\u00e9unis pour participer \u00e0 la conf\u00e9rence de la Section","robots":{"index":"index","follow":"follow","max-snippet":"max-snippet:-1","max-image-preview":"max-image-preview:large","max-video-preview":"max-video-preview:-1"},"canonical":"https:\/\/admin.industriall-union.org\/fr\/les-syndicats-des-travailleurs-des-mines-ripostent-a-la-crise-actuelle-des-matieres-premieres\/","og_locale":"fr_FR","og_type":"article","og_title":"Les syndicats des travailleurs des mines ripostent \u00e0 la crise actuelle des mati\u00e8res premi\u00e8res","og_description":"Cent-dix repr\u00e9sentants de 50 syndicats provenant de 32 pays r\u00e9partis sur tous les continents se sont r\u00e9unis pour participer \u00e0 la conf\u00e9rence de la Section","og_url":"https:\/\/admin.industriall-union.org\/fr\/les-syndicats-des-travailleurs-des-mines-ripostent-a-la-crise-actuelle-des-matieres-premieres\/","og_site_name":"industriall-union","article_modified_time":"2025-02-07T01:11:10+00:00","twitter_card":"summary_large_image","twitter_misc":{"Est. reading time":"7 minutes"},"schema":{"@context":"https:\/\/schema.org","@graph":[{"@type":"WebPage","@id":"https:\/\/admin.industriall-union.org\/fr\/les-syndicats-des-travailleurs-des-mines-ripostent-a-la-crise-actuelle-des-matieres-premieres\/","url":"https:\/\/admin.industriall-union.org\/fr\/les-syndicats-des-travailleurs-des-mines-ripostent-a-la-crise-actuelle-des-matieres-premieres\/","name":"Les syndicats des travailleurs des mines ripostent \u00e0 la crise actuelle des mati\u00e8res premi\u00e8res - industriall-union","isPartOf":{"@id":"https:\/\/admin.industriall-union.org\/#website"},"datePublished":"2016-06-02T13:14:50+00:00","dateModified":"2025-02-07T01:11:10+00:00","description":"Cent-dix repr\u00e9sentants de 50 syndicats provenant de 32 pays r\u00e9partis sur tous les continents se sont r\u00e9unis pour participer \u00e0 la conf\u00e9rence de la Section","breadcrumb":{"@id":"https:\/\/admin.industriall-union.org\/fr\/les-syndicats-des-travailleurs-des-mines-ripostent-a-la-crise-actuelle-des-matieres-premieres\/#breadcrumb"},"inLanguage":"fr-FR","potentialAction":[{"@type":"ReadAction","target":["https:\/\/admin.industriall-union.org\/fr\/les-syndicats-des-travailleurs-des-mines-ripostent-a-la-crise-actuelle-des-matieres-premieres\/"]}]},{"@type":"BreadcrumbList","@id":"https:\/\/admin.industriall-union.org\/fr\/les-syndicats-des-travailleurs-des-mines-ripostent-a-la-crise-actuelle-des-matieres-premieres\/#breadcrumb","itemListElement":[{"@type":"ListItem","position":1,"name":"Home","item":"https:\/\/admin.industriall-union.org\/"},{"@type":"ListItem","position":2,"name":"Articles","item":"https:\/\/admin.industriall-union.org\/article\/"},{"@type":"ListItem","position":3,"name":"Les syndicats des travailleurs des mines ripostent \u00e0 la crise actuelle des mati\u00e8res premi\u00e8res"}]},{"@type":"WebSite","@id":"https:\/\/admin.industriall-union.org\/#website","url":"https:\/\/admin.industriall-union.org\/","name":"industriall-union","description":"","potentialAction":[{"@type":"SearchAction","target":{"@type":"EntryPoint","urlTemplate":"https:\/\/admin.industriall-union.org\/?s={search_term_string}"},"query-input":{"@type":"PropertyValueSpecification","valueRequired":true,"valueName":"search_term_string"}}],"inLanguage":"fr-FR"}]}},"_links":{"self":[{"href":"https:\/\/admin.industriall-union.org\/fr\/wp-json\/wp\/v2\/article\/150367","targetHints":{"allow":["GET"]}}],"collection":[{"href":"https:\/\/admin.industriall-union.org\/fr\/wp-json\/wp\/v2\/article"}],"about":[{"href":"https:\/\/admin.industriall-union.org\/fr\/wp-json\/wp\/v2\/types\/article"}],"wp:attachment":[{"href":"https:\/\/admin.industriall-union.org\/fr\/wp-json\/wp\/v2\/media?parent=150367"}],"wp:term":[{"taxonomy":"issues","embeddable":true,"href":"https:\/\/admin.industriall-union.org\/fr\/wp-json\/wp\/v2\/issues?post=150367"},{"taxonomy":"companies","embeddable":true,"href":"https:\/\/admin.industriall-union.org\/fr\/wp-json\/wp\/v2\/companies?post=150367"},{"taxonomy":"regions","embeddable":true,"href":"https:\/\/admin.industriall-union.org\/fr\/wp-json\/wp\/v2\/regions?post=150367"},{"taxonomy":"sectors","embeddable":true,"href":"https:\/\/admin.industriall-union.org\/fr\/wp-json\/wp\/v2\/sectors?post=150367"},{"taxonomy":"article_tags","embeddable":true,"href":"https:\/\/admin.industriall-union.org\/fr\/wp-json\/wp\/v2\/article_tags?post=150367"}],"curies":[{"name":"wp","href":"https:\/\/api.w.org\/{rel}","templated":true}]}}