{"id":150349,"date":"2016-06-16T15:36:42","date_gmt":"2016-06-16T15:36:42","guid":{"rendered":"https:\/\/admin.industriall-union.org\/les-violations-des-droits-des-travailleurs-sous-les-projecteurs-de-l-oit\/"},"modified":"2025-02-07T00:58:14","modified_gmt":"2025-02-07T00:58:14","slug":"les-violations-des-droits-des-travailleurs-sous-les-projecteurs-de-l-oit","status":"publish","type":"article","link":"https:\/\/admin.industriall-union.org\/fr\/les-violations-des-droits-des-travailleurs-sous-les-projecteurs-de-l-oit\/","title":{"rendered":"Les violations des droits des travailleurs sous les projecteurs de l\u2019OIT"},"content":{"rendered":"<p>En juin, la Commission de l&rsquo;OIT de l&rsquo;application des normes (ci-apr\u00e8s d\u00e9nomm\u00e9e &laquo;&nbsp;la Commission des normes&nbsp;&raquo;) a trait\u00e9 un certain nombre de plaintes pour violation des droits des travailleurs, en portant une attention particuli\u00e8re sur les pays tels que le Bangladesh, le Cambodge, l&rsquo;Indon\u00e9sie et le Mexique.<\/p><p>Les repr\u00e9sentants des syndicats bangladais ont indiqu\u00e9 \u00e0 la Commission que l&rsquo;exercice de la libert\u00e9 syndicale demeurait un probl\u00e8me bien que des progr\u00e8s en mati\u00e8re d&rsquo;am\u00e9lioration de la s\u00e9curit\u00e9 aient \u00e9t\u00e9 accomplis dans l&rsquo;importante industrie du v\u00eatement.<\/p><p>Au lendemain de la catastrophe de 2013 du Rana Plaza, un grand nombre de nouveaux syndicats ont \u00e9t\u00e9 enregistr\u00e9s dans l&rsquo;industrie bangladaise de la confection. N\u00e9anmoins, au cours de ces deux derni\u00e8res ann\u00e9es, l&rsquo;inscription des syndicats est devenue de plus en plus difficile, avec un taux de rejet des nouvelles inscriptions d&rsquo;environ 70 pour cent, notamment celles provenant des syndicats ind\u00e9pendants.<\/p><p>La Secr\u00e9taire r\u00e9gionale d&rsquo;IndustriALL, Apoorva Kaiwar, a expliqu\u00e9 \u00e0 la Commission des normes que l&rsquo;antisyndicalisme muscl\u00e9 op\u00e9r\u00e9 par la direction a conduit \u00e0 une diminution du nombre des syndicats actifs, laissant les travailleurs avec peu ou pas de protection contre les employeurs. En outre, les syndicats sont totalement interdits dans les zones franches d&rsquo;exportation du Bangladesh.<\/p><p>En raison du climat antisyndical croissant dans le pays et des faibles efforts d\u00e9ploy\u00e9s par le gouvernement pour garantir les droits des travailleurs d\u00e9coulant de la Convention (n&deg; 87) de l&rsquo;OIT sur la libert\u00e9 syndicale et la protection du droit syndical, la Commission des normes de l&rsquo;OIT a inscrit le pays sur sa &laquo;&nbsp;liste noire&nbsp;&raquo;, \u00e9galement connu sous le nom de &laquo;&nbsp;paragraphe sp\u00e9cial&nbsp;&raquo;.<\/p><p>Les repr\u00e9sentants des travailleurs d&rsquo;Indon\u00e9sie ont t\u00e9moign\u00e9 des violentes attaques perp\u00e9tr\u00e9es contre les travailleurs par la police et des voyous arm\u00e9s.<\/p><p>Prihanani Boenadi, membre de l&rsquo;affili\u00e9 d&rsquo;IndustriALL FSPMI, a adress\u00e9 au gouvernement un appel pour arr\u00eater les violations \u00e0 l&rsquo;encontre des travailleurs et ne pas utiliser l&rsquo;argument de la s\u00e9curit\u00e9 de l&rsquo;Etat pour supprimer le droit \u00e0 la libert\u00e9 syndicale, comme cela s&rsquo;est produit en novembre 2015 lorsque <a href=\"http:\/\/www.industriall-union.org\/fr\/indonesie-actes-de-violence-contre-une-manifestation-syndicale\" target=\"_self\">25 manifestants ont \u00e9t\u00e9 arr\u00eat\u00e9s<\/a> \u00e0 Jakarta pour avoir manifest\u00e9 contre leur exclusion du processus de fixation des salaires.<\/p><p>La Commission des normes &laquo;&nbsp;a exprim\u00e9 sa vive pr\u00e9occupation \u00e0 l&rsquo;\u00e9gard des nombreuses all\u00e9gations&nbsp;&raquo; et a enjoint le gouvernement indon\u00e9sien de veiller \u00e0 la libre syndicalisation des travailleurs et \u00e0 la poursuite des personnes responsables des actes de violence.<\/p><p>Ath Thorn, membre de l&rsquo;affili\u00e9 cambodgien d&rsquo;IndustriALL CCAWDU, a fait part de la violence perp\u00e9tr\u00e9e contre les leaders syndicaux, des licenciements ill\u00e9gaux des leaders syndicaux, de l&rsquo;ing\u00e9rence de l&rsquo;Etat, des contrats \u00e0 courte dur\u00e9e et de la discrimination contre les travailleuses enceintes.<\/p><p>La Commission a d\u00e9cid\u00e9 d&rsquo;envoyer une mission de contacts directs de l&rsquo;OIT au Cambodge, en Indon\u00e9sie, aux &nbsp;Philippines, au Swaziland, au Kazakhstan et \u00e0 Maurice, pour \u00e9valuer les progr\u00e8s li\u00e9s aux conclusions de la Commission des normes.<\/p><p><em>Napole\u00f3n G\u00f3mez,<\/em> pr\u00e9sident du syndicat des mines et des m\u00e9tallurgistes du Mexique Los Mineros et membre du Comit\u00e9 ex\u00e9cutif d&rsquo;IndustriALL, <a href=\"http:\/\/www.industriall-union.org\/fr\/un-leader-syndical-mexicain-demande-au-gouvernement-de-prendre-des-mesures-immediates\" target=\"_self\">s&rsquo;est adress\u00e9 \u00e0 la Commission des normes<\/a> sur l&rsquo;utilisation r\u00e9pandue des contrats de protection pass\u00e9s entre les syndicats jaunes (ou fantoches) et les entreprises sans le consentement des travailleurs, ainsi que sur l&rsquo;intimidation et les menaces prof\u00e9r\u00e9es \u00e0 l&rsquo;encontre des syndicats. G\u00f3mez a plaid\u00e9 en faveur de l&rsquo;ach\u00e8vement de la r\u00e9forme du droit du travail, sur la base des propositions formul\u00e9es en avril 2016.<\/p><p>Le gouvernement mexicain est venu \u00e0 la Conf\u00e9rence Internationale du Travail entour\u00e9 d&rsquo;une d\u00e9l\u00e9gation de 70 repr\u00e9sentants du gouvernement, des entreprises et des syndicats. Cependant, un seul repr\u00e9sentant syndical de cette d\u00e9l\u00e9gation \u00e9tait membre d&rsquo;un syndicat d\u00e9mocratique.<\/p><p>La Commission des normes a invit\u00e9 fermement le gouvernement \u00e0 s&rsquo;acquitter de ses obligations juridiques et \u00e0 veiller \u00e0 ce que les &laquo;&nbsp;syndicats puissent exercer leur droit \u00e0 la libert\u00e9 syndicale dans la pratique&nbsp;&raquo;.<\/p>","protected":false},"featured_media":0,"template":"","issues":[425],"companies":[],"regions":[159,162,167,225,353,299,275,184,248],"sectors":[],"article_tags":[530],"class_list":["post-150349","article","type-article","status-publish","hentry","issues-workers-rights","regions-bangladesh","regions-cambodia","regions-indonesia","regions-kazakhstan","regions-kingdom-of-eswatini","regions-mauritania","regions-mexico","regions-philippines","regions-switzerland","article_tags-supply-chains"],"acf":[],"yoast_head":"<!-- This site is optimized with the Yoast SEO Premium plugin v27.1 (Yoast SEO v27.1) - https:\/\/yoast.com\/product\/yoast-seo-premium-wordpress\/ -->\n<title>Les violations des droits des travailleurs sous les projecteurs de l\u2019OIT - industriall-union<\/title>\n<meta name=\"description\" content=\"En juin, la Commission de l&rsquo;OIT de l&rsquo;application des normes (ci-apr\u00e8s d\u00e9nomm\u00e9e &laquo;&nbsp;la Commission des normes&nbsp;&raquo;) a trait\u00e9 un\" \/>\n<meta name=\"robots\" content=\"index, follow, max-snippet:-1, max-image-preview:large, max-video-preview:-1\" \/>\n<link rel=\"canonical\" href=\"https:\/\/admin.industriall-union.org\/fr\/les-violations-des-droits-des-travailleurs-sous-les-projecteurs-de-l-oit\/\" \/>\n<meta property=\"og:locale\" content=\"fr_FR\" \/>\n<meta property=\"og:type\" content=\"article\" \/>\n<meta property=\"og:title\" content=\"Les violations des droits des travailleurs sous les projecteurs de l\u2019OIT\" \/>\n<meta property=\"og:description\" content=\"En juin, la Commission de l&rsquo;OIT de l&rsquo;application des normes (ci-apr\u00e8s d\u00e9nomm\u00e9e &laquo;&nbsp;la Commission des normes&nbsp;&raquo;) a trait\u00e9 un\" \/>\n<meta property=\"og:url\" content=\"https:\/\/admin.industriall-union.org\/fr\/les-violations-des-droits-des-travailleurs-sous-les-projecteurs-de-l-oit\/\" \/>\n<meta property=\"og:site_name\" content=\"industriall-union\" \/>\n<meta property=\"article:modified_time\" content=\"2025-02-07T00:58:14+00:00\" \/>\n<meta name=\"twitter:card\" content=\"summary_large_image\" \/>\n<meta name=\"twitter:label1\" content=\"Est. reading time\" \/>\n\t<meta name=\"twitter:data1\" content=\"4 minutes\" \/>\n<script type=\"application\/ld+json\" class=\"yoast-schema-graph\">{\"@context\":\"https:\/\/schema.org\",\"@graph\":[{\"@type\":\"WebPage\",\"@id\":\"https:\/\/admin.industriall-union.org\/fr\/les-violations-des-droits-des-travailleurs-sous-les-projecteurs-de-l-oit\/\",\"url\":\"https:\/\/admin.industriall-union.org\/fr\/les-violations-des-droits-des-travailleurs-sous-les-projecteurs-de-l-oit\/\",\"name\":\"Les violations des droits des travailleurs sous les projecteurs de l\u2019OIT - industriall-union\",\"isPartOf\":{\"@id\":\"https:\/\/admin.industriall-union.org\/#website\"},\"datePublished\":\"2016-06-16T15:36:42+00:00\",\"dateModified\":\"2025-02-07T00:58:14+00:00\",\"description\":\"En juin, la Commission de l&rsquo;OIT de l&rsquo;application des normes (ci-apr\u00e8s d\u00e9nomm\u00e9e &laquo;&nbsp;la Commission des normes&nbsp;&raquo;) a trait\u00e9 un\",\"breadcrumb\":{\"@id\":\"https:\/\/admin.industriall-union.org\/fr\/les-violations-des-droits-des-travailleurs-sous-les-projecteurs-de-l-oit\/#breadcrumb\"},\"inLanguage\":\"fr-FR\",\"potentialAction\":[{\"@type\":\"ReadAction\",\"target\":[\"https:\/\/admin.industriall-union.org\/fr\/les-violations-des-droits-des-travailleurs-sous-les-projecteurs-de-l-oit\/\"]}]},{\"@type\":\"BreadcrumbList\",\"@id\":\"https:\/\/admin.industriall-union.org\/fr\/les-violations-des-droits-des-travailleurs-sous-les-projecteurs-de-l-oit\/#breadcrumb\",\"itemListElement\":[{\"@type\":\"ListItem\",\"position\":1,\"name\":\"Home\",\"item\":\"https:\/\/admin.industriall-union.org\/\"},{\"@type\":\"ListItem\",\"position\":2,\"name\":\"Articles\",\"item\":\"https:\/\/admin.industriall-union.org\/article\/\"},{\"@type\":\"ListItem\",\"position\":3,\"name\":\"Les violations des droits des travailleurs sous les projecteurs de l\u2019OIT\"}]},{\"@type\":\"WebSite\",\"@id\":\"https:\/\/admin.industriall-union.org\/#website\",\"url\":\"https:\/\/admin.industriall-union.org\/\",\"name\":\"industriall-union\",\"description\":\"\",\"potentialAction\":[{\"@type\":\"SearchAction\",\"target\":{\"@type\":\"EntryPoint\",\"urlTemplate\":\"https:\/\/admin.industriall-union.org\/?s={search_term_string}\"},\"query-input\":{\"@type\":\"PropertyValueSpecification\",\"valueRequired\":true,\"valueName\":\"search_term_string\"}}],\"inLanguage\":\"fr-FR\"}]}<\/script>\n<!-- \/ Yoast SEO Premium plugin. -->","yoast_head_json":{"title":"Les violations des droits des travailleurs sous les projecteurs de l\u2019OIT - industriall-union","description":"En juin, la Commission de l&rsquo;OIT de l&rsquo;application des normes (ci-apr\u00e8s d\u00e9nomm\u00e9e &laquo;&nbsp;la Commission des normes&nbsp;&raquo;) a trait\u00e9 un","robots":{"index":"index","follow":"follow","max-snippet":"max-snippet:-1","max-image-preview":"max-image-preview:large","max-video-preview":"max-video-preview:-1"},"canonical":"https:\/\/admin.industriall-union.org\/fr\/les-violations-des-droits-des-travailleurs-sous-les-projecteurs-de-l-oit\/","og_locale":"fr_FR","og_type":"article","og_title":"Les violations des droits des travailleurs sous les projecteurs de l\u2019OIT","og_description":"En juin, la Commission de l&rsquo;OIT de l&rsquo;application des normes (ci-apr\u00e8s d\u00e9nomm\u00e9e &laquo;&nbsp;la Commission des normes&nbsp;&raquo;) a trait\u00e9 un","og_url":"https:\/\/admin.industriall-union.org\/fr\/les-violations-des-droits-des-travailleurs-sous-les-projecteurs-de-l-oit\/","og_site_name":"industriall-union","article_modified_time":"2025-02-07T00:58:14+00:00","twitter_card":"summary_large_image","twitter_misc":{"Est. reading time":"4 minutes"},"schema":{"@context":"https:\/\/schema.org","@graph":[{"@type":"WebPage","@id":"https:\/\/admin.industriall-union.org\/fr\/les-violations-des-droits-des-travailleurs-sous-les-projecteurs-de-l-oit\/","url":"https:\/\/admin.industriall-union.org\/fr\/les-violations-des-droits-des-travailleurs-sous-les-projecteurs-de-l-oit\/","name":"Les violations des droits des travailleurs sous les projecteurs de l\u2019OIT - industriall-union","isPartOf":{"@id":"https:\/\/admin.industriall-union.org\/#website"},"datePublished":"2016-06-16T15:36:42+00:00","dateModified":"2025-02-07T00:58:14+00:00","description":"En juin, la Commission de l&rsquo;OIT de l&rsquo;application des normes (ci-apr\u00e8s d\u00e9nomm\u00e9e &laquo;&nbsp;la Commission des normes&nbsp;&raquo;) a trait\u00e9 un","breadcrumb":{"@id":"https:\/\/admin.industriall-union.org\/fr\/les-violations-des-droits-des-travailleurs-sous-les-projecteurs-de-l-oit\/#breadcrumb"},"inLanguage":"fr-FR","potentialAction":[{"@type":"ReadAction","target":["https:\/\/admin.industriall-union.org\/fr\/les-violations-des-droits-des-travailleurs-sous-les-projecteurs-de-l-oit\/"]}]},{"@type":"BreadcrumbList","@id":"https:\/\/admin.industriall-union.org\/fr\/les-violations-des-droits-des-travailleurs-sous-les-projecteurs-de-l-oit\/#breadcrumb","itemListElement":[{"@type":"ListItem","position":1,"name":"Home","item":"https:\/\/admin.industriall-union.org\/"},{"@type":"ListItem","position":2,"name":"Articles","item":"https:\/\/admin.industriall-union.org\/article\/"},{"@type":"ListItem","position":3,"name":"Les violations des droits des travailleurs sous les projecteurs de l\u2019OIT"}]},{"@type":"WebSite","@id":"https:\/\/admin.industriall-union.org\/#website","url":"https:\/\/admin.industriall-union.org\/","name":"industriall-union","description":"","potentialAction":[{"@type":"SearchAction","target":{"@type":"EntryPoint","urlTemplate":"https:\/\/admin.industriall-union.org\/?s={search_term_string}"},"query-input":{"@type":"PropertyValueSpecification","valueRequired":true,"valueName":"search_term_string"}}],"inLanguage":"fr-FR"}]}},"_links":{"self":[{"href":"https:\/\/admin.industriall-union.org\/fr\/wp-json\/wp\/v2\/article\/150349","targetHints":{"allow":["GET"]}}],"collection":[{"href":"https:\/\/admin.industriall-union.org\/fr\/wp-json\/wp\/v2\/article"}],"about":[{"href":"https:\/\/admin.industriall-union.org\/fr\/wp-json\/wp\/v2\/types\/article"}],"wp:attachment":[{"href":"https:\/\/admin.industriall-union.org\/fr\/wp-json\/wp\/v2\/media?parent=150349"}],"wp:term":[{"taxonomy":"issues","embeddable":true,"href":"https:\/\/admin.industriall-union.org\/fr\/wp-json\/wp\/v2\/issues?post=150349"},{"taxonomy":"companies","embeddable":true,"href":"https:\/\/admin.industriall-union.org\/fr\/wp-json\/wp\/v2\/companies?post=150349"},{"taxonomy":"regions","embeddable":true,"href":"https:\/\/admin.industriall-union.org\/fr\/wp-json\/wp\/v2\/regions?post=150349"},{"taxonomy":"sectors","embeddable":true,"href":"https:\/\/admin.industriall-union.org\/fr\/wp-json\/wp\/v2\/sectors?post=150349"},{"taxonomy":"article_tags","embeddable":true,"href":"https:\/\/admin.industriall-union.org\/fr\/wp-json\/wp\/v2\/article_tags?post=150349"}],"curies":[{"name":"wp","href":"https:\/\/api.w.org\/{rel}","templated":true}]}}