{"id":150348,"date":"2016-06-17T14:42:22","date_gmt":"2016-06-17T14:42:22","guid":{"rendered":"https:\/\/admin.industriall-union.org\/les-syndicats-de-john-deere-reunis-pour-renforcer-leur-cooperation\/"},"modified":"2025-02-07T00:51:27","modified_gmt":"2025-02-07T00:51:27","slug":"les-syndicats-de-john-deere-reunis-pour-renforcer-leur-cooperation","status":"publish","type":"article","link":"https:\/\/admin.industriall-union.org\/fr\/les-syndicats-de-john-deere-reunis-pour-renforcer-leur-cooperation\/","title":{"rendered":"Les syndicats de John Deere r\u00e9unis pour renforcer leur coop\u00e9ration"},"content":{"rendered":"<p>Ils ont adopt\u00e9 des mesures concr\u00e8tes pour am\u00e9liorer leur collaboration et consolider le r\u00e9seau du constructeur am\u00e9ricain de mat\u00e9riels agricoles, forestiers et pour la construction, pr\u00e9sent dans le monde entier.<\/p><p>Les participants originaires d&#039;Inde n&#039;ont pu \u00eatre pr\u00e9sents pour des probl\u00e8mes de visas. Les Finlandais n&#039;ont pas pu venir non plus, mais leur syndicat de la m\u00e9tallurgie a exprim\u00e9 son attachement au r\u00e9seau.<\/p><p>Les participants ont \u00e9chang\u00e9 des informations sur le climat \u00e9conomique difficile et sur l&#039;\u00e9tat de la n\u00e9gociation collective chez John Deere dans leurs pays respectifs. Le repr\u00e9sentant de l&#039;United Autoworkers&#039; Union (UAW), Tim Bressler, qui pr\u00e9side aussi le r\u00e9seau, a donn\u00e9 un aper\u00e7u du march\u00e9 am\u00e9ricain et mondial des produits de John Deere.<\/p><p>Comme il avait \u00e9t\u00e9 d\u00e9cid\u00e9 \u00e0 la r\u00e9union de l&#039;an dernier, les discussions ont port\u00e9 sur des th\u00e8mes sp\u00e9cifiques, en particulier des syst\u00e8mes de relations professionnelles pratiqu\u00e9s dans les pays repr\u00e9sent\u00e9s \u00e0 la r\u00e9union. Cette ann\u00e9e, les participants se sont pench\u00e9s de plus pr\u00e8s sur les r\u00e9gimes syndicaux de l&#039;Espagne et l&#039;Allemagne. Leur attention s&#039;est aussi port\u00e9e sur le Br\u00e9sil o\u00f9 la crise politique et \u00e9conomique est le d\u00e9fi le plus grave pour les affili\u00e9s d&#039;IndustriALL du secteur.<\/p><p>Les participants ont reconfirm\u00e9 leur plateforme d&#039;action commune &#8211; les Principes directeurs du r\u00e9seau John Deere d&#039;IndustriALL &#8211; adopt\u00e9e l&#039;an dernier, qui d\u00e9finit les objectifs du r\u00e9seau. Par la mise en \u0153uvre de cette plateforme, le r\u00e9seau va s&#039;efforcer d&#039;\u00e9largir encore son emprise r\u00e9gionale et d&#039;aider les syndicats \u00e0 organiser leurs pays respectifs.<\/p><p>Le Vice-pr\u00e9sident de l&#039;UAW, Norwood Jewell, a rencontr\u00e9 les membres du r\u00e9seau et a confirm\u00e9 l&#039;engagement de son syndicat \u00e0 soutenir et renforcer le r\u00e9seau. Tim Bressler (UAW), Torsten Jann (IG Metall) et Matthias Hartwich, Directeur d&#039;IndustriALL en charge des industries des mat\u00e9riaux et de l&#039;ing\u00e9nierie m\u00e9canique, chapeauteront le d\u00e9veloppement et les activit\u00e9s futures du r\u00e9seau, lequel a d\u00e9cid\u00e9 de convoquer une nouvelle r\u00e9union l&#039;an prochain.<\/p><p>Le Directeur d&#039;IndustriALL Matthias Hartwich a confirm\u00e9 :<\/p><p>&quot;IndustriALL Global Union est d\u00e9termin\u00e9 \u00e0 promouvoir le r\u00e9seau John Deere. Il s&#039;agit d&#039;un des r\u00e9seaux syndicaux les plus importants du secteur de l&#039;ing\u00e9nierie m\u00e9canique d&#039;IndustriALL. Nous devons absolument nous serrer les coudes et manifester la solidarit\u00e9 syndicale dans ce secteur, de m\u00eame que pour tous les r\u00e9seaux d&#039;entreprise, en particulier avec nos camarades br\u00e9siliens en lutte, mais aussi avec nos camarades indiens, m\u00eame s&#039;ils n&#039;ont pu \u00eatre pr\u00e9sents \u00e0 cette r\u00e9union.<\/p><p>&quot;Mais aussi, nous devons faire davantage pour encourager les femmes \u00e0 prendre un r\u00f4le actif dans le r\u00e9seau John Deere.&quot;<\/p>","protected":false},"featured_media":0,"template":"","issues":[],"companies":[81],"regions":[],"sectors":[475],"article_tags":[],"class_list":["post-150348","article","type-article","status-publish","hentry","companies-john-deere","sectors-mechanical-engineering"],"acf":[],"yoast_head":"<!-- This site is optimized with the Yoast SEO Premium plugin v27.1 (Yoast SEO v27.1) - https:\/\/yoast.com\/product\/yoast-seo-premium-wordpress\/ -->\n<title>Les syndicats de John Deere r\u00e9unis pour renforcer leur coop\u00e9ration - industriall-union<\/title>\n<meta name=\"description\" content=\"Ils ont adopt\u00e9 des mesures concr\u00e8tes pour am\u00e9liorer leur collaboration et consolider le r\u00e9seau du constructeur am\u00e9ricain de mat\u00e9riels agricoles,\" \/>\n<meta name=\"robots\" content=\"index, follow, max-snippet:-1, max-image-preview:large, max-video-preview:-1\" \/>\n<link rel=\"canonical\" href=\"https:\/\/admin.industriall-union.org\/fr\/les-syndicats-de-john-deere-reunis-pour-renforcer-leur-cooperation\/\" \/>\n<meta property=\"og:locale\" content=\"fr_FR\" \/>\n<meta property=\"og:type\" content=\"article\" \/>\n<meta property=\"og:title\" content=\"Les syndicats de John Deere r\u00e9unis pour renforcer leur coop\u00e9ration\" \/>\n<meta property=\"og:description\" content=\"Ils ont adopt\u00e9 des mesures concr\u00e8tes pour am\u00e9liorer leur collaboration et consolider le r\u00e9seau du constructeur am\u00e9ricain de mat\u00e9riels agricoles,\" \/>\n<meta property=\"og:url\" content=\"https:\/\/admin.industriall-union.org\/fr\/les-syndicats-de-john-deere-reunis-pour-renforcer-leur-cooperation\/\" \/>\n<meta property=\"og:site_name\" content=\"industriall-union\" \/>\n<meta property=\"article:modified_time\" content=\"2025-02-07T00:51:27+00:00\" \/>\n<meta name=\"twitter:card\" content=\"summary_large_image\" \/>\n<meta name=\"twitter:label1\" content=\"Est. reading time\" \/>\n\t<meta name=\"twitter:data1\" content=\"3 minutes\" \/>\n<script type=\"application\/ld+json\" class=\"yoast-schema-graph\">{\"@context\":\"https:\/\/schema.org\",\"@graph\":[{\"@type\":\"WebPage\",\"@id\":\"https:\/\/admin.industriall-union.org\/fr\/les-syndicats-de-john-deere-reunis-pour-renforcer-leur-cooperation\/\",\"url\":\"https:\/\/admin.industriall-union.org\/fr\/les-syndicats-de-john-deere-reunis-pour-renforcer-leur-cooperation\/\",\"name\":\"Les syndicats de John Deere r\u00e9unis pour renforcer leur coop\u00e9ration - industriall-union\",\"isPartOf\":{\"@id\":\"https:\/\/admin.industriall-union.org\/#website\"},\"datePublished\":\"2016-06-17T14:42:22+00:00\",\"dateModified\":\"2025-02-07T00:51:27+00:00\",\"description\":\"Ils ont adopt\u00e9 des mesures concr\u00e8tes pour am\u00e9liorer leur collaboration et consolider le r\u00e9seau du constructeur am\u00e9ricain de mat\u00e9riels agricoles,\",\"breadcrumb\":{\"@id\":\"https:\/\/admin.industriall-union.org\/fr\/les-syndicats-de-john-deere-reunis-pour-renforcer-leur-cooperation\/#breadcrumb\"},\"inLanguage\":\"fr-FR\",\"potentialAction\":[{\"@type\":\"ReadAction\",\"target\":[\"https:\/\/admin.industriall-union.org\/fr\/les-syndicats-de-john-deere-reunis-pour-renforcer-leur-cooperation\/\"]}]},{\"@type\":\"BreadcrumbList\",\"@id\":\"https:\/\/admin.industriall-union.org\/fr\/les-syndicats-de-john-deere-reunis-pour-renforcer-leur-cooperation\/#breadcrumb\",\"itemListElement\":[{\"@type\":\"ListItem\",\"position\":1,\"name\":\"Home\",\"item\":\"https:\/\/admin.industriall-union.org\/\"},{\"@type\":\"ListItem\",\"position\":2,\"name\":\"Articles\",\"item\":\"https:\/\/admin.industriall-union.org\/article\/\"},{\"@type\":\"ListItem\",\"position\":3,\"name\":\"Les syndicats de John Deere r\u00e9unis pour renforcer leur coop\u00e9ration\"}]},{\"@type\":\"WebSite\",\"@id\":\"https:\/\/admin.industriall-union.org\/#website\",\"url\":\"https:\/\/admin.industriall-union.org\/\",\"name\":\"industriall-union\",\"description\":\"\",\"potentialAction\":[{\"@type\":\"SearchAction\",\"target\":{\"@type\":\"EntryPoint\",\"urlTemplate\":\"https:\/\/admin.industriall-union.org\/?s={search_term_string}\"},\"query-input\":{\"@type\":\"PropertyValueSpecification\",\"valueRequired\":true,\"valueName\":\"search_term_string\"}}],\"inLanguage\":\"fr-FR\"}]}<\/script>\n<!-- \/ Yoast SEO Premium plugin. -->","yoast_head_json":{"title":"Les syndicats de John Deere r\u00e9unis pour renforcer leur coop\u00e9ration - industriall-union","description":"Ils ont adopt\u00e9 des mesures concr\u00e8tes pour am\u00e9liorer leur collaboration et consolider le r\u00e9seau du constructeur am\u00e9ricain de mat\u00e9riels agricoles,","robots":{"index":"index","follow":"follow","max-snippet":"max-snippet:-1","max-image-preview":"max-image-preview:large","max-video-preview":"max-video-preview:-1"},"canonical":"https:\/\/admin.industriall-union.org\/fr\/les-syndicats-de-john-deere-reunis-pour-renforcer-leur-cooperation\/","og_locale":"fr_FR","og_type":"article","og_title":"Les syndicats de John Deere r\u00e9unis pour renforcer leur coop\u00e9ration","og_description":"Ils ont adopt\u00e9 des mesures concr\u00e8tes pour am\u00e9liorer leur collaboration et consolider le r\u00e9seau du constructeur am\u00e9ricain de mat\u00e9riels agricoles,","og_url":"https:\/\/admin.industriall-union.org\/fr\/les-syndicats-de-john-deere-reunis-pour-renforcer-leur-cooperation\/","og_site_name":"industriall-union","article_modified_time":"2025-02-07T00:51:27+00:00","twitter_card":"summary_large_image","twitter_misc":{"Est. reading time":"3 minutes"},"schema":{"@context":"https:\/\/schema.org","@graph":[{"@type":"WebPage","@id":"https:\/\/admin.industriall-union.org\/fr\/les-syndicats-de-john-deere-reunis-pour-renforcer-leur-cooperation\/","url":"https:\/\/admin.industriall-union.org\/fr\/les-syndicats-de-john-deere-reunis-pour-renforcer-leur-cooperation\/","name":"Les syndicats de John Deere r\u00e9unis pour renforcer leur coop\u00e9ration - industriall-union","isPartOf":{"@id":"https:\/\/admin.industriall-union.org\/#website"},"datePublished":"2016-06-17T14:42:22+00:00","dateModified":"2025-02-07T00:51:27+00:00","description":"Ils ont adopt\u00e9 des mesures concr\u00e8tes pour am\u00e9liorer leur collaboration et consolider le r\u00e9seau du constructeur am\u00e9ricain de mat\u00e9riels agricoles,","breadcrumb":{"@id":"https:\/\/admin.industriall-union.org\/fr\/les-syndicats-de-john-deere-reunis-pour-renforcer-leur-cooperation\/#breadcrumb"},"inLanguage":"fr-FR","potentialAction":[{"@type":"ReadAction","target":["https:\/\/admin.industriall-union.org\/fr\/les-syndicats-de-john-deere-reunis-pour-renforcer-leur-cooperation\/"]}]},{"@type":"BreadcrumbList","@id":"https:\/\/admin.industriall-union.org\/fr\/les-syndicats-de-john-deere-reunis-pour-renforcer-leur-cooperation\/#breadcrumb","itemListElement":[{"@type":"ListItem","position":1,"name":"Home","item":"https:\/\/admin.industriall-union.org\/"},{"@type":"ListItem","position":2,"name":"Articles","item":"https:\/\/admin.industriall-union.org\/article\/"},{"@type":"ListItem","position":3,"name":"Les syndicats de John Deere r\u00e9unis pour renforcer leur coop\u00e9ration"}]},{"@type":"WebSite","@id":"https:\/\/admin.industriall-union.org\/#website","url":"https:\/\/admin.industriall-union.org\/","name":"industriall-union","description":"","potentialAction":[{"@type":"SearchAction","target":{"@type":"EntryPoint","urlTemplate":"https:\/\/admin.industriall-union.org\/?s={search_term_string}"},"query-input":{"@type":"PropertyValueSpecification","valueRequired":true,"valueName":"search_term_string"}}],"inLanguage":"fr-FR"}]}},"_links":{"self":[{"href":"https:\/\/admin.industriall-union.org\/fr\/wp-json\/wp\/v2\/article\/150348","targetHints":{"allow":["GET"]}}],"collection":[{"href":"https:\/\/admin.industriall-union.org\/fr\/wp-json\/wp\/v2\/article"}],"about":[{"href":"https:\/\/admin.industriall-union.org\/fr\/wp-json\/wp\/v2\/types\/article"}],"wp:attachment":[{"href":"https:\/\/admin.industriall-union.org\/fr\/wp-json\/wp\/v2\/media?parent=150348"}],"wp:term":[{"taxonomy":"issues","embeddable":true,"href":"https:\/\/admin.industriall-union.org\/fr\/wp-json\/wp\/v2\/issues?post=150348"},{"taxonomy":"companies","embeddable":true,"href":"https:\/\/admin.industriall-union.org\/fr\/wp-json\/wp\/v2\/companies?post=150348"},{"taxonomy":"regions","embeddable":true,"href":"https:\/\/admin.industriall-union.org\/fr\/wp-json\/wp\/v2\/regions?post=150348"},{"taxonomy":"sectors","embeddable":true,"href":"https:\/\/admin.industriall-union.org\/fr\/wp-json\/wp\/v2\/sectors?post=150348"},{"taxonomy":"article_tags","embeddable":true,"href":"https:\/\/admin.industriall-union.org\/fr\/wp-json\/wp\/v2\/article_tags?post=150348"}],"curies":[{"name":"wp","href":"https:\/\/api.w.org\/{rel}","templated":true}]}}