{"id":150326,"date":"2016-07-06T09:26:19","date_gmt":"2016-07-06T09:26:19","guid":{"rendered":"https:\/\/admin.industriall-union.org\/la-condamnation-d-039-un-leader-syndical-coreen-souleve-un-tolle\/"},"modified":"2025-02-07T00:08:43","modified_gmt":"2025-02-07T00:08:43","slug":"la-condamnation-d-039-un-leader-syndical-coreen-souleve-un-tolle","status":"publish","type":"article","link":"https:\/\/admin.industriall-union.org\/fr\/la-condamnation-d-039-un-leader-syndical-coreen-souleve-un-tolle\/","title":{"rendered":"La condamnation d&#039;un leader syndical cor\u00e9en soul\u00e8ve un toll\u00e9"},"content":{"rendered":"<p>Han Sang-gyun, Pr\u00e9sident de la Conf\u00e9d\u00e9ration cor\u00e9enne des syndicats (KCTU), a \u00e9t\u00e9 condamn\u00e9 sur des chefs d&#039;accusation en rapport avec une s\u00e9rie de manifestations antigouvernementales, dont le gigantesque Rassemblement populaire de novembre dernier.<\/p><p>Le Secr\u00e9taire g\u00e9n\u00e9ral d&#039;IndustriALL, Jyrki Raina, a d\u00e9clar\u00e9 \u00e0 ce propos :<\/p><blockquote><p>Nous nous insurgeons contre cette scandaleuse condamnation de Han Sang-gyun qui est pers\u00e9cut\u00e9 pour avoir exerc\u00e9 des activit\u00e9s syndicales l\u00e9gitimes. Le gouvernement, le monde des affaires et le pouvoir judiciaire sont complices de cette pers\u00e9cution \u00e0 grande \u00e9chelle dirig\u00e9e contre les syndicats en Cor\u00e9e du Sud. Cette condamnation est un affront \u00e0 la d\u00e9mocratie et un coup port\u00e9 au droit de se r\u00e9unir pacifiquement dans ce pays. Nous nous associons au mouvement syndical international pour r\u00e9clamer la lib\u00e9ration imm\u00e9diate de Han Sang-gyun et l&#039;abandon de toutes les charges retenues contre lui.<\/p><\/blockquote><p>Han Sang-gyun est devenu la cible du gouvernement apr\u00e8s que des dizaines de milliers de personnes soient descendues dans les rues de S\u00e9oul, le 14 novembre, pour protester contre la r\u00e9forme du code du travail propos\u00e9e par le Pr\u00e9sident Park Geun-hye. 20.000 policiers avaient \u00e9t\u00e9 mobilis\u00e9s et ont fait usage de gaz lacrymog\u00e8nes et de canons \u00e0 eau contre les manifestants.<\/p><p>Apr\u00e8s cette manifestation, Han Sang-gyun s&#039;\u00e9tait r\u00e9fugi\u00e9 dans le temple Jogyesa, avant de finalement se livrer \u00e0 la police, le 10 d\u00e9cembre.<\/p><p>Pour avoir \u00e9t\u00e9 un des organisateurs de la manifestation, il a \u00e9t\u00e9 tenu responsable des actes de violence perp\u00e9tr\u00e9s par une minorit\u00e9 de manifestants.<\/p><p>Une soixantaine d&#039;affili\u00e9s d&#039;IndustriALL ont <a href=\"http:\/\/www.industriall-union.org\/fr\/les-affilies-dindustriall-apportent-leur-soutien-au-leader-syndical-coreen\">\u00e9crit au Pr\u00e9sident Park<\/a> avant le prononc\u00e9 du jugement pour protester contre les chefs d&#039;inculpation retenus contre lui. En mars de cette ann\u00e9e, le Secr\u00e9taire g\u00e9n\u00e9ral adjoint d&#039;IndustriALL Kemal \u00d6zkan a emmen\u00e9 une <a href=\"http:\/\/www.industriall-union.org\/fr\/coree-du-sud-industriall-replique-par-la-solidarite-dans-le-combat-contre-la-repression-du\">d\u00e9l\u00e9gation internationale<\/a> de dirigeants syndicaux en Cor\u00e9e pour exprimer leur soutien \u00e0 la lutte syndicale dans le pays.<\/p><p>R\u00e9agissant \u00e0 cette condamnation, le KCTU a d\u00e9clar\u00e9 que &quot;l&#039;histoire la retiendra comme un outrage \u00e0 la d\u00e9mocratie, aux droits de l&#039;homme et au monde du travail.&quot;<\/p><p>S&#039;exprimant apr\u00e8s sa condamnation, Han Sang-gyun a d\u00e9clar\u00e9 : &quot;Je ne suis pas coupable tant que je ne le suis pas \u00e0 vos yeux, camarades. La r\u00e9pression men\u00e9e par le gouvernement en place est beaucoup plus dure et d\u00e9lib\u00e9r\u00e9e. Nous devons nous pr\u00e9parer \u00e0 riposter.&quot;<\/p><p>Le KTCU pr\u00e9voit de faire appel de ce jugement.<\/p>","protected":false},"featured_media":0,"template":"","issues":[],"companies":[],"regions":[155,170],"sectors":[],"article_tags":[],"class_list":["post-150326","article","type-article","status-publish","hentry","regions-asia-pacific","regions-korea"],"acf":[],"yoast_head":"<!-- This site is optimized with the Yoast SEO Premium plugin v27.1 (Yoast SEO v27.1) - https:\/\/yoast.com\/product\/yoast-seo-premium-wordpress\/ -->\n<title>La condamnation d&#039;un leader syndical cor\u00e9en soul\u00e8ve un toll\u00e9 - industriall-union<\/title>\n<meta name=\"description\" content=\"Han Sang-gyun, Pr\u00e9sident de la Conf\u00e9d\u00e9ration cor\u00e9enne des syndicats (KCTU), a \u00e9t\u00e9 condamn\u00e9 sur des chefs d&#039;accusation en rapport avec une s\u00e9rie de\" \/>\n<meta name=\"robots\" content=\"index, follow, max-snippet:-1, max-image-preview:large, max-video-preview:-1\" \/>\n<link rel=\"canonical\" href=\"https:\/\/admin.industriall-union.org\/fr\/la-condamnation-d-039-un-leader-syndical-coreen-souleve-un-tolle\/\" \/>\n<meta property=\"og:locale\" content=\"fr_FR\" \/>\n<meta property=\"og:type\" content=\"article\" \/>\n<meta property=\"og:title\" content=\"La condamnation d&#039;un leader syndical cor\u00e9en soul\u00e8ve un toll\u00e9\" \/>\n<meta property=\"og:description\" content=\"Han Sang-gyun, Pr\u00e9sident de la Conf\u00e9d\u00e9ration cor\u00e9enne des syndicats (KCTU), a \u00e9t\u00e9 condamn\u00e9 sur des chefs d&#039;accusation en rapport avec une s\u00e9rie de\" \/>\n<meta property=\"og:url\" content=\"https:\/\/admin.industriall-union.org\/fr\/la-condamnation-d-039-un-leader-syndical-coreen-souleve-un-tolle\/\" \/>\n<meta property=\"og:site_name\" content=\"industriall-union\" \/>\n<meta property=\"article:modified_time\" content=\"2025-02-07T00:08:43+00:00\" \/>\n<meta name=\"twitter:card\" content=\"summary_large_image\" \/>\n<meta name=\"twitter:label1\" content=\"Est. reading time\" \/>\n\t<meta name=\"twitter:data1\" content=\"2 minutes\" \/>\n<script type=\"application\/ld+json\" class=\"yoast-schema-graph\">{\"@context\":\"https:\/\/schema.org\",\"@graph\":[{\"@type\":\"WebPage\",\"@id\":\"https:\/\/admin.industriall-union.org\/fr\/la-condamnation-d-039-un-leader-syndical-coreen-souleve-un-tolle\/\",\"url\":\"https:\/\/admin.industriall-union.org\/fr\/la-condamnation-d-039-un-leader-syndical-coreen-souleve-un-tolle\/\",\"name\":\"La condamnation d&#039;un leader syndical cor\u00e9en soul\u00e8ve un toll\u00e9 - industriall-union\",\"isPartOf\":{\"@id\":\"https:\/\/admin.industriall-union.org\/#website\"},\"datePublished\":\"2016-07-06T09:26:19+00:00\",\"dateModified\":\"2025-02-07T00:08:43+00:00\",\"description\":\"Han Sang-gyun, Pr\u00e9sident de la Conf\u00e9d\u00e9ration cor\u00e9enne des syndicats (KCTU), a \u00e9t\u00e9 condamn\u00e9 sur des chefs d&#039;accusation en rapport avec une s\u00e9rie de\",\"breadcrumb\":{\"@id\":\"https:\/\/admin.industriall-union.org\/fr\/la-condamnation-d-039-un-leader-syndical-coreen-souleve-un-tolle\/#breadcrumb\"},\"inLanguage\":\"fr-FR\",\"potentialAction\":[{\"@type\":\"ReadAction\",\"target\":[\"https:\/\/admin.industriall-union.org\/fr\/la-condamnation-d-039-un-leader-syndical-coreen-souleve-un-tolle\/\"]}]},{\"@type\":\"BreadcrumbList\",\"@id\":\"https:\/\/admin.industriall-union.org\/fr\/la-condamnation-d-039-un-leader-syndical-coreen-souleve-un-tolle\/#breadcrumb\",\"itemListElement\":[{\"@type\":\"ListItem\",\"position\":1,\"name\":\"Home\",\"item\":\"https:\/\/admin.industriall-union.org\/\"},{\"@type\":\"ListItem\",\"position\":2,\"name\":\"Articles\",\"item\":\"https:\/\/admin.industriall-union.org\/article\/\"},{\"@type\":\"ListItem\",\"position\":3,\"name\":\"La condamnation d&#039;un leader syndical cor\u00e9en soul\u00e8ve un toll\u00e9\"}]},{\"@type\":\"WebSite\",\"@id\":\"https:\/\/admin.industriall-union.org\/#website\",\"url\":\"https:\/\/admin.industriall-union.org\/\",\"name\":\"industriall-union\",\"description\":\"\",\"potentialAction\":[{\"@type\":\"SearchAction\",\"target\":{\"@type\":\"EntryPoint\",\"urlTemplate\":\"https:\/\/admin.industriall-union.org\/?s={search_term_string}\"},\"query-input\":{\"@type\":\"PropertyValueSpecification\",\"valueRequired\":true,\"valueName\":\"search_term_string\"}}],\"inLanguage\":\"fr-FR\"}]}<\/script>\n<!-- \/ Yoast SEO Premium plugin. -->","yoast_head_json":{"title":"La condamnation d&#039;un leader syndical cor\u00e9en soul\u00e8ve un toll\u00e9 - industriall-union","description":"Han Sang-gyun, Pr\u00e9sident de la Conf\u00e9d\u00e9ration cor\u00e9enne des syndicats (KCTU), a \u00e9t\u00e9 condamn\u00e9 sur des chefs d&#039;accusation en rapport avec une s\u00e9rie de","robots":{"index":"index","follow":"follow","max-snippet":"max-snippet:-1","max-image-preview":"max-image-preview:large","max-video-preview":"max-video-preview:-1"},"canonical":"https:\/\/admin.industriall-union.org\/fr\/la-condamnation-d-039-un-leader-syndical-coreen-souleve-un-tolle\/","og_locale":"fr_FR","og_type":"article","og_title":"La condamnation d&#039;un leader syndical cor\u00e9en soul\u00e8ve un toll\u00e9","og_description":"Han Sang-gyun, Pr\u00e9sident de la Conf\u00e9d\u00e9ration cor\u00e9enne des syndicats (KCTU), a \u00e9t\u00e9 condamn\u00e9 sur des chefs d&#039;accusation en rapport avec une s\u00e9rie de","og_url":"https:\/\/admin.industriall-union.org\/fr\/la-condamnation-d-039-un-leader-syndical-coreen-souleve-un-tolle\/","og_site_name":"industriall-union","article_modified_time":"2025-02-07T00:08:43+00:00","twitter_card":"summary_large_image","twitter_misc":{"Est. reading time":"2 minutes"},"schema":{"@context":"https:\/\/schema.org","@graph":[{"@type":"WebPage","@id":"https:\/\/admin.industriall-union.org\/fr\/la-condamnation-d-039-un-leader-syndical-coreen-souleve-un-tolle\/","url":"https:\/\/admin.industriall-union.org\/fr\/la-condamnation-d-039-un-leader-syndical-coreen-souleve-un-tolle\/","name":"La condamnation d&#039;un leader syndical cor\u00e9en soul\u00e8ve un toll\u00e9 - industriall-union","isPartOf":{"@id":"https:\/\/admin.industriall-union.org\/#website"},"datePublished":"2016-07-06T09:26:19+00:00","dateModified":"2025-02-07T00:08:43+00:00","description":"Han Sang-gyun, Pr\u00e9sident de la Conf\u00e9d\u00e9ration cor\u00e9enne des syndicats (KCTU), a \u00e9t\u00e9 condamn\u00e9 sur des chefs d&#039;accusation en rapport avec une s\u00e9rie de","breadcrumb":{"@id":"https:\/\/admin.industriall-union.org\/fr\/la-condamnation-d-039-un-leader-syndical-coreen-souleve-un-tolle\/#breadcrumb"},"inLanguage":"fr-FR","potentialAction":[{"@type":"ReadAction","target":["https:\/\/admin.industriall-union.org\/fr\/la-condamnation-d-039-un-leader-syndical-coreen-souleve-un-tolle\/"]}]},{"@type":"BreadcrumbList","@id":"https:\/\/admin.industriall-union.org\/fr\/la-condamnation-d-039-un-leader-syndical-coreen-souleve-un-tolle\/#breadcrumb","itemListElement":[{"@type":"ListItem","position":1,"name":"Home","item":"https:\/\/admin.industriall-union.org\/"},{"@type":"ListItem","position":2,"name":"Articles","item":"https:\/\/admin.industriall-union.org\/article\/"},{"@type":"ListItem","position":3,"name":"La condamnation d&#039;un leader syndical cor\u00e9en soul\u00e8ve un toll\u00e9"}]},{"@type":"WebSite","@id":"https:\/\/admin.industriall-union.org\/#website","url":"https:\/\/admin.industriall-union.org\/","name":"industriall-union","description":"","potentialAction":[{"@type":"SearchAction","target":{"@type":"EntryPoint","urlTemplate":"https:\/\/admin.industriall-union.org\/?s={search_term_string}"},"query-input":{"@type":"PropertyValueSpecification","valueRequired":true,"valueName":"search_term_string"}}],"inLanguage":"fr-FR"}]}},"_links":{"self":[{"href":"https:\/\/admin.industriall-union.org\/fr\/wp-json\/wp\/v2\/article\/150326","targetHints":{"allow":["GET"]}}],"collection":[{"href":"https:\/\/admin.industriall-union.org\/fr\/wp-json\/wp\/v2\/article"}],"about":[{"href":"https:\/\/admin.industriall-union.org\/fr\/wp-json\/wp\/v2\/types\/article"}],"wp:attachment":[{"href":"https:\/\/admin.industriall-union.org\/fr\/wp-json\/wp\/v2\/media?parent=150326"}],"wp:term":[{"taxonomy":"issues","embeddable":true,"href":"https:\/\/admin.industriall-union.org\/fr\/wp-json\/wp\/v2\/issues?post=150326"},{"taxonomy":"companies","embeddable":true,"href":"https:\/\/admin.industriall-union.org\/fr\/wp-json\/wp\/v2\/companies?post=150326"},{"taxonomy":"regions","embeddable":true,"href":"https:\/\/admin.industriall-union.org\/fr\/wp-json\/wp\/v2\/regions?post=150326"},{"taxonomy":"sectors","embeddable":true,"href":"https:\/\/admin.industriall-union.org\/fr\/wp-json\/wp\/v2\/sectors?post=150326"},{"taxonomy":"article_tags","embeddable":true,"href":"https:\/\/admin.industriall-union.org\/fr\/wp-json\/wp\/v2\/article_tags?post=150326"}],"curies":[{"name":"wp","href":"https:\/\/api.w.org\/{rel}","templated":true}]}}