{"id":150318,"date":"2016-07-14T07:45:41","date_gmt":"2016-07-14T07:45:41","guid":{"rendered":"https:\/\/admin.industriall-union.org\/l-entreprise-finlandaise-pkc-ne-tient-pas-compte-du-jugement-rendu-au-mexique-et-neglige-de-reintegrer-des-travailleurs\/"},"modified":"2025-02-06T23:50:37","modified_gmt":"2025-02-06T23:50:37","slug":"l-entreprise-finlandaise-pkc-ne-tient-pas-compte-du-jugement-rendu-au-mexique-et-neglige-de-reintegrer-des-travailleurs","status":"publish","type":"article","link":"https:\/\/admin.industriall-union.org\/fr\/l-entreprise-finlandaise-pkc-ne-tient-pas-compte-du-jugement-rendu-au-mexique-et-neglige-de-reintegrer-des-travailleurs\/","title":{"rendered":"L\u2019entreprise finlandaise PKC ne tient pas compte du jugement rendu au Mexique et n\u00e9glige de r\u00e9int\u00e9grer des travailleurs"},"content":{"rendered":"<p>Alejandro Ojeda Ram\u00edrez, Ana Mar\u00eda M\u00e9ndez, Javier D\u00edaz et Mar\u00eda de la Paz Calvillo ont \u00e9t\u00e9 licenci\u00e9s en 2012, en compagnie de 118 autres coll\u00e8gues, en raison de leur soutien pour Los Mineros et en guise de repr\u00e9sailles contre leur tentative de <a href=\"http:\/\/www.industriall-union.org\/fr\/greve-de-la-faim-chez-pkc-au-mexique\">syndiquer la main d&rsquo;\u0153uvre<\/a> de cette entreprise qui produit des faisceaux de c\u00e2bles pour l&rsquo;industrie automobile. Apr\u00e8s une longue bataille juridique au niveau des cours f\u00e9d\u00e9rales de Mexico et une <a href=\"http:\/\/www.industriall-union.org\/fr\/dire-a-pkc-de-reintegrer-les-travailleurs-au-mexique\">campagne internationale<\/a>, les autorit\u00e9s se sont prononc\u00e9es en faveur des travailleurs et ont pr\u00e9vu leur r\u00e9int\u00e9gration pour le 8 juillet.<\/p><p>L&rsquo;avocat des travailleurs et le responsable de l&rsquo;arbitrage en charge de l&rsquo;assistance juridique sp\u00e9ciale aupr\u00e8s de la Commission de Conciliation et d&rsquo;Arbitrage du Travail se sont rendus \u00e0 la date pr\u00e9vue au si\u00e8ge de l&rsquo;entreprise mais l&rsquo;avocat de celle-ci ne s&rsquo;y est pas pr\u00e9sent\u00e9. Au lieu de cela, une personne qui a pr\u00e9f\u00e9r\u00e9 ne pas d\u00e9cliner son identit\u00e9 a emp\u00each\u00e9 les travailleurs de p\u00e9n\u00e9trer dans l&rsquo;usine.<\/p><p>Il s&rsquo;agit d&rsquo;un acte ill\u00e9gal de PCK, qui a refus\u00e9 de reconna\u00eetre la d\u00e9cision de justice. L&rsquo;entreprise est <a href=\"http:\/\/www.industriall-union.org\/fr\/le-rapport-percutant-du-wrc-devoile-les-abus-commis-chez-pkc-au-mexique\">bien connue pour ses pratiques antisyndicales<\/a> et ses violations des droits des travailleurs, qui p\u00e2tissent de conditions pr\u00e9caires, gagnent le salaire minimum et prestent de longs temps de travail. L&rsquo;entreprise fonctionne \u00e9galement avec un syndicat dit de protection.<\/p><p>Los Mineros et leur pr\u00e9sident Napole\u00f3n G\u00f3mez Urrutia soutiennent les travailleurs et ont revendiqu\u00e9, pour la seconde fois, le droit de les repr\u00e9senter lors des n\u00e9gociations collectives chez PKC Arneses y Accesorios. Leur victoire est attendue lors du scrutin qui doit se tenir dans quelques semaines pour d\u00e9cider quel sera le syndicat qui repr\u00e9sentera les travailleurs.<\/p><p>Los Mineros sont confiants apr\u00e8s la victoire r\u00e9cente de leur section 265 au sein de la mine Hercules. Ce r\u00e9sultat a confort\u00e9 la position du syndicat en tant que d\u00e9positaire de la n\u00e9gociation collective au nom des travailleurs de la compagnie Minera del Norte.<\/p><p>Entretemps, les trois syndicats finlandais affili\u00e9s \u00e0 IndustriALL ont envoy\u00e9 un courrier au PDG du Groupe PCK, Matti Hyyti\u00e4inen, lui demandant de r\u00e9int\u00e9grer les quatre travailleurs et travailleuses de Los Mineros qui ont \u00e9t\u00e9 licenci\u00e9s de mani\u00e8re ill\u00e9gale. Ils ont en outre exig\u00e9 que lors du scrutin \u00e0 venir PKC s&rsquo;abstienne d&rsquo;intervenir pour ou contre les syndicats impliqu\u00e9s et ont demand\u00e9 que M. Hyyti\u00e4inen d\u00e9clare publiquement que PKC respecte le droit \u00e0 la libert\u00e9 syndicale.<\/p><p>Le Secr\u00e9taire g\u00e9n\u00e9ral adjoint d&rsquo;IndustriALL, Fernando Lopes, a d\u00e9clar\u00e9 \u00e0 propos du comportement antisyndical et ill\u00e9gal de PKC&nbsp;:<\/p><p>&ldquo;Je voudrais savoir ce qu&rsquo;il adviendrait d&rsquo;une entreprise qui, en Finlande, ne se conformerait pas \u00e0 une d\u00e9cision de justice. Pourquoi d\u00e8s lors une entreprise finlandaise peut-elle ignorer la loi au Mexique&nbsp;? IndustriALL Global Union soutiendra la lutte de Los Mineros jusqu&rsquo;\u00e0 la victoire.&rdquo;<\/p>","protected":false},"featured_media":0,"template":"","issues":[422,421,420],"companies":[],"regions":[254,275],"sectors":[482],"article_tags":[511,513],"class_list":["post-150318","article","type-article","status-publish","hentry","issues-human-trade-union-rights","issues-mexico-campaign","issues-solidarity","regions-latin-america-and-the-caribbean","regions-mexico","sectors-automotive","article_tags-industriall","article_tags-labour-laws"],"acf":[],"yoast_head":"<!-- This site is optimized with the Yoast SEO Premium plugin v27.1 (Yoast SEO v27.1) - https:\/\/yoast.com\/product\/yoast-seo-premium-wordpress\/ -->\n<title>L\u2019entreprise finlandaise PKC ne tient pas compte du jugement rendu au Mexique et n\u00e9glige de r\u00e9int\u00e9grer des travailleurs - industriall-union<\/title>\n<meta name=\"description\" content=\"Alejandro Ojeda Ram\u00edrez, Ana Mar\u00eda M\u00e9ndez, Javier D\u00edaz et Mar\u00eda de la Paz Calvillo ont \u00e9t\u00e9 licenci\u00e9s en 2012, en compagnie de 118 autres coll\u00e8gues, en\" \/>\n<meta name=\"robots\" content=\"index, follow, max-snippet:-1, max-image-preview:large, max-video-preview:-1\" \/>\n<link rel=\"canonical\" href=\"https:\/\/admin.industriall-union.org\/fr\/l-entreprise-finlandaise-pkc-ne-tient-pas-compte-du-jugement-rendu-au-mexique-et-neglige-de-reintegrer-des-travailleurs\/\" \/>\n<meta property=\"og:locale\" content=\"fr_FR\" \/>\n<meta property=\"og:type\" content=\"article\" \/>\n<meta property=\"og:title\" content=\"L\u2019entreprise finlandaise PKC ne tient pas compte du jugement rendu au Mexique et n\u00e9glige de r\u00e9int\u00e9grer des travailleurs\" \/>\n<meta property=\"og:description\" content=\"Alejandro Ojeda Ram\u00edrez, Ana Mar\u00eda M\u00e9ndez, Javier D\u00edaz et Mar\u00eda de la Paz Calvillo ont \u00e9t\u00e9 licenci\u00e9s en 2012, en compagnie de 118 autres coll\u00e8gues, en\" \/>\n<meta property=\"og:url\" content=\"https:\/\/admin.industriall-union.org\/fr\/l-entreprise-finlandaise-pkc-ne-tient-pas-compte-du-jugement-rendu-au-mexique-et-neglige-de-reintegrer-des-travailleurs\/\" \/>\n<meta property=\"og:site_name\" content=\"industriall-union\" \/>\n<meta property=\"article:modified_time\" content=\"2025-02-06T23:50:37+00:00\" \/>\n<meta name=\"twitter:card\" content=\"summary_large_image\" \/>\n<meta name=\"twitter:label1\" content=\"Est. reading time\" \/>\n\t<meta name=\"twitter:data1\" content=\"3 minutes\" \/>\n<script type=\"application\/ld+json\" class=\"yoast-schema-graph\">{\"@context\":\"https:\/\/schema.org\",\"@graph\":[{\"@type\":\"WebPage\",\"@id\":\"https:\/\/admin.industriall-union.org\/fr\/l-entreprise-finlandaise-pkc-ne-tient-pas-compte-du-jugement-rendu-au-mexique-et-neglige-de-reintegrer-des-travailleurs\/\",\"url\":\"https:\/\/admin.industriall-union.org\/fr\/l-entreprise-finlandaise-pkc-ne-tient-pas-compte-du-jugement-rendu-au-mexique-et-neglige-de-reintegrer-des-travailleurs\/\",\"name\":\"L\u2019entreprise finlandaise PKC ne tient pas compte du jugement rendu au Mexique et n\u00e9glige de r\u00e9int\u00e9grer des travailleurs - industriall-union\",\"isPartOf\":{\"@id\":\"https:\/\/admin.industriall-union.org\/#website\"},\"datePublished\":\"2016-07-14T07:45:41+00:00\",\"dateModified\":\"2025-02-06T23:50:37+00:00\",\"description\":\"Alejandro Ojeda Ram\u00edrez, Ana Mar\u00eda M\u00e9ndez, Javier D\u00edaz et Mar\u00eda de la Paz Calvillo ont \u00e9t\u00e9 licenci\u00e9s en 2012, en compagnie de 118 autres coll\u00e8gues, en\",\"breadcrumb\":{\"@id\":\"https:\/\/admin.industriall-union.org\/fr\/l-entreprise-finlandaise-pkc-ne-tient-pas-compte-du-jugement-rendu-au-mexique-et-neglige-de-reintegrer-des-travailleurs\/#breadcrumb\"},\"inLanguage\":\"fr-FR\",\"potentialAction\":[{\"@type\":\"ReadAction\",\"target\":[\"https:\/\/admin.industriall-union.org\/fr\/l-entreprise-finlandaise-pkc-ne-tient-pas-compte-du-jugement-rendu-au-mexique-et-neglige-de-reintegrer-des-travailleurs\/\"]}]},{\"@type\":\"BreadcrumbList\",\"@id\":\"https:\/\/admin.industriall-union.org\/fr\/l-entreprise-finlandaise-pkc-ne-tient-pas-compte-du-jugement-rendu-au-mexique-et-neglige-de-reintegrer-des-travailleurs\/#breadcrumb\",\"itemListElement\":[{\"@type\":\"ListItem\",\"position\":1,\"name\":\"Home\",\"item\":\"https:\/\/admin.industriall-union.org\/\"},{\"@type\":\"ListItem\",\"position\":2,\"name\":\"Articles\",\"item\":\"https:\/\/admin.industriall-union.org\/article\/\"},{\"@type\":\"ListItem\",\"position\":3,\"name\":\"L\u2019entreprise finlandaise PKC ne tient pas compte du jugement rendu au Mexique et n\u00e9glige de r\u00e9int\u00e9grer des travailleurs\"}]},{\"@type\":\"WebSite\",\"@id\":\"https:\/\/admin.industriall-union.org\/#website\",\"url\":\"https:\/\/admin.industriall-union.org\/\",\"name\":\"industriall-union\",\"description\":\"\",\"potentialAction\":[{\"@type\":\"SearchAction\",\"target\":{\"@type\":\"EntryPoint\",\"urlTemplate\":\"https:\/\/admin.industriall-union.org\/?s={search_term_string}\"},\"query-input\":{\"@type\":\"PropertyValueSpecification\",\"valueRequired\":true,\"valueName\":\"search_term_string\"}}],\"inLanguage\":\"fr-FR\"}]}<\/script>\n<!-- \/ Yoast SEO Premium plugin. -->","yoast_head_json":{"title":"L\u2019entreprise finlandaise PKC ne tient pas compte du jugement rendu au Mexique et n\u00e9glige de r\u00e9int\u00e9grer des travailleurs - industriall-union","description":"Alejandro Ojeda Ram\u00edrez, Ana Mar\u00eda M\u00e9ndez, Javier D\u00edaz et Mar\u00eda de la Paz Calvillo ont \u00e9t\u00e9 licenci\u00e9s en 2012, en compagnie de 118 autres coll\u00e8gues, en","robots":{"index":"index","follow":"follow","max-snippet":"max-snippet:-1","max-image-preview":"max-image-preview:large","max-video-preview":"max-video-preview:-1"},"canonical":"https:\/\/admin.industriall-union.org\/fr\/l-entreprise-finlandaise-pkc-ne-tient-pas-compte-du-jugement-rendu-au-mexique-et-neglige-de-reintegrer-des-travailleurs\/","og_locale":"fr_FR","og_type":"article","og_title":"L\u2019entreprise finlandaise PKC ne tient pas compte du jugement rendu au Mexique et n\u00e9glige de r\u00e9int\u00e9grer des travailleurs","og_description":"Alejandro Ojeda Ram\u00edrez, Ana Mar\u00eda M\u00e9ndez, Javier D\u00edaz et Mar\u00eda de la Paz Calvillo ont \u00e9t\u00e9 licenci\u00e9s en 2012, en compagnie de 118 autres coll\u00e8gues, en","og_url":"https:\/\/admin.industriall-union.org\/fr\/l-entreprise-finlandaise-pkc-ne-tient-pas-compte-du-jugement-rendu-au-mexique-et-neglige-de-reintegrer-des-travailleurs\/","og_site_name":"industriall-union","article_modified_time":"2025-02-06T23:50:37+00:00","twitter_card":"summary_large_image","twitter_misc":{"Est. reading time":"3 minutes"},"schema":{"@context":"https:\/\/schema.org","@graph":[{"@type":"WebPage","@id":"https:\/\/admin.industriall-union.org\/fr\/l-entreprise-finlandaise-pkc-ne-tient-pas-compte-du-jugement-rendu-au-mexique-et-neglige-de-reintegrer-des-travailleurs\/","url":"https:\/\/admin.industriall-union.org\/fr\/l-entreprise-finlandaise-pkc-ne-tient-pas-compte-du-jugement-rendu-au-mexique-et-neglige-de-reintegrer-des-travailleurs\/","name":"L\u2019entreprise finlandaise PKC ne tient pas compte du jugement rendu au Mexique et n\u00e9glige de r\u00e9int\u00e9grer des travailleurs - industriall-union","isPartOf":{"@id":"https:\/\/admin.industriall-union.org\/#website"},"datePublished":"2016-07-14T07:45:41+00:00","dateModified":"2025-02-06T23:50:37+00:00","description":"Alejandro Ojeda Ram\u00edrez, Ana Mar\u00eda M\u00e9ndez, Javier D\u00edaz et Mar\u00eda de la Paz Calvillo ont \u00e9t\u00e9 licenci\u00e9s en 2012, en compagnie de 118 autres coll\u00e8gues, en","breadcrumb":{"@id":"https:\/\/admin.industriall-union.org\/fr\/l-entreprise-finlandaise-pkc-ne-tient-pas-compte-du-jugement-rendu-au-mexique-et-neglige-de-reintegrer-des-travailleurs\/#breadcrumb"},"inLanguage":"fr-FR","potentialAction":[{"@type":"ReadAction","target":["https:\/\/admin.industriall-union.org\/fr\/l-entreprise-finlandaise-pkc-ne-tient-pas-compte-du-jugement-rendu-au-mexique-et-neglige-de-reintegrer-des-travailleurs\/"]}]},{"@type":"BreadcrumbList","@id":"https:\/\/admin.industriall-union.org\/fr\/l-entreprise-finlandaise-pkc-ne-tient-pas-compte-du-jugement-rendu-au-mexique-et-neglige-de-reintegrer-des-travailleurs\/#breadcrumb","itemListElement":[{"@type":"ListItem","position":1,"name":"Home","item":"https:\/\/admin.industriall-union.org\/"},{"@type":"ListItem","position":2,"name":"Articles","item":"https:\/\/admin.industriall-union.org\/article\/"},{"@type":"ListItem","position":3,"name":"L\u2019entreprise finlandaise PKC ne tient pas compte du jugement rendu au Mexique et n\u00e9glige de r\u00e9int\u00e9grer des travailleurs"}]},{"@type":"WebSite","@id":"https:\/\/admin.industriall-union.org\/#website","url":"https:\/\/admin.industriall-union.org\/","name":"industriall-union","description":"","potentialAction":[{"@type":"SearchAction","target":{"@type":"EntryPoint","urlTemplate":"https:\/\/admin.industriall-union.org\/?s={search_term_string}"},"query-input":{"@type":"PropertyValueSpecification","valueRequired":true,"valueName":"search_term_string"}}],"inLanguage":"fr-FR"}]}},"_links":{"self":[{"href":"https:\/\/admin.industriall-union.org\/fr\/wp-json\/wp\/v2\/article\/150318","targetHints":{"allow":["GET"]}}],"collection":[{"href":"https:\/\/admin.industriall-union.org\/fr\/wp-json\/wp\/v2\/article"}],"about":[{"href":"https:\/\/admin.industriall-union.org\/fr\/wp-json\/wp\/v2\/types\/article"}],"wp:attachment":[{"href":"https:\/\/admin.industriall-union.org\/fr\/wp-json\/wp\/v2\/media?parent=150318"}],"wp:term":[{"taxonomy":"issues","embeddable":true,"href":"https:\/\/admin.industriall-union.org\/fr\/wp-json\/wp\/v2\/issues?post=150318"},{"taxonomy":"companies","embeddable":true,"href":"https:\/\/admin.industriall-union.org\/fr\/wp-json\/wp\/v2\/companies?post=150318"},{"taxonomy":"regions","embeddable":true,"href":"https:\/\/admin.industriall-union.org\/fr\/wp-json\/wp\/v2\/regions?post=150318"},{"taxonomy":"sectors","embeddable":true,"href":"https:\/\/admin.industriall-union.org\/fr\/wp-json\/wp\/v2\/sectors?post=150318"},{"taxonomy":"article_tags","embeddable":true,"href":"https:\/\/admin.industriall-union.org\/fr\/wp-json\/wp\/v2\/article_tags?post=150318"}],"curies":[{"name":"wp","href":"https:\/\/api.w.org\/{rel}","templated":true}]}}