{"id":150188,"date":"2016-09-22T15:25:10","date_gmt":"2016-09-22T15:25:10","guid":{"rendered":"https:\/\/admin.industriall-union.org\/nous-sommes-solidaires-de-lula\/"},"modified":"2025-02-06T21:32:32","modified_gmt":"2025-02-06T21:32:32","slug":"nous-sommes-solidaires-de-lula","status":"publish","type":"article","link":"https:\/\/admin.industriall-union.org\/fr\/nous-sommes-solidaires-de-lula\/","title":{"rendered":"Nous sommes solidaires de Lula!"},"content":{"rendered":"<p>&laquo;&nbsp;Lula est un h\u00e9ros pour les travailleurs dans le monde entier et une cible symbolique pour les forces conservatrices qui veulent renverser la r\u00e9forme sociale. Nous ne pouvons pas permettre une telle attaque et sommes solidaires de Lula&nbsp;&raquo;, a indiqu\u00e9 Jyrki Raina, Secr\u00e9taire g\u00e9n\u00e9ral d&rsquo;IndustriALL Global Union.<\/p><p>Lors de sa pr\u00e9sidence, le gouvernement de Lula a sorti 30 millions de personnes de la pauvret\u00e9, r\u00e9duit le travail des enfants, accru l&rsquo;autonomisation des femmes, augment\u00e9 le salaire minimum, baiss\u00e9 le ch\u00f4mage et apport\u00e9 la s\u00e9curit\u00e9 sociale: la Bolsa Familia. Lula est parvenu \u00e0 atteindre ces diff\u00e9rents r\u00e9sultats tout en d\u00e9veloppant l&rsquo;\u00e9conomie br\u00e9silienne et en veillant \u00e0 ce que les fruits de cette nouvelle richesse soient r\u00e9partis \u00e9quitablement.<\/p><p>Du 4 au 7 octobre, IndustriALL tiendra son deuxi\u00e8me Congr\u00e8s au Br\u00e9sil, un pays jouissant de l&rsquo;un des plus forts mouvements syndicaux internationaux en Am\u00e9rique latine.<\/p><p>&laquo;&nbsp;Nous allons tenir le Congr\u00e8s \u00e0 Rio pour exprimer notre soutien \u00e0 l&rsquo;\u00e9gard de la lutte men\u00e9e par les travailleurs br\u00e9siliens ainsi qu&rsquo;\u00e0 Lula, qui s&rsquo;exprimera lors de la s\u00e9ance d&rsquo;ouverture&nbsp;&raquo;, a d\u00e9clar\u00e9 Jyrki Raina, Secr\u00e9taire g\u00e9n\u00e9ral d&rsquo;IndustriALL.<\/p><p>La Conf\u00e9d\u00e9ration syndicale internationale (CSI) a lanc\u00e9 une <a href=\"http:\/\/www.ituc-csi.org\/brazil-trade-unions-and-human?lang=en\" target=\"_blank\">p\u00e9tition internationale<\/a> pour t\u00e9moigner de la solidarit\u00e9 du monde envers Lula, prenant position contre l&rsquo;attaque flagrante dirig\u00e9e contre les forces d\u00e9mocratiques.<\/p><p>#SomosTodosLula<\/p>","protected":false},"featured_media":0,"template":"","issues":[420],"companies":[],"regions":[261],"sectors":[],"article_tags":[],"class_list":["post-150188","article","type-article","status-publish","hentry","issues-solidarity","regions-brazil"],"acf":[],"yoast_head":"<!-- This site is optimized with the Yoast SEO Premium plugin v27.1 (Yoast SEO v27.1) - https:\/\/yoast.com\/product\/yoast-seo-premium-wordpress\/ -->\n<title>Nous sommes solidaires de Lula! - industriall-union<\/title>\n<meta name=\"description\" content=\"&laquo;&nbsp;Lula est un h\u00e9ros pour les travailleurs dans le monde entier et une cible symbolique pour les forces conservatrices qui veulent renverser la\" \/>\n<meta name=\"robots\" content=\"index, follow, max-snippet:-1, max-image-preview:large, max-video-preview:-1\" \/>\n<link rel=\"canonical\" href=\"https:\/\/admin.industriall-union.org\/fr\/nous-sommes-solidaires-de-lula\/\" \/>\n<meta property=\"og:locale\" content=\"fr_FR\" \/>\n<meta property=\"og:type\" content=\"article\" \/>\n<meta property=\"og:title\" content=\"Nous sommes solidaires de Lula!\" \/>\n<meta property=\"og:description\" content=\"&laquo;&nbsp;Lula est un h\u00e9ros pour les travailleurs dans le monde entier et une cible symbolique pour les forces conservatrices qui veulent renverser la\" \/>\n<meta property=\"og:url\" content=\"https:\/\/admin.industriall-union.org\/fr\/nous-sommes-solidaires-de-lula\/\" \/>\n<meta property=\"og:site_name\" content=\"industriall-union\" \/>\n<meta property=\"article:modified_time\" content=\"2025-02-06T21:32:32+00:00\" \/>\n<meta name=\"twitter:card\" content=\"summary_large_image\" \/>\n<meta name=\"twitter:label1\" content=\"Est. reading time\" \/>\n\t<meta name=\"twitter:data1\" content=\"1 minute\" \/>\n<script type=\"application\/ld+json\" class=\"yoast-schema-graph\">{\"@context\":\"https:\/\/schema.org\",\"@graph\":[{\"@type\":\"WebPage\",\"@id\":\"https:\/\/admin.industriall-union.org\/fr\/nous-sommes-solidaires-de-lula\/\",\"url\":\"https:\/\/admin.industriall-union.org\/fr\/nous-sommes-solidaires-de-lula\/\",\"name\":\"Nous sommes solidaires de Lula! - industriall-union\",\"isPartOf\":{\"@id\":\"https:\/\/admin.industriall-union.org\/ru\/#website\"},\"datePublished\":\"2016-09-22T15:25:10+00:00\",\"dateModified\":\"2025-02-06T21:32:32+00:00\",\"description\":\"&laquo;&nbsp;Lula est un h\u00e9ros pour les travailleurs dans le monde entier et une cible symbolique pour les forces conservatrices qui veulent renverser la\",\"breadcrumb\":{\"@id\":\"https:\/\/admin.industriall-union.org\/fr\/nous-sommes-solidaires-de-lula\/#breadcrumb\"},\"inLanguage\":\"fr-FR\",\"potentialAction\":[{\"@type\":\"ReadAction\",\"target\":[\"https:\/\/admin.industriall-union.org\/fr\/nous-sommes-solidaires-de-lula\/\"]}]},{\"@type\":\"BreadcrumbList\",\"@id\":\"https:\/\/admin.industriall-union.org\/fr\/nous-sommes-solidaires-de-lula\/#breadcrumb\",\"itemListElement\":[{\"@type\":\"ListItem\",\"position\":1,\"name\":\"Home\",\"item\":\"https:\/\/admin.industriall-union.org\/ru\/\"},{\"@type\":\"ListItem\",\"position\":2,\"name\":\"Articles\",\"item\":\"https:\/\/admin.industriall-union.org\/ru\/article\/\"},{\"@type\":\"ListItem\",\"position\":3,\"name\":\"Nous sommes solidaires de Lula!\"}]},{\"@type\":\"WebSite\",\"@id\":\"https:\/\/admin.industriall-union.org\/ru\/#website\",\"url\":\"https:\/\/admin.industriall-union.org\/ru\/\",\"name\":\"industriall-union\",\"description\":\"\",\"potentialAction\":[{\"@type\":\"SearchAction\",\"target\":{\"@type\":\"EntryPoint\",\"urlTemplate\":\"https:\/\/admin.industriall-union.org\/ru\/?s={search_term_string}\"},\"query-input\":{\"@type\":\"PropertyValueSpecification\",\"valueRequired\":true,\"valueName\":\"search_term_string\"}}],\"inLanguage\":\"fr-FR\"}]}<\/script>\n<!-- \/ Yoast SEO Premium plugin. -->","yoast_head_json":{"title":"Nous sommes solidaires de Lula! - industriall-union","description":"&laquo;&nbsp;Lula est un h\u00e9ros pour les travailleurs dans le monde entier et une cible symbolique pour les forces conservatrices qui veulent renverser la","robots":{"index":"index","follow":"follow","max-snippet":"max-snippet:-1","max-image-preview":"max-image-preview:large","max-video-preview":"max-video-preview:-1"},"canonical":"https:\/\/admin.industriall-union.org\/fr\/nous-sommes-solidaires-de-lula\/","og_locale":"fr_FR","og_type":"article","og_title":"Nous sommes solidaires de Lula!","og_description":"&laquo;&nbsp;Lula est un h\u00e9ros pour les travailleurs dans le monde entier et une cible symbolique pour les forces conservatrices qui veulent renverser la","og_url":"https:\/\/admin.industriall-union.org\/fr\/nous-sommes-solidaires-de-lula\/","og_site_name":"industriall-union","article_modified_time":"2025-02-06T21:32:32+00:00","twitter_card":"summary_large_image","twitter_misc":{"Est. reading time":"1 minute"},"schema":{"@context":"https:\/\/schema.org","@graph":[{"@type":"WebPage","@id":"https:\/\/admin.industriall-union.org\/fr\/nous-sommes-solidaires-de-lula\/","url":"https:\/\/admin.industriall-union.org\/fr\/nous-sommes-solidaires-de-lula\/","name":"Nous sommes solidaires de Lula! - industriall-union","isPartOf":{"@id":"https:\/\/admin.industriall-union.org\/ru\/#website"},"datePublished":"2016-09-22T15:25:10+00:00","dateModified":"2025-02-06T21:32:32+00:00","description":"&laquo;&nbsp;Lula est un h\u00e9ros pour les travailleurs dans le monde entier et une cible symbolique pour les forces conservatrices qui veulent renverser la","breadcrumb":{"@id":"https:\/\/admin.industriall-union.org\/fr\/nous-sommes-solidaires-de-lula\/#breadcrumb"},"inLanguage":"fr-FR","potentialAction":[{"@type":"ReadAction","target":["https:\/\/admin.industriall-union.org\/fr\/nous-sommes-solidaires-de-lula\/"]}]},{"@type":"BreadcrumbList","@id":"https:\/\/admin.industriall-union.org\/fr\/nous-sommes-solidaires-de-lula\/#breadcrumb","itemListElement":[{"@type":"ListItem","position":1,"name":"Home","item":"https:\/\/admin.industriall-union.org\/ru\/"},{"@type":"ListItem","position":2,"name":"Articles","item":"https:\/\/admin.industriall-union.org\/ru\/article\/"},{"@type":"ListItem","position":3,"name":"Nous sommes solidaires de Lula!"}]},{"@type":"WebSite","@id":"https:\/\/admin.industriall-union.org\/ru\/#website","url":"https:\/\/admin.industriall-union.org\/ru\/","name":"industriall-union","description":"","potentialAction":[{"@type":"SearchAction","target":{"@type":"EntryPoint","urlTemplate":"https:\/\/admin.industriall-union.org\/ru\/?s={search_term_string}"},"query-input":{"@type":"PropertyValueSpecification","valueRequired":true,"valueName":"search_term_string"}}],"inLanguage":"fr-FR"}]}},"_links":{"self":[{"href":"https:\/\/admin.industriall-union.org\/fr\/wp-json\/wp\/v2\/article\/150188","targetHints":{"allow":["GET"]}}],"collection":[{"href":"https:\/\/admin.industriall-union.org\/fr\/wp-json\/wp\/v2\/article"}],"about":[{"href":"https:\/\/admin.industriall-union.org\/fr\/wp-json\/wp\/v2\/types\/article"}],"wp:attachment":[{"href":"https:\/\/admin.industriall-union.org\/fr\/wp-json\/wp\/v2\/media?parent=150188"}],"wp:term":[{"taxonomy":"issues","embeddable":true,"href":"https:\/\/admin.industriall-union.org\/fr\/wp-json\/wp\/v2\/issues?post=150188"},{"taxonomy":"companies","embeddable":true,"href":"https:\/\/admin.industriall-union.org\/fr\/wp-json\/wp\/v2\/companies?post=150188"},{"taxonomy":"regions","embeddable":true,"href":"https:\/\/admin.industriall-union.org\/fr\/wp-json\/wp\/v2\/regions?post=150188"},{"taxonomy":"sectors","embeddable":true,"href":"https:\/\/admin.industriall-union.org\/fr\/wp-json\/wp\/v2\/sectors?post=150188"},{"taxonomy":"article_tags","embeddable":true,"href":"https:\/\/admin.industriall-union.org\/fr\/wp-json\/wp\/v2\/article_tags?post=150188"}],"curies":[{"name":"wp","href":"https:\/\/api.w.org\/{rel}","templated":true}]}}