{"id":150152,"date":"2016-10-20T15:10:23","date_gmt":"2016-10-20T15:10:23","guid":{"rendered":"https:\/\/admin.industriall-union.org\/industriall-affiche-sa-solidarite-avec-les-victimes-de-bhp-billiton\/"},"modified":"2025-02-06T20:38:43","modified_gmt":"2025-02-06T20:38:43","slug":"industriall-affiche-sa-solidarite-avec-les-victimes-de-bhp-billiton","status":"publish","type":"article","link":"https:\/\/admin.industriall-union.org\/fr\/industriall-affiche-sa-solidarite-avec-les-victimes-de-bhp-billiton\/","title":{"rendered":"IndustriALL affiche sa solidarit\u00e9 avec les victimes de BHP Billiton"},"content":{"rendered":"<p>Les actionnaires du g\u00e9ant minier BHP Billiton se sont r\u00e9unis ce 20 octobre \u00e0 Londres pour leur assembl\u00e9e g\u00e9n\u00e9rale annuelle. Des repr\u00e9sentants de victimes des mines de BHP Billiton de trois pays diff\u00e9rents se sont rassembl\u00e9s au sein d&rsquo;une manifestation organis\u00e9e par le London Mining Network.<\/p><p>BHP Billiton d\u00e9ploie des activit\u00e9s dans 13 pays. Les manifestants venaient du Br\u00e9sil, pour protester contre la catastrophe de la digue de Samarco et ses s\u00e9quelles, de Colombie pour protester contre le d\u00e9placement forc\u00e9 de communaut\u00e9s de la r\u00e9gion qui entoure la mine de charbon du Cerrej\u00f3n et d&rsquo;Indon\u00e9sie pour protester contre la pollution de cours d&rsquo;eau au sein des for\u00eats tropicales humides de Borneo.<\/p><p>Le Secr\u00e9taire g\u00e9n\u00e9ral d&rsquo;IndustriALL Global Union Valter Sanches a envoy\u00e9 <a href=\"\/wp-content\/uploads\/documents\/2016\/UK\/industriall_global_union_protest_letter_to_bhp_billitons_shareholders_18-10-20168.pdf\">une lettre de soutien<\/a> aux victimes de la catastrophe mini\u00e8re de la digue de Samarco, \u00e0 Mariana, au Br\u00e9sil, survenue le 5 novembre 2015.<\/p><p>Il y dit&nbsp;:<\/p><blockquote><p>&ldquo;Cette assembl\u00e9e des actionnaires, la premi\u00e8re depuis le d\u00e9sastre de Samarco, ne peut pas se comporter comme si de rien n&rsquo;\u00e9tait. Nous exigeons une enqu\u00eate approfondie et impartiale sur cette catastrophe environnementale.<\/p><p>&ldquo;IndustriALL consid\u00e8re qu&rsquo;il est inacceptable que BHP Billiton ait essay\u00e9 de s&rsquo;offrir une porte de sortie face \u00e0 cette trag\u00e9die, qui n&rsquo;aurait en premier lieu jamais d\u00fb se produire, en prenant en charge seulement 1,3 milliard de dollars, une somme bien inf\u00e9rieure aux 8 milliards de dollars des poursuites civiles instaur\u00e9es par les autorit\u00e9s br\u00e9siliennes.<\/p><p>&ldquo;Alors qu&rsquo;approche le 5 novembre, date anniversaire du d\u00e9sastre, IndustriALL se pr\u00e9pare \u00e0 comm\u00e9morer cet \u00e9v\u00e9nement tragique, la pire catastrophe environnementale de l&rsquo;histoire du Br\u00e9sil.<\/p><p>&ldquo;Les syndicats et les organisations protectrices de l&rsquo;environnement et des droits de l&rsquo;homme exprimeront leur enti\u00e8re solidarit\u00e9 avec ceux qui sont concern\u00e9s, un an apr\u00e8s, pour exiger que toutes les mesures n\u00e9cessaires soient prises pour s&rsquo;assurer qu&rsquo;un tel accident ne puisse jamais se reproduire, que ceux qui seront reconnus coupables soient punis avec toute la rigueur de la loi et que le fleuve Doce retrouve son \u00e9tat d&rsquo;origine.&rdquo;<\/p><\/blockquote><p>La catastrophe a \u00e9t\u00e9 due \u00e0 l&rsquo;effondrement de la digue d&rsquo;un \u00e9norme bassin de retenue de la mine de Samarco Minera\u00e7\u00e3o S.A, propri\u00e9t\u00e9 conjointe de BHP Billiton et de la compagnie br\u00e9silienne Vale. Ce bassin de retenue de minerai de fer, sous la responsabilit\u00e9 de BHP Billiton, a c\u00e9d\u00e9 et lib\u00e9r\u00e9 une vague de d\u00e9chets toxiques qui a submerg\u00e9 la vall\u00e9e en tuant 19 personnes, en faisant des bless\u00e9s et en laissant une population estim\u00e9e \u00e0 500 personnes sans foyer.<\/p><p>Des boues et des r\u00e9sidus miniers issus du bassin de retenue ont atteint le fleuve Doce, qui fournit de l&rsquo;eau potable dans le sud-est du Br\u00e9sil. En cons\u00e9quence, les autorit\u00e9s municipales ont d\u00fb interdire l&rsquo;utilisation des eaux du fleuve pour la consommation humaine. Les eaux contamin\u00e9es ont m\u00eame atteint l&rsquo;Oc\u00e9an Atlantique.<\/p><p>Une enqu\u00eate de police distincte a accus\u00e9 Samarco Minera\u00e7\u00e3o S.A d&rsquo;inconduite d\u00e9lib\u00e9r\u00e9e, d\u00e9terminant que l&rsquo;entreprise avait ignor\u00e9 des signaux clairs indiquant que la digue risquait de c\u00e9der. Il existe \u00e9galement des plaintes qui visent \u00e0 corroborer l&rsquo;enqu\u00eate de police selon laquelle Samarco Minera\u00e7\u00e3o avait \u00e9t\u00e9 averti de la possibilit\u00e9 de rupture de la digue.<\/p><p>La lettre d&rsquo;IndustriALL a \u00e9t\u00e9 lue lors de la manifestation alors que des participants jouaient une sc\u00e8ne illustrant la catastrophe.<\/p><blockquote class=\"twitter-tweet\" data-lang=\"en\"><p dir=\"ltr\" lang=\"en\">Devant le lieu o\u00f9 se tient la #BHPagm (AG de BHP), nous avons rappel\u00e9 aux actionnaires la r\u00e9alit\u00e9 qui se cache derri\u00e8re leurs investissements en rejouant la catastrophe meurtri\u00e8re de la digue de #Samarco. <a href=\"https:\/\/t.co\/Odqotx4yVH\">pic.twitter.com\/Odqotx4yVH<\/a><\/p>&mdash; LondonMiningNetwork (@londonmining) <a href=\"https:\/\/twitter.com\/londonmining\/status\/789062631692853248\">October 20, 2016<\/a><\/blockquote><p>Les affili\u00e9s d&rsquo;IndustriALL qui font partie du r\u00e9seau mondial BHP <a href=\"http:\/\/www.industriall-union.org\/trade-unions-protest-one-year-after-mariana-mining\">vont se rencontrer \u00e0 la veille de la date anniversaire<\/a> de la catastrophe environnementale et participer \u00e0 la manifestation du 5 novembre.<\/p>","protected":false},"featured_media":0,"template":"","issues":[419,392],"companies":[18],"regions":[261,264,167,254,251],"sectors":[495,494],"article_tags":[],"class_list":["post-150152","article","type-article","status-publish","hentry","issues-environment","issues-sustainable-industrial-policy","companies-bhp","regions-brazil","regions-colombia","regions-indonesia","regions-latin-america-and-the-caribbean","regions-united-kingdom","sectors-mining","sectors-mining-and-dgojp"],"acf":[],"yoast_head":"<!-- This site is optimized with the Yoast SEO Premium plugin v27.1 (Yoast SEO v27.1) - https:\/\/yoast.com\/product\/yoast-seo-premium-wordpress\/ -->\n<title>IndustriALL affiche sa solidarit\u00e9 avec les victimes de BHP Billiton - industriall-union<\/title>\n<meta name=\"description\" content=\"Les actionnaires du g\u00e9ant minier BHP Billiton se sont r\u00e9unis ce 20 octobre \u00e0 Londres pour leur assembl\u00e9e g\u00e9n\u00e9rale annuelle. Des repr\u00e9sentants de victimes\" \/>\n<meta name=\"robots\" content=\"index, follow, max-snippet:-1, max-image-preview:large, max-video-preview:-1\" \/>\n<link rel=\"canonical\" href=\"https:\/\/admin.industriall-union.org\/fr\/industriall-affiche-sa-solidarite-avec-les-victimes-de-bhp-billiton\/\" \/>\n<meta property=\"og:locale\" content=\"fr_FR\" \/>\n<meta property=\"og:type\" content=\"article\" \/>\n<meta property=\"og:title\" content=\"IndustriALL affiche sa solidarit\u00e9 avec les victimes de BHP Billiton\" \/>\n<meta property=\"og:description\" content=\"Les actionnaires du g\u00e9ant minier BHP Billiton se sont r\u00e9unis ce 20 octobre \u00e0 Londres pour leur assembl\u00e9e g\u00e9n\u00e9rale annuelle. Des repr\u00e9sentants de victimes\" \/>\n<meta property=\"og:url\" content=\"https:\/\/admin.industriall-union.org\/fr\/industriall-affiche-sa-solidarite-avec-les-victimes-de-bhp-billiton\/\" \/>\n<meta property=\"og:site_name\" content=\"industriall-union\" \/>\n<meta property=\"article:modified_time\" content=\"2025-02-06T20:38:43+00:00\" \/>\n<meta name=\"twitter:card\" content=\"summary_large_image\" \/>\n<meta name=\"twitter:label1\" content=\"Est. reading time\" \/>\n\t<meta name=\"twitter:data1\" content=\"4 minutes\" \/>\n<script type=\"application\/ld+json\" class=\"yoast-schema-graph\">{\"@context\":\"https:\/\/schema.org\",\"@graph\":[{\"@type\":\"WebPage\",\"@id\":\"https:\/\/admin.industriall-union.org\/fr\/industriall-affiche-sa-solidarite-avec-les-victimes-de-bhp-billiton\/\",\"url\":\"https:\/\/admin.industriall-union.org\/fr\/industriall-affiche-sa-solidarite-avec-les-victimes-de-bhp-billiton\/\",\"name\":\"IndustriALL affiche sa solidarit\u00e9 avec les victimes de BHP Billiton - industriall-union\",\"isPartOf\":{\"@id\":\"https:\/\/admin.industriall-union.org\/es\/#website\"},\"datePublished\":\"2016-10-20T15:10:23+00:00\",\"dateModified\":\"2025-02-06T20:38:43+00:00\",\"description\":\"Les actionnaires du g\u00e9ant minier BHP Billiton se sont r\u00e9unis ce 20 octobre \u00e0 Londres pour leur assembl\u00e9e g\u00e9n\u00e9rale annuelle. Des repr\u00e9sentants de victimes\",\"breadcrumb\":{\"@id\":\"https:\/\/admin.industriall-union.org\/fr\/industriall-affiche-sa-solidarite-avec-les-victimes-de-bhp-billiton\/#breadcrumb\"},\"inLanguage\":\"fr-FR\",\"potentialAction\":[{\"@type\":\"ReadAction\",\"target\":[\"https:\/\/admin.industriall-union.org\/fr\/industriall-affiche-sa-solidarite-avec-les-victimes-de-bhp-billiton\/\"]}]},{\"@type\":\"BreadcrumbList\",\"@id\":\"https:\/\/admin.industriall-union.org\/fr\/industriall-affiche-sa-solidarite-avec-les-victimes-de-bhp-billiton\/#breadcrumb\",\"itemListElement\":[{\"@type\":\"ListItem\",\"position\":1,\"name\":\"Home\",\"item\":\"https:\/\/admin.industriall-union.org\/es\/\"},{\"@type\":\"ListItem\",\"position\":2,\"name\":\"Articles\",\"item\":\"https:\/\/admin.industriall-union.org\/es\/article\/\"},{\"@type\":\"ListItem\",\"position\":3,\"name\":\"IndustriALL affiche sa solidarit\u00e9 avec les victimes de BHP Billiton\"}]},{\"@type\":\"WebSite\",\"@id\":\"https:\/\/admin.industriall-union.org\/es\/#website\",\"url\":\"https:\/\/admin.industriall-union.org\/es\/\",\"name\":\"industriall-union\",\"description\":\"\",\"potentialAction\":[{\"@type\":\"SearchAction\",\"target\":{\"@type\":\"EntryPoint\",\"urlTemplate\":\"https:\/\/admin.industriall-union.org\/es\/?s={search_term_string}\"},\"query-input\":{\"@type\":\"PropertyValueSpecification\",\"valueRequired\":true,\"valueName\":\"search_term_string\"}}],\"inLanguage\":\"fr-FR\"}]}<\/script>\n<!-- \/ Yoast SEO Premium plugin. -->","yoast_head_json":{"title":"IndustriALL affiche sa solidarit\u00e9 avec les victimes de BHP Billiton - industriall-union","description":"Les actionnaires du g\u00e9ant minier BHP Billiton se sont r\u00e9unis ce 20 octobre \u00e0 Londres pour leur assembl\u00e9e g\u00e9n\u00e9rale annuelle. Des repr\u00e9sentants de victimes","robots":{"index":"index","follow":"follow","max-snippet":"max-snippet:-1","max-image-preview":"max-image-preview:large","max-video-preview":"max-video-preview:-1"},"canonical":"https:\/\/admin.industriall-union.org\/fr\/industriall-affiche-sa-solidarite-avec-les-victimes-de-bhp-billiton\/","og_locale":"fr_FR","og_type":"article","og_title":"IndustriALL affiche sa solidarit\u00e9 avec les victimes de BHP Billiton","og_description":"Les actionnaires du g\u00e9ant minier BHP Billiton se sont r\u00e9unis ce 20 octobre \u00e0 Londres pour leur assembl\u00e9e g\u00e9n\u00e9rale annuelle. Des repr\u00e9sentants de victimes","og_url":"https:\/\/admin.industriall-union.org\/fr\/industriall-affiche-sa-solidarite-avec-les-victimes-de-bhp-billiton\/","og_site_name":"industriall-union","article_modified_time":"2025-02-06T20:38:43+00:00","twitter_card":"summary_large_image","twitter_misc":{"Est. reading time":"4 minutes"},"schema":{"@context":"https:\/\/schema.org","@graph":[{"@type":"WebPage","@id":"https:\/\/admin.industriall-union.org\/fr\/industriall-affiche-sa-solidarite-avec-les-victimes-de-bhp-billiton\/","url":"https:\/\/admin.industriall-union.org\/fr\/industriall-affiche-sa-solidarite-avec-les-victimes-de-bhp-billiton\/","name":"IndustriALL affiche sa solidarit\u00e9 avec les victimes de BHP Billiton - industriall-union","isPartOf":{"@id":"https:\/\/admin.industriall-union.org\/es\/#website"},"datePublished":"2016-10-20T15:10:23+00:00","dateModified":"2025-02-06T20:38:43+00:00","description":"Les actionnaires du g\u00e9ant minier BHP Billiton se sont r\u00e9unis ce 20 octobre \u00e0 Londres pour leur assembl\u00e9e g\u00e9n\u00e9rale annuelle. Des repr\u00e9sentants de victimes","breadcrumb":{"@id":"https:\/\/admin.industriall-union.org\/fr\/industriall-affiche-sa-solidarite-avec-les-victimes-de-bhp-billiton\/#breadcrumb"},"inLanguage":"fr-FR","potentialAction":[{"@type":"ReadAction","target":["https:\/\/admin.industriall-union.org\/fr\/industriall-affiche-sa-solidarite-avec-les-victimes-de-bhp-billiton\/"]}]},{"@type":"BreadcrumbList","@id":"https:\/\/admin.industriall-union.org\/fr\/industriall-affiche-sa-solidarite-avec-les-victimes-de-bhp-billiton\/#breadcrumb","itemListElement":[{"@type":"ListItem","position":1,"name":"Home","item":"https:\/\/admin.industriall-union.org\/es\/"},{"@type":"ListItem","position":2,"name":"Articles","item":"https:\/\/admin.industriall-union.org\/es\/article\/"},{"@type":"ListItem","position":3,"name":"IndustriALL affiche sa solidarit\u00e9 avec les victimes de BHP Billiton"}]},{"@type":"WebSite","@id":"https:\/\/admin.industriall-union.org\/es\/#website","url":"https:\/\/admin.industriall-union.org\/es\/","name":"industriall-union","description":"","potentialAction":[{"@type":"SearchAction","target":{"@type":"EntryPoint","urlTemplate":"https:\/\/admin.industriall-union.org\/es\/?s={search_term_string}"},"query-input":{"@type":"PropertyValueSpecification","valueRequired":true,"valueName":"search_term_string"}}],"inLanguage":"fr-FR"}]}},"_links":{"self":[{"href":"https:\/\/admin.industriall-union.org\/fr\/wp-json\/wp\/v2\/article\/150152","targetHints":{"allow":["GET"]}}],"collection":[{"href":"https:\/\/admin.industriall-union.org\/fr\/wp-json\/wp\/v2\/article"}],"about":[{"href":"https:\/\/admin.industriall-union.org\/fr\/wp-json\/wp\/v2\/types\/article"}],"wp:attachment":[{"href":"https:\/\/admin.industriall-union.org\/fr\/wp-json\/wp\/v2\/media?parent=150152"}],"wp:term":[{"taxonomy":"issues","embeddable":true,"href":"https:\/\/admin.industriall-union.org\/fr\/wp-json\/wp\/v2\/issues?post=150152"},{"taxonomy":"companies","embeddable":true,"href":"https:\/\/admin.industriall-union.org\/fr\/wp-json\/wp\/v2\/companies?post=150152"},{"taxonomy":"regions","embeddable":true,"href":"https:\/\/admin.industriall-union.org\/fr\/wp-json\/wp\/v2\/regions?post=150152"},{"taxonomy":"sectors","embeddable":true,"href":"https:\/\/admin.industriall-union.org\/fr\/wp-json\/wp\/v2\/sectors?post=150152"},{"taxonomy":"article_tags","embeddable":true,"href":"https:\/\/admin.industriall-union.org\/fr\/wp-json\/wp\/v2\/article_tags?post=150152"}],"curies":[{"name":"wp","href":"https:\/\/api.w.org\/{rel}","templated":true}]}}