{"id":150143,"date":"2016-10-24T11:03:10","date_gmt":"2016-10-24T11:03:10","guid":{"rendered":"https:\/\/admin.industriall-union.org\/le-senat-mexicain-approuve-les-reformes-du-droit-du-travail\/"},"modified":"2025-02-06T20:28:01","modified_gmt":"2025-02-06T20:28:01","slug":"le-senat-mexicain-approuve-les-reformes-du-droit-du-travail","status":"publish","type":"article","link":"https:\/\/admin.industriall-union.org\/fr\/le-senat-mexicain-approuve-les-reformes-du-droit-du-travail\/","title":{"rendered":"Le S\u00e9nat mexicain approuve les r\u00e9formes du droit du travail"},"content":{"rendered":"<p>Les r\u00e9formes propos\u00e9es supprimeraient ce qu&rsquo;il est convenu d&rsquo;appeler les commissions tripartites de conciliation et d&rsquo;arbitrage (Juntas de Conciliaci\u00f3n y Arbitraje) et transf\u00e9reraient leurs fonctions juridiques au pouvoir judiciaire. Ainsi, la justice du travail ne rel\u00e8verait plus directement du Pr\u00e9sident de la R\u00e9publique, de gouverneurs complices et de syndicats domin\u00e9s par les employeurs (syndicats charros).<\/p><p>La demande de dissolution des commissions de conciliation et d&rsquo;arbitrage et d&rsquo;\u00e9tablissement de tribunaux du travail ind\u00e9pendants constitue une revendication centrale des syndicats d\u00e9mocratiques mexicains et du mouvement syndical international depuis des d\u00e9cennies. Elle est \u00e9galement inscrite dans la plainte no. 2694 port\u00e9e devant le Comit\u00e9 de la libert\u00e9 syndicale de l&rsquo;Organisation internationale du travail (OIT) par IndustriALL et la Conf\u00e9d\u00e9ration syndicale internationale (CSI).<\/p><p>En outre, les exigences de la r\u00e9forme pour un vote libre, nominatif et \u00e0 bulletin secret en ce qui concerne les n\u00e9gociations collectives et la repr\u00e9sentation majoritaire s&rsquo;attaquent au probl\u00e8me g\u00e9n\u00e9ralis\u00e9 des contrats de protection impos\u00e9s par les employeurs, qui sont n\u00e9goci\u00e9s sans la participation voire la connaissance des travailleurs.<\/p><p>Apr\u00e8s des d\u00e9bats tr\u00e8s anim\u00e9s, la r\u00e9forme du S\u00e9nat modifie \u00e9galement les termes de l&rsquo;article&nbsp;123, partie A, alin\u00e9a XVIII relatif \u00e0 l&rsquo;autorisation de faire gr\u00e8ve, lequel se lit maintenant comme suit&nbsp;: &laquo;&nbsp;lorsqu&rsquo;<em>une<\/em> <em>n\u00e9gociation<\/em> <em>collective est recherch\u00e9e, la repr\u00e9sentation des travailleurs doit \u00eatre d\u00e9montr\u00e9e <\/em>&raquo;. En droit mexicain, la revendication de faire gr\u00e8ve est la condition juridique sine qua non au d\u00e9roulement de toutes n\u00e9gociations collectives.&nbsp;La nouvelle r\u00e9daction de l&rsquo;article a \u00e9t\u00e9 vivement contest\u00e9e par les partis de droite et la chambre des employeurs. Les r\u00e9formes propos\u00e9es pourraient encore se heurter \u00e0 l&rsquo;opposition des milieux d&rsquo;affaires et des syndicats domin\u00e9s par les employeurs. Les prochaines \u00e9tapes pr\u00e9vues sont les suivantes :<\/p><ol><li>Les r\u00e9formes constitutionnelles doivent encore \u00eatre adopt\u00e9es par un vote \u00e0 la majorit\u00e9 des deux-tiers de la Chambre des d\u00e9put\u00e9s et ratifi\u00e9es par la majorit\u00e9 des Etats, ce qui devrait avoir lieu entre d\u00e9cembre 2016 et f\u00e9vrier 2017.<\/li><li>Les amendements au droit du travail f\u00e9d\u00e9ral n\u00e9cessaires \u00e0 la mise en \u0153uvre des r\u00e9formes de la Constitution et \u00e0 la poursuite des efforts de r\u00e9solution du probl\u00e8me des contrats de protection, ainsi que les proc\u00e9dures relatives aux \u00e9lections des repr\u00e9sentations syndicales ont \u00e9t\u00e9 soumis par le Pr\u00e9sident en avril et doivent \u00eatre adopt\u00e9s s\u00e9par\u00e9ment.<\/li><li>Le S\u00e9nat n&rsquo;a toujours pas vot\u00e9 la Convention no.98 de l&rsquo;OIT sur le droit d&rsquo;organisation et de n\u00e9gociation collective, qui a \u00e9t\u00e9 transmise, accompagn\u00e9e d&rsquo;une demande de ratification, par le Pr\u00e9sident l&rsquo;ann\u00e9e derni\u00e8re. &nbsp;<\/li><\/ol><p>La mise en \u0153uvre efficace et en temps opportun des r\u00e9formes est toujours une source de pr\u00e9occupation. Comme l&rsquo;a exprim\u00e9 clairement <em>Napole\u00f3n G\u00f3mez Urrutia<\/em>, dirigeant de l&rsquo;affili\u00e9 \u00e0 IndustriALL Los&nbsp;Mineros, \u00e0 la Conf\u00e9rence de l&rsquo;OIT, en juin 2016, les amendements positifs de cette nouvelle r\u00e9forme ne doivent pas emp\u00eacher le Gouvernement mexicain de r\u00e9gler imm\u00e9diatement toutes les affaires en instance concernant le droit des travailleurs mexicains de choisir leurs syndicats et le leadership sur leurs lieux de travail. IndustriALL a communiqu\u00e9 une liste actualis\u00e9e de ces affaires \u00e0 la Commission d&rsquo;experts de l&rsquo;OIT le mois dernier.<\/p><p>&laquo;&nbsp;L&rsquo;adoption de cette r\u00e9forme du droit du travail pourrait marquer une \u00e9tape historique en ce qu&rsquo;elle r\u00e9pond pour l&rsquo;essentiel aux demandes des syndicats d\u00e9mocratiques au Mexique, tels que Los Mineros, et du mouvement syndical international. Ce qui compte vraiment est de l&rsquo;exp\u00e9rimenter et d&rsquo;appliquer la transparence dans l&rsquo;exercice quotidien de l&rsquo;activit\u00e9 professionnelle dans le pays&nbsp;&raquo;, a r\u00e9cemment indiqu\u00e9 <em>Napole\u00f3n G\u00f3mez <\/em>Urrutia dans le quotidien La Jornada.<\/p><p>Le Secr\u00e9taire g\u00e9n\u00e9ral d&rsquo;IndustriALL Global Union, Valter Sanches, a d\u00e9clar\u00e9 : &laquo;&nbsp;IndustriALL et ses affili\u00e9s mexicains se f\u00e9licitent de ce premier pas important du S\u00e9nat mexicain, qui peut d\u00e9boucher sur la suppression totale des contrats de protection dans le pays. IndustriALL, le mouvement syndical international et les syndicats d\u00e9mocratiques au Mexique continueront de suivre avec attention les d\u00e9bats et les d\u00e9veloppements sur cette question, et de faire pression sur l&rsquo;OIT pour qu&rsquo;elle fournisse l&rsquo;assistance technique au gouvernement mexicain afin de veiller \u00e0 ce que ces r\u00e9formes permettent r\u00e9ellement \u00e0 tous les travailleurs mexicains de b\u00e9n\u00e9ficier du droit \u00e0 la libert\u00e9 syndicale et \u00e0 la n\u00e9gociation collective&nbsp;&raquo;.<\/p>","protected":false},"featured_media":0,"template":"","issues":[425],"companies":[],"regions":[254,275],"sectors":[],"article_tags":[],"class_list":["post-150143","article","type-article","status-publish","hentry","issues-workers-rights","regions-latin-america-and-the-caribbean","regions-mexico"],"acf":[],"yoast_head":"<!-- This site is optimized with the Yoast SEO Premium plugin v27.1 (Yoast SEO v27.1) - https:\/\/yoast.com\/product\/yoast-seo-premium-wordpress\/ -->\n<title>Le S\u00e9nat mexicain approuve les r\u00e9formes du droit du travail - industriall-union<\/title>\n<meta name=\"description\" content=\"Les r\u00e9formes propos\u00e9es supprimeraient ce qu&rsquo;il est convenu d&rsquo;appeler les commissions tripartites de conciliation et d&rsquo;arbitrage (Juntas\" \/>\n<meta name=\"robots\" content=\"index, follow, max-snippet:-1, max-image-preview:large, max-video-preview:-1\" \/>\n<link rel=\"canonical\" href=\"https:\/\/admin.industriall-union.org\/fr\/le-senat-mexicain-approuve-les-reformes-du-droit-du-travail\/\" \/>\n<meta property=\"og:locale\" content=\"fr_FR\" \/>\n<meta property=\"og:type\" content=\"article\" \/>\n<meta property=\"og:title\" content=\"Le S\u00e9nat mexicain approuve les r\u00e9formes du droit du travail\" \/>\n<meta property=\"og:description\" content=\"Les r\u00e9formes propos\u00e9es supprimeraient ce qu&rsquo;il est convenu d&rsquo;appeler les commissions tripartites de conciliation et d&rsquo;arbitrage (Juntas\" \/>\n<meta property=\"og:url\" content=\"https:\/\/admin.industriall-union.org\/fr\/le-senat-mexicain-approuve-les-reformes-du-droit-du-travail\/\" \/>\n<meta property=\"og:site_name\" content=\"industriall-union\" \/>\n<meta property=\"article:modified_time\" content=\"2025-02-06T20:28:01+00:00\" \/>\n<meta name=\"twitter:card\" content=\"summary_large_image\" \/>\n<meta name=\"twitter:label1\" content=\"Est. reading time\" \/>\n\t<meta name=\"twitter:data1\" content=\"4 minutes\" \/>\n<script type=\"application\/ld+json\" class=\"yoast-schema-graph\">{\"@context\":\"https:\/\/schema.org\",\"@graph\":[{\"@type\":\"WebPage\",\"@id\":\"https:\/\/admin.industriall-union.org\/fr\/le-senat-mexicain-approuve-les-reformes-du-droit-du-travail\/\",\"url\":\"https:\/\/admin.industriall-union.org\/fr\/le-senat-mexicain-approuve-les-reformes-du-droit-du-travail\/\",\"name\":\"Le S\u00e9nat mexicain approuve les r\u00e9formes du droit du travail - industriall-union\",\"isPartOf\":{\"@id\":\"https:\/\/admin.industriall-union.org\/#website\"},\"datePublished\":\"2016-10-24T11:03:10+00:00\",\"dateModified\":\"2025-02-06T20:28:01+00:00\",\"description\":\"Les r\u00e9formes propos\u00e9es supprimeraient ce qu&rsquo;il est convenu d&rsquo;appeler les commissions tripartites de conciliation et d&rsquo;arbitrage (Juntas\",\"breadcrumb\":{\"@id\":\"https:\/\/admin.industriall-union.org\/fr\/le-senat-mexicain-approuve-les-reformes-du-droit-du-travail\/#breadcrumb\"},\"inLanguage\":\"fr-FR\",\"potentialAction\":[{\"@type\":\"ReadAction\",\"target\":[\"https:\/\/admin.industriall-union.org\/fr\/le-senat-mexicain-approuve-les-reformes-du-droit-du-travail\/\"]}]},{\"@type\":\"BreadcrumbList\",\"@id\":\"https:\/\/admin.industriall-union.org\/fr\/le-senat-mexicain-approuve-les-reformes-du-droit-du-travail\/#breadcrumb\",\"itemListElement\":[{\"@type\":\"ListItem\",\"position\":1,\"name\":\"Home\",\"item\":\"https:\/\/admin.industriall-union.org\/\"},{\"@type\":\"ListItem\",\"position\":2,\"name\":\"Articles\",\"item\":\"https:\/\/admin.industriall-union.org\/article\/\"},{\"@type\":\"ListItem\",\"position\":3,\"name\":\"Le S\u00e9nat mexicain approuve les r\u00e9formes du droit du travail\"}]},{\"@type\":\"WebSite\",\"@id\":\"https:\/\/admin.industriall-union.org\/#website\",\"url\":\"https:\/\/admin.industriall-union.org\/\",\"name\":\"industriall-union\",\"description\":\"\",\"potentialAction\":[{\"@type\":\"SearchAction\",\"target\":{\"@type\":\"EntryPoint\",\"urlTemplate\":\"https:\/\/admin.industriall-union.org\/?s={search_term_string}\"},\"query-input\":{\"@type\":\"PropertyValueSpecification\",\"valueRequired\":true,\"valueName\":\"search_term_string\"}}],\"inLanguage\":\"fr-FR\"}]}<\/script>\n<!-- \/ Yoast SEO Premium plugin. -->","yoast_head_json":{"title":"Le S\u00e9nat mexicain approuve les r\u00e9formes du droit du travail - industriall-union","description":"Les r\u00e9formes propos\u00e9es supprimeraient ce qu&rsquo;il est convenu d&rsquo;appeler les commissions tripartites de conciliation et d&rsquo;arbitrage (Juntas","robots":{"index":"index","follow":"follow","max-snippet":"max-snippet:-1","max-image-preview":"max-image-preview:large","max-video-preview":"max-video-preview:-1"},"canonical":"https:\/\/admin.industriall-union.org\/fr\/le-senat-mexicain-approuve-les-reformes-du-droit-du-travail\/","og_locale":"fr_FR","og_type":"article","og_title":"Le S\u00e9nat mexicain approuve les r\u00e9formes du droit du travail","og_description":"Les r\u00e9formes propos\u00e9es supprimeraient ce qu&rsquo;il est convenu d&rsquo;appeler les commissions tripartites de conciliation et d&rsquo;arbitrage (Juntas","og_url":"https:\/\/admin.industriall-union.org\/fr\/le-senat-mexicain-approuve-les-reformes-du-droit-du-travail\/","og_site_name":"industriall-union","article_modified_time":"2025-02-06T20:28:01+00:00","twitter_card":"summary_large_image","twitter_misc":{"Est. reading time":"4 minutes"},"schema":{"@context":"https:\/\/schema.org","@graph":[{"@type":"WebPage","@id":"https:\/\/admin.industriall-union.org\/fr\/le-senat-mexicain-approuve-les-reformes-du-droit-du-travail\/","url":"https:\/\/admin.industriall-union.org\/fr\/le-senat-mexicain-approuve-les-reformes-du-droit-du-travail\/","name":"Le S\u00e9nat mexicain approuve les r\u00e9formes du droit du travail - industriall-union","isPartOf":{"@id":"https:\/\/admin.industriall-union.org\/#website"},"datePublished":"2016-10-24T11:03:10+00:00","dateModified":"2025-02-06T20:28:01+00:00","description":"Les r\u00e9formes propos\u00e9es supprimeraient ce qu&rsquo;il est convenu d&rsquo;appeler les commissions tripartites de conciliation et d&rsquo;arbitrage (Juntas","breadcrumb":{"@id":"https:\/\/admin.industriall-union.org\/fr\/le-senat-mexicain-approuve-les-reformes-du-droit-du-travail\/#breadcrumb"},"inLanguage":"fr-FR","potentialAction":[{"@type":"ReadAction","target":["https:\/\/admin.industriall-union.org\/fr\/le-senat-mexicain-approuve-les-reformes-du-droit-du-travail\/"]}]},{"@type":"BreadcrumbList","@id":"https:\/\/admin.industriall-union.org\/fr\/le-senat-mexicain-approuve-les-reformes-du-droit-du-travail\/#breadcrumb","itemListElement":[{"@type":"ListItem","position":1,"name":"Home","item":"https:\/\/admin.industriall-union.org\/"},{"@type":"ListItem","position":2,"name":"Articles","item":"https:\/\/admin.industriall-union.org\/article\/"},{"@type":"ListItem","position":3,"name":"Le S\u00e9nat mexicain approuve les r\u00e9formes du droit du travail"}]},{"@type":"WebSite","@id":"https:\/\/admin.industriall-union.org\/#website","url":"https:\/\/admin.industriall-union.org\/","name":"industriall-union","description":"","potentialAction":[{"@type":"SearchAction","target":{"@type":"EntryPoint","urlTemplate":"https:\/\/admin.industriall-union.org\/?s={search_term_string}"},"query-input":{"@type":"PropertyValueSpecification","valueRequired":true,"valueName":"search_term_string"}}],"inLanguage":"fr-FR"}]}},"_links":{"self":[{"href":"https:\/\/admin.industriall-union.org\/fr\/wp-json\/wp\/v2\/article\/150143","targetHints":{"allow":["GET"]}}],"collection":[{"href":"https:\/\/admin.industriall-union.org\/fr\/wp-json\/wp\/v2\/article"}],"about":[{"href":"https:\/\/admin.industriall-union.org\/fr\/wp-json\/wp\/v2\/types\/article"}],"wp:attachment":[{"href":"https:\/\/admin.industriall-union.org\/fr\/wp-json\/wp\/v2\/media?parent=150143"}],"wp:term":[{"taxonomy":"issues","embeddable":true,"href":"https:\/\/admin.industriall-union.org\/fr\/wp-json\/wp\/v2\/issues?post=150143"},{"taxonomy":"companies","embeddable":true,"href":"https:\/\/admin.industriall-union.org\/fr\/wp-json\/wp\/v2\/companies?post=150143"},{"taxonomy":"regions","embeddable":true,"href":"https:\/\/admin.industriall-union.org\/fr\/wp-json\/wp\/v2\/regions?post=150143"},{"taxonomy":"sectors","embeddable":true,"href":"https:\/\/admin.industriall-union.org\/fr\/wp-json\/wp\/v2\/sectors?post=150143"},{"taxonomy":"article_tags","embeddable":true,"href":"https:\/\/admin.industriall-union.org\/fr\/wp-json\/wp\/v2\/article_tags?post=150143"}],"curies":[{"name":"wp","href":"https:\/\/api.w.org\/{rel}","templated":true}]}}