{"id":150142,"date":"2016-10-25T08:07:38","date_gmt":"2016-10-25T08:07:38","guid":{"rendered":"https:\/\/admin.industriall-union.org\/incendie-dans-une-usine-au-pakistan\/"},"modified":"2025-02-06T20:26:26","modified_gmt":"2025-02-06T20:26:26","slug":"incendie-dans-une-usine-au-pakistan","status":"publish","type":"article","link":"https:\/\/admin.industriall-union.org\/fr\/incendie-dans-une-usine-au-pakistan\/","title":{"rendered":"Incendie dans une usine au Pakistan"},"content":{"rendered":"<p>Sur ses 500 salari\u00e9s, 5 \u00e9taient pr\u00e9sents sur le poste de nuit de l&rsquo;usine Esa Textile de Karachi lorsqu&rsquo;un incendie s&rsquo;y est d\u00e9clar\u00e9. Selon des t\u00e9moins oculaires, les pompiers ont eu des difficult\u00e9s \u00e0 acc\u00e9der au sinistre et ont \u00e9t\u00e9 oblig\u00e9 d&rsquo;abattre des murs et de d\u00e9molir des fen\u00eatres pour \u00e9teindre l&rsquo;incendie. Des fen\u00eatres de l&rsquo;usine avaient \u00e9t\u00e9 ill\u00e9galement scell\u00e9es avec des blocs de b\u00e9ton et des barres d&rsquo;acier, un peu comme chez Ali Enterprises o\u00f9 un incendie avait co\u00fbt\u00e9 la vie \u00e0 260 travailleurs et travailleuses en 2012.<\/p><p>La Secr\u00e9taire r\u00e9gionale d&rsquo;IndustriALL Global Union, Apoorva Kaiwar, indique que cet incendie illustre le d\u00e9plorable niveau de s\u00e9curit\u00e9 des lieux de travail au sein des usines de confection et de textile au Pakistan.<\/p><blockquote><p>Le gouvernement doit prendre imm\u00e9diatement des mesures pr\u00e9ventives pour am\u00e9liorer les conditions de s\u00e9curit\u00e9 au travail au sein des usines dans tout le pays. Les travailleurs et les travailleuses doivent pouvoir se rendre au travail pour y gagner leur vie sans devoir la risquer.<\/p><\/blockquote>","protected":false},"featured_media":0,"template":"","issues":[402],"companies":[],"regions":[182],"sectors":[464],"article_tags":[],"class_list":["post-150142","article","type-article","status-publish","hentry","issues-health-and-safety","regions-pakistan","sectors-textile-leather-garment-shoes-and-textile-services"],"acf":[],"yoast_head":"<!-- This site is optimized with the Yoast SEO Premium plugin v27.1 (Yoast SEO v27.1) - https:\/\/yoast.com\/product\/yoast-seo-premium-wordpress\/ -->\n<title>Incendie dans une usine au Pakistan - industriall-union<\/title>\n<meta name=\"description\" content=\"Sur ses 500 salari\u00e9s, 5 \u00e9taient pr\u00e9sents sur le poste de nuit de l&rsquo;usine Esa Textile de Karachi lorsqu&rsquo;un incendie s&rsquo;y est d\u00e9clar\u00e9.\" \/>\n<meta name=\"robots\" content=\"index, follow, max-snippet:-1, max-image-preview:large, max-video-preview:-1\" \/>\n<link rel=\"canonical\" href=\"https:\/\/admin.industriall-union.org\/fr\/incendie-dans-une-usine-au-pakistan\/\" \/>\n<meta property=\"og:locale\" content=\"fr_FR\" \/>\n<meta property=\"og:type\" content=\"article\" \/>\n<meta property=\"og:title\" content=\"Incendie dans une usine au Pakistan\" \/>\n<meta property=\"og:description\" content=\"Sur ses 500 salari\u00e9s, 5 \u00e9taient pr\u00e9sents sur le poste de nuit de l&rsquo;usine Esa Textile de Karachi lorsqu&rsquo;un incendie s&rsquo;y est d\u00e9clar\u00e9.\" \/>\n<meta property=\"og:url\" content=\"https:\/\/admin.industriall-union.org\/fr\/incendie-dans-une-usine-au-pakistan\/\" \/>\n<meta property=\"og:site_name\" content=\"industriall-union\" \/>\n<meta property=\"article:modified_time\" content=\"2025-02-06T20:26:26+00:00\" \/>\n<meta name=\"twitter:card\" content=\"summary_large_image\" \/>\n<meta name=\"twitter:label1\" content=\"Est. reading time\" \/>\n\t<meta name=\"twitter:data1\" content=\"1 minute\" \/>\n<script type=\"application\/ld+json\" class=\"yoast-schema-graph\">{\"@context\":\"https:\/\/schema.org\",\"@graph\":[{\"@type\":\"WebPage\",\"@id\":\"https:\/\/admin.industriall-union.org\/fr\/incendie-dans-une-usine-au-pakistan\/\",\"url\":\"https:\/\/admin.industriall-union.org\/fr\/incendie-dans-une-usine-au-pakistan\/\",\"name\":\"Incendie dans une usine au Pakistan - industriall-union\",\"isPartOf\":{\"@id\":\"https:\/\/admin.industriall-union.org\/#website\"},\"datePublished\":\"2016-10-25T08:07:38+00:00\",\"dateModified\":\"2025-02-06T20:26:26+00:00\",\"description\":\"Sur ses 500 salari\u00e9s, 5 \u00e9taient pr\u00e9sents sur le poste de nuit de l&rsquo;usine Esa Textile de Karachi lorsqu&rsquo;un incendie s&rsquo;y est d\u00e9clar\u00e9.\",\"breadcrumb\":{\"@id\":\"https:\/\/admin.industriall-union.org\/fr\/incendie-dans-une-usine-au-pakistan\/#breadcrumb\"},\"inLanguage\":\"fr-FR\",\"potentialAction\":[{\"@type\":\"ReadAction\",\"target\":[\"https:\/\/admin.industriall-union.org\/fr\/incendie-dans-une-usine-au-pakistan\/\"]}]},{\"@type\":\"BreadcrumbList\",\"@id\":\"https:\/\/admin.industriall-union.org\/fr\/incendie-dans-une-usine-au-pakistan\/#breadcrumb\",\"itemListElement\":[{\"@type\":\"ListItem\",\"position\":1,\"name\":\"Home\",\"item\":\"https:\/\/admin.industriall-union.org\/\"},{\"@type\":\"ListItem\",\"position\":2,\"name\":\"Articles\",\"item\":\"https:\/\/admin.industriall-union.org\/article\/\"},{\"@type\":\"ListItem\",\"position\":3,\"name\":\"Incendie dans une usine au Pakistan\"}]},{\"@type\":\"WebSite\",\"@id\":\"https:\/\/admin.industriall-union.org\/#website\",\"url\":\"https:\/\/admin.industriall-union.org\/\",\"name\":\"industriall-union\",\"description\":\"\",\"potentialAction\":[{\"@type\":\"SearchAction\",\"target\":{\"@type\":\"EntryPoint\",\"urlTemplate\":\"https:\/\/admin.industriall-union.org\/?s={search_term_string}\"},\"query-input\":{\"@type\":\"PropertyValueSpecification\",\"valueRequired\":true,\"valueName\":\"search_term_string\"}}],\"inLanguage\":\"fr-FR\"}]}<\/script>\n<!-- \/ Yoast SEO Premium plugin. -->","yoast_head_json":{"title":"Incendie dans une usine au Pakistan - industriall-union","description":"Sur ses 500 salari\u00e9s, 5 \u00e9taient pr\u00e9sents sur le poste de nuit de l&rsquo;usine Esa Textile de Karachi lorsqu&rsquo;un incendie s&rsquo;y est d\u00e9clar\u00e9.","robots":{"index":"index","follow":"follow","max-snippet":"max-snippet:-1","max-image-preview":"max-image-preview:large","max-video-preview":"max-video-preview:-1"},"canonical":"https:\/\/admin.industriall-union.org\/fr\/incendie-dans-une-usine-au-pakistan\/","og_locale":"fr_FR","og_type":"article","og_title":"Incendie dans une usine au Pakistan","og_description":"Sur ses 500 salari\u00e9s, 5 \u00e9taient pr\u00e9sents sur le poste de nuit de l&rsquo;usine Esa Textile de Karachi lorsqu&rsquo;un incendie s&rsquo;y est d\u00e9clar\u00e9.","og_url":"https:\/\/admin.industriall-union.org\/fr\/incendie-dans-une-usine-au-pakistan\/","og_site_name":"industriall-union","article_modified_time":"2025-02-06T20:26:26+00:00","twitter_card":"summary_large_image","twitter_misc":{"Est. reading time":"1 minute"},"schema":{"@context":"https:\/\/schema.org","@graph":[{"@type":"WebPage","@id":"https:\/\/admin.industriall-union.org\/fr\/incendie-dans-une-usine-au-pakistan\/","url":"https:\/\/admin.industriall-union.org\/fr\/incendie-dans-une-usine-au-pakistan\/","name":"Incendie dans une usine au Pakistan - industriall-union","isPartOf":{"@id":"https:\/\/admin.industriall-union.org\/#website"},"datePublished":"2016-10-25T08:07:38+00:00","dateModified":"2025-02-06T20:26:26+00:00","description":"Sur ses 500 salari\u00e9s, 5 \u00e9taient pr\u00e9sents sur le poste de nuit de l&rsquo;usine Esa Textile de Karachi lorsqu&rsquo;un incendie s&rsquo;y est d\u00e9clar\u00e9.","breadcrumb":{"@id":"https:\/\/admin.industriall-union.org\/fr\/incendie-dans-une-usine-au-pakistan\/#breadcrumb"},"inLanguage":"fr-FR","potentialAction":[{"@type":"ReadAction","target":["https:\/\/admin.industriall-union.org\/fr\/incendie-dans-une-usine-au-pakistan\/"]}]},{"@type":"BreadcrumbList","@id":"https:\/\/admin.industriall-union.org\/fr\/incendie-dans-une-usine-au-pakistan\/#breadcrumb","itemListElement":[{"@type":"ListItem","position":1,"name":"Home","item":"https:\/\/admin.industriall-union.org\/"},{"@type":"ListItem","position":2,"name":"Articles","item":"https:\/\/admin.industriall-union.org\/article\/"},{"@type":"ListItem","position":3,"name":"Incendie dans une usine au Pakistan"}]},{"@type":"WebSite","@id":"https:\/\/admin.industriall-union.org\/#website","url":"https:\/\/admin.industriall-union.org\/","name":"industriall-union","description":"","potentialAction":[{"@type":"SearchAction","target":{"@type":"EntryPoint","urlTemplate":"https:\/\/admin.industriall-union.org\/?s={search_term_string}"},"query-input":{"@type":"PropertyValueSpecification","valueRequired":true,"valueName":"search_term_string"}}],"inLanguage":"fr-FR"}]}},"_links":{"self":[{"href":"https:\/\/admin.industriall-union.org\/fr\/wp-json\/wp\/v2\/article\/150142","targetHints":{"allow":["GET"]}}],"collection":[{"href":"https:\/\/admin.industriall-union.org\/fr\/wp-json\/wp\/v2\/article"}],"about":[{"href":"https:\/\/admin.industriall-union.org\/fr\/wp-json\/wp\/v2\/types\/article"}],"wp:attachment":[{"href":"https:\/\/admin.industriall-union.org\/fr\/wp-json\/wp\/v2\/media?parent=150142"}],"wp:term":[{"taxonomy":"issues","embeddable":true,"href":"https:\/\/admin.industriall-union.org\/fr\/wp-json\/wp\/v2\/issues?post=150142"},{"taxonomy":"companies","embeddable":true,"href":"https:\/\/admin.industriall-union.org\/fr\/wp-json\/wp\/v2\/companies?post=150142"},{"taxonomy":"regions","embeddable":true,"href":"https:\/\/admin.industriall-union.org\/fr\/wp-json\/wp\/v2\/regions?post=150142"},{"taxonomy":"sectors","embeddable":true,"href":"https:\/\/admin.industriall-union.org\/fr\/wp-json\/wp\/v2\/sectors?post=150142"},{"taxonomy":"article_tags","embeddable":true,"href":"https:\/\/admin.industriall-union.org\/fr\/wp-json\/wp\/v2\/article_tags?post=150142"}],"curies":[{"name":"wp","href":"https:\/\/api.w.org\/{rel}","templated":true}]}}