{"id":150135,"date":"2016-10-27T13:42:46","date_gmt":"2016-10-27T13:42:46","guid":{"rendered":"https:\/\/admin.industriall-union.org\/nissan-suisse-delocalise-92-emplois\/"},"modified":"2025-02-06T20:23:27","modified_gmt":"2025-02-06T20:23:27","slug":"nissan-suisse-delocalise-92-emplois","status":"publish","type":"article","link":"https:\/\/admin.industriall-union.org\/fr\/nissan-suisse-delocalise-92-emplois\/","title":{"rendered":"Nissan Suisse d\u00e9localise 92 emplois"},"content":{"rendered":"<p>Nissan International relocalisera 92 des 228 postes de son site suisse de Rolle. Selon le syndicat UNIA affili\u00e9 \u00e0 IndustriALL la compagnie a ouvert une p\u00e9riode de consultation jusqu&rsquo;au 29 septembre 2016 apr\u00e8s avoir communiqu\u00e9 l&rsquo;information aux autorit\u00e9s.<br \/>&nbsp;<br \/>M\u00eame si une p\u00e9riode de consultation a \u00e9t\u00e9 ouverte conform\u00e9ment \u00e0 la l\u00e9gislation suisse, les droits des employ\u00e9s touch\u00e9s par cette d\u00e9localisation ne sont toujours pas respect\u00e9s, a signal\u00e9 UNIA.<br \/>&nbsp;<br \/>La p\u00e9riode de consultation a manifestement \u00e9t\u00e9 entach\u00e9e d&rsquo;irr\u00e9gularit\u00e9s puisque des documents cl\u00e9s ont \u00e9t\u00e9 produits seulement neuf jours avant qu&rsquo;elle s&rsquo;ach\u00e8ve.<br \/>&nbsp;<br \/>&laquo;&nbsp;UNIA ne dispose pas d&rsquo;informations suffisantes pour savoir, par exemple, combien d&rsquo;employ\u00e9s sur les 92 concern\u00e9s par la d\u00e9localisation sont soumis \u00e0 un contrat de travail r\u00e9gi par le droit suisse&nbsp;&raquo;, a d\u00e9clar\u00e9 Komla Kpogli, Secr\u00e9taire syndical \u00e0 UNIA.<br \/>&nbsp;<br \/>&laquo;&nbsp;Nissan ne reconna\u00eet pas le mandat collectif du syndicat. Les prolongations de la p\u00e9riode de consultation accord\u00e9es par la compagnie visaient seulement \u00e0 gagner du temps afin d&rsquo;affaiblir les employ\u00e9s qui devront d\u00e9ployer des efforts consid\u00e9rables pour trouver du temps pour travailler et demander la tenue de consultations syndicales &raquo;, a soulign\u00e9 Helmut Lense, directeur d&rsquo;IndustriALL pour le secteur automobile.<br \/>&nbsp;<br \/>Nissan a \u00e9t\u00e9 invit\u00e9 fermement \u00e0 reconna\u00eetre UNIA comme ayant \u00e9t\u00e9 officiellement mandat\u00e9 par les travailleurs. Devant le refus de la compagnie, le syndicat a d\u00e9cid\u00e9 de mener une action collective avec les employ\u00e9s le 18 octobre au si\u00e8ge de Nissan International \u00e0 Rolle.<br \/>&nbsp;<br \/>&laquo;&nbsp;Les \u00e9v\u00e9nements r\u00e9cents impliquant Nissan jettent un doute sur la volont\u00e9 de la compagnie de coop\u00e9rer de bonne foi avec les syndicats. La direction de Nissan \u00e0 Canton dans le Mississippi continue de faire pression sur les employ\u00e9s et de les d\u00e9courager \u00e0 s&rsquo;organiser&nbsp;&raquo;, a indiqu\u00e9 Helmut Lense.<br \/>&nbsp;<br \/>Quelques jours auparavant, le 12 octobre, \u00e0 Paris, les <a href=\"http:\/\/www.industriall-union.org\/workers-at-nissan-us-fight-for-the-right-to-organize\">syndicats fran\u00e7ais et am\u00e9ricains ont uni leurs efforts<\/a> \u00e0 IndustriALL et aux parlementaires fran\u00e7ais pour demander au PDG de Renault-Nissan, Carlos Ghosn, de mettre un terme aux pratiques antisyndicales ayant cours \u00e0 l&rsquo;usine Nissan implant\u00e9e \u00e0 Canton dans le Mississippi.<\/p>","protected":false},"featured_media":0,"template":"","issues":[],"companies":[97],"regions":[248],"sectors":[482],"article_tags":[],"class_list":["post-150135","article","type-article","status-publish","hentry","companies-nissan","regions-switzerland","sectors-automotive"],"acf":[],"yoast_head":"<!-- This site is optimized with the Yoast SEO Premium plugin v27.1 (Yoast SEO v27.1) - https:\/\/yoast.com\/product\/yoast-seo-premium-wordpress\/ -->\n<title>Nissan Suisse d\u00e9localise 92 emplois - industriall-union<\/title>\n<meta name=\"description\" content=\"Nissan International relocalisera 92 des 228 postes de son site suisse de Rolle. Selon le syndicat UNIA affili\u00e9 \u00e0 IndustriALL la compagnie a ouvert une\" \/>\n<meta name=\"robots\" content=\"index, follow, max-snippet:-1, max-image-preview:large, max-video-preview:-1\" \/>\n<link rel=\"canonical\" href=\"https:\/\/admin.industriall-union.org\/fr\/nissan-suisse-delocalise-92-emplois\/\" \/>\n<meta property=\"og:locale\" content=\"fr_FR\" \/>\n<meta property=\"og:type\" content=\"article\" \/>\n<meta property=\"og:title\" content=\"Nissan Suisse d\u00e9localise 92 emplois\" \/>\n<meta property=\"og:description\" content=\"Nissan International relocalisera 92 des 228 postes de son site suisse de Rolle. Selon le syndicat UNIA affili\u00e9 \u00e0 IndustriALL la compagnie a ouvert une\" \/>\n<meta property=\"og:url\" content=\"https:\/\/admin.industriall-union.org\/fr\/nissan-suisse-delocalise-92-emplois\/\" \/>\n<meta property=\"og:site_name\" content=\"industriall-union\" \/>\n<meta property=\"article:modified_time\" content=\"2025-02-06T20:23:27+00:00\" \/>\n<meta name=\"twitter:card\" content=\"summary_large_image\" \/>\n<meta name=\"twitter:label1\" content=\"Est. reading time\" \/>\n\t<meta name=\"twitter:data1\" content=\"2 minutes\" \/>\n<script type=\"application\/ld+json\" class=\"yoast-schema-graph\">{\"@context\":\"https:\/\/schema.org\",\"@graph\":[{\"@type\":\"WebPage\",\"@id\":\"https:\/\/admin.industriall-union.org\/fr\/nissan-suisse-delocalise-92-emplois\/\",\"url\":\"https:\/\/admin.industriall-union.org\/fr\/nissan-suisse-delocalise-92-emplois\/\",\"name\":\"Nissan Suisse d\u00e9localise 92 emplois - industriall-union\",\"isPartOf\":{\"@id\":\"https:\/\/admin.industriall-union.org\/#website\"},\"datePublished\":\"2016-10-27T13:42:46+00:00\",\"dateModified\":\"2025-02-06T20:23:27+00:00\",\"description\":\"Nissan International relocalisera 92 des 228 postes de son site suisse de Rolle. Selon le syndicat UNIA affili\u00e9 \u00e0 IndustriALL la compagnie a ouvert une\",\"breadcrumb\":{\"@id\":\"https:\/\/admin.industriall-union.org\/fr\/nissan-suisse-delocalise-92-emplois\/#breadcrumb\"},\"inLanguage\":\"fr-FR\",\"potentialAction\":[{\"@type\":\"ReadAction\",\"target\":[\"https:\/\/admin.industriall-union.org\/fr\/nissan-suisse-delocalise-92-emplois\/\"]}]},{\"@type\":\"BreadcrumbList\",\"@id\":\"https:\/\/admin.industriall-union.org\/fr\/nissan-suisse-delocalise-92-emplois\/#breadcrumb\",\"itemListElement\":[{\"@type\":\"ListItem\",\"position\":1,\"name\":\"Home\",\"item\":\"https:\/\/admin.industriall-union.org\/\"},{\"@type\":\"ListItem\",\"position\":2,\"name\":\"Articles\",\"item\":\"https:\/\/admin.industriall-union.org\/article\/\"},{\"@type\":\"ListItem\",\"position\":3,\"name\":\"Nissan Suisse d\u00e9localise 92 emplois\"}]},{\"@type\":\"WebSite\",\"@id\":\"https:\/\/admin.industriall-union.org\/#website\",\"url\":\"https:\/\/admin.industriall-union.org\/\",\"name\":\"industriall-union\",\"description\":\"\",\"potentialAction\":[{\"@type\":\"SearchAction\",\"target\":{\"@type\":\"EntryPoint\",\"urlTemplate\":\"https:\/\/admin.industriall-union.org\/?s={search_term_string}\"},\"query-input\":{\"@type\":\"PropertyValueSpecification\",\"valueRequired\":true,\"valueName\":\"search_term_string\"}}],\"inLanguage\":\"fr-FR\"}]}<\/script>\n<!-- \/ Yoast SEO Premium plugin. -->","yoast_head_json":{"title":"Nissan Suisse d\u00e9localise 92 emplois - industriall-union","description":"Nissan International relocalisera 92 des 228 postes de son site suisse de Rolle. Selon le syndicat UNIA affili\u00e9 \u00e0 IndustriALL la compagnie a ouvert une","robots":{"index":"index","follow":"follow","max-snippet":"max-snippet:-1","max-image-preview":"max-image-preview:large","max-video-preview":"max-video-preview:-1"},"canonical":"https:\/\/admin.industriall-union.org\/fr\/nissan-suisse-delocalise-92-emplois\/","og_locale":"fr_FR","og_type":"article","og_title":"Nissan Suisse d\u00e9localise 92 emplois","og_description":"Nissan International relocalisera 92 des 228 postes de son site suisse de Rolle. Selon le syndicat UNIA affili\u00e9 \u00e0 IndustriALL la compagnie a ouvert une","og_url":"https:\/\/admin.industriall-union.org\/fr\/nissan-suisse-delocalise-92-emplois\/","og_site_name":"industriall-union","article_modified_time":"2025-02-06T20:23:27+00:00","twitter_card":"summary_large_image","twitter_misc":{"Est. reading time":"2 minutes"},"schema":{"@context":"https:\/\/schema.org","@graph":[{"@type":"WebPage","@id":"https:\/\/admin.industriall-union.org\/fr\/nissan-suisse-delocalise-92-emplois\/","url":"https:\/\/admin.industriall-union.org\/fr\/nissan-suisse-delocalise-92-emplois\/","name":"Nissan Suisse d\u00e9localise 92 emplois - industriall-union","isPartOf":{"@id":"https:\/\/admin.industriall-union.org\/#website"},"datePublished":"2016-10-27T13:42:46+00:00","dateModified":"2025-02-06T20:23:27+00:00","description":"Nissan International relocalisera 92 des 228 postes de son site suisse de Rolle. Selon le syndicat UNIA affili\u00e9 \u00e0 IndustriALL la compagnie a ouvert une","breadcrumb":{"@id":"https:\/\/admin.industriall-union.org\/fr\/nissan-suisse-delocalise-92-emplois\/#breadcrumb"},"inLanguage":"fr-FR","potentialAction":[{"@type":"ReadAction","target":["https:\/\/admin.industriall-union.org\/fr\/nissan-suisse-delocalise-92-emplois\/"]}]},{"@type":"BreadcrumbList","@id":"https:\/\/admin.industriall-union.org\/fr\/nissan-suisse-delocalise-92-emplois\/#breadcrumb","itemListElement":[{"@type":"ListItem","position":1,"name":"Home","item":"https:\/\/admin.industriall-union.org\/"},{"@type":"ListItem","position":2,"name":"Articles","item":"https:\/\/admin.industriall-union.org\/article\/"},{"@type":"ListItem","position":3,"name":"Nissan Suisse d\u00e9localise 92 emplois"}]},{"@type":"WebSite","@id":"https:\/\/admin.industriall-union.org\/#website","url":"https:\/\/admin.industriall-union.org\/","name":"industriall-union","description":"","potentialAction":[{"@type":"SearchAction","target":{"@type":"EntryPoint","urlTemplate":"https:\/\/admin.industriall-union.org\/?s={search_term_string}"},"query-input":{"@type":"PropertyValueSpecification","valueRequired":true,"valueName":"search_term_string"}}],"inLanguage":"fr-FR"}]}},"_links":{"self":[{"href":"https:\/\/admin.industriall-union.org\/fr\/wp-json\/wp\/v2\/article\/150135","targetHints":{"allow":["GET"]}}],"collection":[{"href":"https:\/\/admin.industriall-union.org\/fr\/wp-json\/wp\/v2\/article"}],"about":[{"href":"https:\/\/admin.industriall-union.org\/fr\/wp-json\/wp\/v2\/types\/article"}],"wp:attachment":[{"href":"https:\/\/admin.industriall-union.org\/fr\/wp-json\/wp\/v2\/media?parent=150135"}],"wp:term":[{"taxonomy":"issues","embeddable":true,"href":"https:\/\/admin.industriall-union.org\/fr\/wp-json\/wp\/v2\/issues?post=150135"},{"taxonomy":"companies","embeddable":true,"href":"https:\/\/admin.industriall-union.org\/fr\/wp-json\/wp\/v2\/companies?post=150135"},{"taxonomy":"regions","embeddable":true,"href":"https:\/\/admin.industriall-union.org\/fr\/wp-json\/wp\/v2\/regions?post=150135"},{"taxonomy":"sectors","embeddable":true,"href":"https:\/\/admin.industriall-union.org\/fr\/wp-json\/wp\/v2\/sectors?post=150135"},{"taxonomy":"article_tags","embeddable":true,"href":"https:\/\/admin.industriall-union.org\/fr\/wp-json\/wp\/v2\/article_tags?post=150135"}],"curies":[{"name":"wp","href":"https:\/\/api.w.org\/{rel}","templated":true}]}}