{"id":150127,"date":"2016-11-01T12:39:20","date_gmt":"2016-11-01T12:39:20","guid":{"rendered":"https:\/\/admin.industriall-union.org\/un-nouvel-accident-minier-au-chili-illustre-le-besoin-de-ratifier-la-c176-de-l-oit\/"},"modified":"2025-02-06T20:15:08","modified_gmt":"2025-02-06T20:15:08","slug":"un-nouvel-accident-minier-au-chili-illustre-le-besoin-de-ratifier-la-c176-de-l-oit","status":"publish","type":"article","link":"https:\/\/admin.industriall-union.org\/fr\/un-nouvel-accident-minier-au-chili-illustre-le-besoin-de-ratifier-la-c176-de-l-oit\/","title":{"rendered":"Un nouvel accident minier au Chili illustre le besoin de ratifier la C176 de l\u2019OIT"},"content":{"rendered":"<p>Un homme de 22 ans est d\u00e9c\u00e9d\u00e9 ce 21 octobre alors qu&rsquo;il effectuait des travaux de maintenance \u00e0 la mine La Escondida. Ce mineur \u00e9tait employ\u00e9 par un sous-traitant de cette mine qui appartient \u00e0 BHP Billiton et Rio Tinto.<\/p><p>Rudy Henry Ortiz Mart\u00ednez n&rsquo;\u00e9tait pas le premier mineur \u00e0 perdre la vie cette ann\u00e9e. Les chiffres publi\u00e9s par le Minist\u00e8re des Mines et le Service g\u00e9ologique et minier national du Chili (SERNAGEOMIN) montrent que six accidents miniers survenus dans le pays ont conduit \u00e0 des d\u00e9c\u00e8s au cours des six premiers mois de 2016. Un mineur de la mine El Abra dans la r\u00e9gion d&rsquo;Antofagasta a \u00e9t\u00e9 tu\u00e9 en ao\u00fbt.<\/p><p>Selon SERNAGEOMIN, une moyenne annuelle de 29 accidents impliquant des d\u00e9c\u00e8s se produisent au Chili au niveau du secteur minier, qui est la principale industrie du pays. 2012 a vu le chiffre le plus bas, 22, alors qu&rsquo;un nombre effarant de 41 personnes ont \u00e9t\u00e9 tu\u00e9es en 2010.<\/p><p>La <a href=\"http:\/\/www.ilo.org\/dyn\/normlex\/fr\/f?p=NORMLEXPUB:12100:0::NO::P12100_ILO_CODE:C176\">Convention 176 de l&rsquo;OIT sur la s\u00e9curit\u00e9 et la sant\u00e9 dans les mines<\/a> existe depuis plus de 20 ans. Adopt\u00e9e en 1995, la C176 fournit aux pays un cadre pour cr\u00e9er un environnement de travail s\u00fbr, en fixant des obligations aux entreprises, et donne des droits aux travailleurs.<\/p><p>Cependant, \u00e0 ce stade, seuls 31 pays ont ratifi\u00e9 la C176. Certains pays parmi ceux ayant les pires bilans en mati\u00e8re de s\u00e9curit\u00e9, dont le Pakistan, la Chine et le Chili, doivent toujours ratifier la convention.<\/p><p>IndustriALL Global Union m\u00e8ne une <a href=\"http:\/\/www.industriall-union.org\/fr\/themes\/construire-des-syndicats-forts\/sante-et-securite\/convention-176-securite-miniere\">campagne pour encourager les pays \u00e0 ratifier la C176<\/a>. Cette Convention \u00e9tablit un cadre l\u00e9gal et d&rsquo;inspection pour promouvoir la s\u00e9curit\u00e9 dans les mines et un environnement de travail digne. Elle donne aussi aux travailleurs le droit d&rsquo;\u00e9lire des repr\u00e9sentants ind\u00e9pendants en mati\u00e8re de s\u00e9curit\u00e9 et le droit de refuser les t\u00e2ches dangereuses.<\/p><p>Les syndicats affili\u00e9s \u00e0 IndustriALL au Chili se sont joints \u00e0 la campagne. Ce 7 octobre, IndustriALL Chile CONSTRAMET a \u00e9crit \u00e0 la Ministre du Travail, Ximena Rinc\u00f3n, pour lui demander de ratifier la C176, de sorte \u00e0 mettre fin \u00e0 la s\u00e9rie d&rsquo;accidents qui se sont produits \u00e0 la mine Abra, chez Transnational Freeport-MCMoran, \u00e0 la mine Chuquicamata de CODELCO Chile, chez ORICA Explosives et d&rsquo;autres encore.<\/p><p>Le syndicat et la F\u00e9d\u00e9ration des superviseurs de CODELCO ont rencontr\u00e9 le Sous-Secr\u00e9taire aux Mines et tous sont convenus de tenir une nouvelle r\u00e9union le jeudi 27 octobre entre les syndicats des mines et le d\u00e9partement du bien-\u00eatre social (responsable de l&rsquo;application des l\u00e9gislations en mati\u00e8re de sant\u00e9 et s\u00e9curit\u00e9). Ils vont discuter de la mani\u00e8re dont le gouvernement pourrait reprendre ses d\u00e9marches pour tenter d&rsquo;obtenir l&rsquo;approbation du parlement pour la ratification de la C176.<\/p><p>Jorge Almeida, Secr\u00e9taire r\u00e9gional d&rsquo;IndustriALL pour l&rsquo;Am\u00e9rique latine et les Cara\u00efbes a d\u00e9clar\u00e9&nbsp;:<\/p><blockquote><p>IndustriALL Global Union est d&rsquo;avis que cette nouvelle affaire d&rsquo;homicide industriel fait qu&rsquo;il est impossible de comprendre l&rsquo;\u00e9chec du gouvernement \u00e0 faire adopter la C176 de l&rsquo;OIT. Les travailleurs ont le devoir et le droit de participer \u00e0 la r\u00e9alisation de conditions et de lieux de travail s\u00fbrs, car pour eux, c&rsquo;est une question de vie ou de mort.<\/p><p>Les employeurs ont la responsabilit\u00e9 de fournir des conditions et des lieux de travail s\u00fbrs, de sorte \u00e0 ce que les travailleurs et travailleuses n&rsquo;aient pas \u00e0 perdre la vie sur les lieux m\u00eames o\u00f9 ils viennent pour la gagner.<\/p><\/blockquote>","protected":false},"featured_media":0,"template":"","issues":[403,402,425],"companies":[18,113],"regions":[263,254],"sectors":[495],"article_tags":[511,513,527],"class_list":["post-150127","article","type-article","status-publish","hentry","issues-convention-176-mine-safety","issues-health-and-safety","issues-workers-rights","companies-bhp","companies-rio-tinto","regions-chile","regions-latin-america-and-the-caribbean","sectors-mining","article_tags-industriall","article_tags-labour-laws","article_tags-social-protection"],"acf":[],"yoast_head":"<!-- This site is optimized with the Yoast SEO Premium plugin v27.1 (Yoast SEO v27.1) - https:\/\/yoast.com\/product\/yoast-seo-premium-wordpress\/ -->\n<title>Un nouvel accident minier au Chili illustre le besoin de ratifier la C176 de l\u2019OIT - industriall-union<\/title>\n<meta name=\"description\" content=\"Un homme de 22 ans est d\u00e9c\u00e9d\u00e9 ce 21 octobre alors qu&rsquo;il effectuait des travaux de maintenance \u00e0 la mine La Escondida. Ce mineur \u00e9tait employ\u00e9 par un\" \/>\n<meta name=\"robots\" content=\"index, follow, max-snippet:-1, max-image-preview:large, max-video-preview:-1\" \/>\n<link rel=\"canonical\" href=\"https:\/\/admin.industriall-union.org\/fr\/un-nouvel-accident-minier-au-chili-illustre-le-besoin-de-ratifier-la-c176-de-l-oit\/\" \/>\n<meta property=\"og:locale\" content=\"fr_FR\" \/>\n<meta property=\"og:type\" content=\"article\" \/>\n<meta property=\"og:title\" content=\"Un nouvel accident minier au Chili illustre le besoin de ratifier la C176 de l\u2019OIT\" \/>\n<meta property=\"og:description\" content=\"Un homme de 22 ans est d\u00e9c\u00e9d\u00e9 ce 21 octobre alors qu&rsquo;il effectuait des travaux de maintenance \u00e0 la mine La Escondida. Ce mineur \u00e9tait employ\u00e9 par un\" \/>\n<meta property=\"og:url\" content=\"https:\/\/admin.industriall-union.org\/fr\/un-nouvel-accident-minier-au-chili-illustre-le-besoin-de-ratifier-la-c176-de-l-oit\/\" \/>\n<meta property=\"og:site_name\" content=\"industriall-union\" \/>\n<meta property=\"article:modified_time\" content=\"2025-02-06T20:15:08+00:00\" \/>\n<meta name=\"twitter:card\" content=\"summary_large_image\" \/>\n<meta name=\"twitter:label1\" content=\"Est. reading time\" \/>\n\t<meta name=\"twitter:data1\" content=\"3 minutes\" \/>\n<script type=\"application\/ld+json\" class=\"yoast-schema-graph\">{\"@context\":\"https:\/\/schema.org\",\"@graph\":[{\"@type\":\"WebPage\",\"@id\":\"https:\/\/admin.industriall-union.org\/fr\/un-nouvel-accident-minier-au-chili-illustre-le-besoin-de-ratifier-la-c176-de-l-oit\/\",\"url\":\"https:\/\/admin.industriall-union.org\/fr\/un-nouvel-accident-minier-au-chili-illustre-le-besoin-de-ratifier-la-c176-de-l-oit\/\",\"name\":\"Un nouvel accident minier au Chili illustre le besoin de ratifier la C176 de l\u2019OIT - industriall-union\",\"isPartOf\":{\"@id\":\"https:\/\/admin.industriall-union.org\/#website\"},\"datePublished\":\"2016-11-01T12:39:20+00:00\",\"dateModified\":\"2025-02-06T20:15:08+00:00\",\"description\":\"Un homme de 22 ans est d\u00e9c\u00e9d\u00e9 ce 21 octobre alors qu&rsquo;il effectuait des travaux de maintenance \u00e0 la mine La Escondida. Ce mineur \u00e9tait employ\u00e9 par un\",\"breadcrumb\":{\"@id\":\"https:\/\/admin.industriall-union.org\/fr\/un-nouvel-accident-minier-au-chili-illustre-le-besoin-de-ratifier-la-c176-de-l-oit\/#breadcrumb\"},\"inLanguage\":\"fr-FR\",\"potentialAction\":[{\"@type\":\"ReadAction\",\"target\":[\"https:\/\/admin.industriall-union.org\/fr\/un-nouvel-accident-minier-au-chili-illustre-le-besoin-de-ratifier-la-c176-de-l-oit\/\"]}]},{\"@type\":\"BreadcrumbList\",\"@id\":\"https:\/\/admin.industriall-union.org\/fr\/un-nouvel-accident-minier-au-chili-illustre-le-besoin-de-ratifier-la-c176-de-l-oit\/#breadcrumb\",\"itemListElement\":[{\"@type\":\"ListItem\",\"position\":1,\"name\":\"Home\",\"item\":\"https:\/\/admin.industriall-union.org\/\"},{\"@type\":\"ListItem\",\"position\":2,\"name\":\"Articles\",\"item\":\"https:\/\/admin.industriall-union.org\/article\/\"},{\"@type\":\"ListItem\",\"position\":3,\"name\":\"Un nouvel accident minier au Chili illustre le besoin de ratifier la C176 de l\u2019OIT\"}]},{\"@type\":\"WebSite\",\"@id\":\"https:\/\/admin.industriall-union.org\/#website\",\"url\":\"https:\/\/admin.industriall-union.org\/\",\"name\":\"industriall-union\",\"description\":\"\",\"potentialAction\":[{\"@type\":\"SearchAction\",\"target\":{\"@type\":\"EntryPoint\",\"urlTemplate\":\"https:\/\/admin.industriall-union.org\/?s={search_term_string}\"},\"query-input\":{\"@type\":\"PropertyValueSpecification\",\"valueRequired\":true,\"valueName\":\"search_term_string\"}}],\"inLanguage\":\"fr-FR\"}]}<\/script>\n<!-- \/ Yoast SEO Premium plugin. -->","yoast_head_json":{"title":"Un nouvel accident minier au Chili illustre le besoin de ratifier la C176 de l\u2019OIT - industriall-union","description":"Un homme de 22 ans est d\u00e9c\u00e9d\u00e9 ce 21 octobre alors qu&rsquo;il effectuait des travaux de maintenance \u00e0 la mine La Escondida. Ce mineur \u00e9tait employ\u00e9 par un","robots":{"index":"index","follow":"follow","max-snippet":"max-snippet:-1","max-image-preview":"max-image-preview:large","max-video-preview":"max-video-preview:-1"},"canonical":"https:\/\/admin.industriall-union.org\/fr\/un-nouvel-accident-minier-au-chili-illustre-le-besoin-de-ratifier-la-c176-de-l-oit\/","og_locale":"fr_FR","og_type":"article","og_title":"Un nouvel accident minier au Chili illustre le besoin de ratifier la C176 de l\u2019OIT","og_description":"Un homme de 22 ans est d\u00e9c\u00e9d\u00e9 ce 21 octobre alors qu&rsquo;il effectuait des travaux de maintenance \u00e0 la mine La Escondida. Ce mineur \u00e9tait employ\u00e9 par un","og_url":"https:\/\/admin.industriall-union.org\/fr\/un-nouvel-accident-minier-au-chili-illustre-le-besoin-de-ratifier-la-c176-de-l-oit\/","og_site_name":"industriall-union","article_modified_time":"2025-02-06T20:15:08+00:00","twitter_card":"summary_large_image","twitter_misc":{"Est. reading time":"3 minutes"},"schema":{"@context":"https:\/\/schema.org","@graph":[{"@type":"WebPage","@id":"https:\/\/admin.industriall-union.org\/fr\/un-nouvel-accident-minier-au-chili-illustre-le-besoin-de-ratifier-la-c176-de-l-oit\/","url":"https:\/\/admin.industriall-union.org\/fr\/un-nouvel-accident-minier-au-chili-illustre-le-besoin-de-ratifier-la-c176-de-l-oit\/","name":"Un nouvel accident minier au Chili illustre le besoin de ratifier la C176 de l\u2019OIT - industriall-union","isPartOf":{"@id":"https:\/\/admin.industriall-union.org\/#website"},"datePublished":"2016-11-01T12:39:20+00:00","dateModified":"2025-02-06T20:15:08+00:00","description":"Un homme de 22 ans est d\u00e9c\u00e9d\u00e9 ce 21 octobre alors qu&rsquo;il effectuait des travaux de maintenance \u00e0 la mine La Escondida. Ce mineur \u00e9tait employ\u00e9 par un","breadcrumb":{"@id":"https:\/\/admin.industriall-union.org\/fr\/un-nouvel-accident-minier-au-chili-illustre-le-besoin-de-ratifier-la-c176-de-l-oit\/#breadcrumb"},"inLanguage":"fr-FR","potentialAction":[{"@type":"ReadAction","target":["https:\/\/admin.industriall-union.org\/fr\/un-nouvel-accident-minier-au-chili-illustre-le-besoin-de-ratifier-la-c176-de-l-oit\/"]}]},{"@type":"BreadcrumbList","@id":"https:\/\/admin.industriall-union.org\/fr\/un-nouvel-accident-minier-au-chili-illustre-le-besoin-de-ratifier-la-c176-de-l-oit\/#breadcrumb","itemListElement":[{"@type":"ListItem","position":1,"name":"Home","item":"https:\/\/admin.industriall-union.org\/"},{"@type":"ListItem","position":2,"name":"Articles","item":"https:\/\/admin.industriall-union.org\/article\/"},{"@type":"ListItem","position":3,"name":"Un nouvel accident minier au Chili illustre le besoin de ratifier la C176 de l\u2019OIT"}]},{"@type":"WebSite","@id":"https:\/\/admin.industriall-union.org\/#website","url":"https:\/\/admin.industriall-union.org\/","name":"industriall-union","description":"","potentialAction":[{"@type":"SearchAction","target":{"@type":"EntryPoint","urlTemplate":"https:\/\/admin.industriall-union.org\/?s={search_term_string}"},"query-input":{"@type":"PropertyValueSpecification","valueRequired":true,"valueName":"search_term_string"}}],"inLanguage":"fr-FR"}]}},"_links":{"self":[{"href":"https:\/\/admin.industriall-union.org\/fr\/wp-json\/wp\/v2\/article\/150127","targetHints":{"allow":["GET"]}}],"collection":[{"href":"https:\/\/admin.industriall-union.org\/fr\/wp-json\/wp\/v2\/article"}],"about":[{"href":"https:\/\/admin.industriall-union.org\/fr\/wp-json\/wp\/v2\/types\/article"}],"wp:attachment":[{"href":"https:\/\/admin.industriall-union.org\/fr\/wp-json\/wp\/v2\/media?parent=150127"}],"wp:term":[{"taxonomy":"issues","embeddable":true,"href":"https:\/\/admin.industriall-union.org\/fr\/wp-json\/wp\/v2\/issues?post=150127"},{"taxonomy":"companies","embeddable":true,"href":"https:\/\/admin.industriall-union.org\/fr\/wp-json\/wp\/v2\/companies?post=150127"},{"taxonomy":"regions","embeddable":true,"href":"https:\/\/admin.industriall-union.org\/fr\/wp-json\/wp\/v2\/regions?post=150127"},{"taxonomy":"sectors","embeddable":true,"href":"https:\/\/admin.industriall-union.org\/fr\/wp-json\/wp\/v2\/sectors?post=150127"},{"taxonomy":"article_tags","embeddable":true,"href":"https:\/\/admin.industriall-union.org\/fr\/wp-json\/wp\/v2\/article_tags?post=150127"}],"curies":[{"name":"wp","href":"https:\/\/api.w.org\/{rel}","templated":true}]}}