{"id":150100,"date":"2016-11-14T10:33:28","date_gmt":"2016-11-14T10:33:28","guid":{"rendered":"https:\/\/admin.industriall-union.org\/blog-cop22-marrakech-cinquieme-jour-vendredi-11-novembre-2016\/"},"modified":"2025-02-06T19:44:08","modified_gmt":"2025-02-06T19:44:08","slug":"blog-cop22-marrakech-cinquieme-jour-vendredi-11-novembre-2016","status":"publish","type":"article","link":"https:\/\/admin.industriall-union.org\/fr\/blog-cop22-marrakech-cinquieme-jour-vendredi-11-novembre-2016\/","title":{"rendered":"Blog COP22, Marrakech \u2013 Cinqui\u00e8me jour, vendredi 11 novembre 2016"},"content":{"rendered":"<p>Cinqui\u00e8me jour de la vingt-deuxi\u00e8me Conf\u00e9rence des Parties \u00e0 la Convention-cadre des Nations Unies sur les changements climatiques (COP22), 11 novembre, Marrakech, Maroc.<br \/>&nbsp;<br \/>Vendredi \u00e9tait le jour de l&rsquo;\u00e9v\u00e9nement syndical en marge de la COP. Lors d&rsquo;une manifestation parall\u00e8le officielle, les organisations esp\u00e8rent attirer l&rsquo;attention d&rsquo;autres participants et avoir la possibilit\u00e9 de leur pr\u00e9senter leur position.<br \/>&nbsp;<br \/>Nous avons fait salle comble! La salle \u00e9tait remplie de personnes d\u00e9sireuses d&rsquo;entendre le point de vue des syndicats, certaines ayant m\u00eame \u00e9t\u00e9 jusqu&rsquo;\u00e0 rester debout durant la r\u00e9union comme tous les si\u00e8ges \u00e9taient occup\u00e9s. Brian Kohler d&rsquo;IndustriALL Global Union a pr\u00e9sent\u00e9 une partie de notre travail sur la transition juste et notre analyse de la durabilit\u00e9 sectorielle.<br \/>&nbsp;<br \/>Les discussions des r\u00e9unions du Groupe de contact am\u00e9lior\u00e9 sur l&rsquo;impact des mesures de riposte, selon sa d\u00e9nomination informelle, que les syndicats ont suivi de tr\u00e8s pr\u00e8s, ont finalement d\u00e9bouch\u00e9 sur un projet de d\u00e9cision. Un groupe d&rsquo;experts techniques sera \u00e9tabli pour faire des recommandations formelles \u00e0 la prochaine COP sur la transition juste, les mutations industrielles et la diversification \u00e9conomique. Ce pourrait \u00eatre un point important de la traduction en termes concrets de la transition juste dans le cadre de la mise en \u0153uvre de l&rsquo;Accord de Paris.<br \/>&nbsp;<br \/>Les tentatives des Parties pour limiter la participation des observateurs continuent sans que l&rsquo;on sache clairement pourquoi de telles d\u00e9marches se produisent \u00e0 cette COP. Selon une rumeur, des sp\u00e9cialistes des sondages et autres professionnels auraient abus\u00e9 du statut d&rsquo;observateur. N\u00e9anmoins, si cette hypoth\u00e8se est fond\u00e9e, il ne devrait pas \u00eatre n\u00e9cessaire de punir toutes les organisations dot\u00e9es du statut d&rsquo;observateur.<br \/>&nbsp;<br \/>Bien entendu, de nombreuses autres discussions se sont poursuivies en ce vendredi, y compris sur le transfert des technologies ainsi que la continuation des efforts d\u00e9ploy\u00e9s pour constituer les fonds de 100 milliards de US$ par an affect\u00e9s \u00e0 la lutte contre les changements climatiques. &nbsp;<\/p>","protected":false},"featured_media":0,"template":"","issues":[393,419,418],"companies":[],"regions":[],"sectors":[],"article_tags":[],"class_list":["post-150100","article","type-article","status-publish","hentry","issues-climate-change-just-transition","issues-environment","issues-sustainability"],"acf":[],"yoast_head":"<!-- This site is optimized with the Yoast SEO Premium plugin v27.1 (Yoast SEO v27.1) - https:\/\/yoast.com\/product\/yoast-seo-premium-wordpress\/ -->\n<title>Blog COP22, Marrakech \u2013 Cinqui\u00e8me jour, vendredi 11 novembre 2016 - industriall-union<\/title>\n<meta name=\"description\" content=\"Cinqui\u00e8me jour de la vingt-deuxi\u00e8me Conf\u00e9rence des Parties \u00e0 la Convention-cadre des Nations Unies sur les changements climatiques (COP22), 11 novembre,\" \/>\n<meta name=\"robots\" content=\"index, follow, max-snippet:-1, max-image-preview:large, max-video-preview:-1\" \/>\n<link rel=\"canonical\" href=\"https:\/\/admin.industriall-union.org\/fr\/blog-cop22-marrakech-cinquieme-jour-vendredi-11-novembre-2016\/\" \/>\n<meta property=\"og:locale\" content=\"fr_FR\" \/>\n<meta property=\"og:type\" content=\"article\" \/>\n<meta property=\"og:title\" content=\"Blog COP22, Marrakech \u2013 Cinqui\u00e8me jour, vendredi 11 novembre 2016\" \/>\n<meta property=\"og:description\" content=\"Cinqui\u00e8me jour de la vingt-deuxi\u00e8me Conf\u00e9rence des Parties \u00e0 la Convention-cadre des Nations Unies sur les changements climatiques (COP22), 11 novembre,\" \/>\n<meta property=\"og:url\" content=\"https:\/\/admin.industriall-union.org\/fr\/blog-cop22-marrakech-cinquieme-jour-vendredi-11-novembre-2016\/\" \/>\n<meta property=\"og:site_name\" content=\"industriall-union\" \/>\n<meta property=\"article:modified_time\" content=\"2025-02-06T19:44:08+00:00\" \/>\n<meta name=\"twitter:card\" content=\"summary_large_image\" \/>\n<meta name=\"twitter:label1\" content=\"Est. reading time\" \/>\n\t<meta name=\"twitter:data1\" content=\"2 minutes\" \/>\n<script type=\"application\/ld+json\" class=\"yoast-schema-graph\">{\"@context\":\"https:\/\/schema.org\",\"@graph\":[{\"@type\":\"WebPage\",\"@id\":\"https:\/\/admin.industriall-union.org\/fr\/blog-cop22-marrakech-cinquieme-jour-vendredi-11-novembre-2016\/\",\"url\":\"https:\/\/admin.industriall-union.org\/fr\/blog-cop22-marrakech-cinquieme-jour-vendredi-11-novembre-2016\/\",\"name\":\"Blog COP22, Marrakech \u2013 Cinqui\u00e8me jour, vendredi 11 novembre 2016 - industriall-union\",\"isPartOf\":{\"@id\":\"https:\/\/admin.industriall-union.org\/#website\"},\"datePublished\":\"2016-11-14T10:33:28+00:00\",\"dateModified\":\"2025-02-06T19:44:08+00:00\",\"description\":\"Cinqui\u00e8me jour de la vingt-deuxi\u00e8me Conf\u00e9rence des Parties \u00e0 la Convention-cadre des Nations Unies sur les changements climatiques (COP22), 11 novembre,\",\"breadcrumb\":{\"@id\":\"https:\/\/admin.industriall-union.org\/fr\/blog-cop22-marrakech-cinquieme-jour-vendredi-11-novembre-2016\/#breadcrumb\"},\"inLanguage\":\"fr-FR\",\"potentialAction\":[{\"@type\":\"ReadAction\",\"target\":[\"https:\/\/admin.industriall-union.org\/fr\/blog-cop22-marrakech-cinquieme-jour-vendredi-11-novembre-2016\/\"]}]},{\"@type\":\"BreadcrumbList\",\"@id\":\"https:\/\/admin.industriall-union.org\/fr\/blog-cop22-marrakech-cinquieme-jour-vendredi-11-novembre-2016\/#breadcrumb\",\"itemListElement\":[{\"@type\":\"ListItem\",\"position\":1,\"name\":\"Home\",\"item\":\"https:\/\/admin.industriall-union.org\/\"},{\"@type\":\"ListItem\",\"position\":2,\"name\":\"Articles\",\"item\":\"https:\/\/admin.industriall-union.org\/article\/\"},{\"@type\":\"ListItem\",\"position\":3,\"name\":\"Blog COP22, Marrakech \u2013 Cinqui\u00e8me jour, vendredi 11 novembre 2016\"}]},{\"@type\":\"WebSite\",\"@id\":\"https:\/\/admin.industriall-union.org\/#website\",\"url\":\"https:\/\/admin.industriall-union.org\/\",\"name\":\"industriall-union\",\"description\":\"\",\"potentialAction\":[{\"@type\":\"SearchAction\",\"target\":{\"@type\":\"EntryPoint\",\"urlTemplate\":\"https:\/\/admin.industriall-union.org\/?s={search_term_string}\"},\"query-input\":{\"@type\":\"PropertyValueSpecification\",\"valueRequired\":true,\"valueName\":\"search_term_string\"}}],\"inLanguage\":\"fr-FR\"}]}<\/script>\n<!-- \/ Yoast SEO Premium plugin. -->","yoast_head_json":{"title":"Blog COP22, Marrakech \u2013 Cinqui\u00e8me jour, vendredi 11 novembre 2016 - industriall-union","description":"Cinqui\u00e8me jour de la vingt-deuxi\u00e8me Conf\u00e9rence des Parties \u00e0 la Convention-cadre des Nations Unies sur les changements climatiques (COP22), 11 novembre,","robots":{"index":"index","follow":"follow","max-snippet":"max-snippet:-1","max-image-preview":"max-image-preview:large","max-video-preview":"max-video-preview:-1"},"canonical":"https:\/\/admin.industriall-union.org\/fr\/blog-cop22-marrakech-cinquieme-jour-vendredi-11-novembre-2016\/","og_locale":"fr_FR","og_type":"article","og_title":"Blog COP22, Marrakech \u2013 Cinqui\u00e8me jour, vendredi 11 novembre 2016","og_description":"Cinqui\u00e8me jour de la vingt-deuxi\u00e8me Conf\u00e9rence des Parties \u00e0 la Convention-cadre des Nations Unies sur les changements climatiques (COP22), 11 novembre,","og_url":"https:\/\/admin.industriall-union.org\/fr\/blog-cop22-marrakech-cinquieme-jour-vendredi-11-novembre-2016\/","og_site_name":"industriall-union","article_modified_time":"2025-02-06T19:44:08+00:00","twitter_card":"summary_large_image","twitter_misc":{"Est. reading time":"2 minutes"},"schema":{"@context":"https:\/\/schema.org","@graph":[{"@type":"WebPage","@id":"https:\/\/admin.industriall-union.org\/fr\/blog-cop22-marrakech-cinquieme-jour-vendredi-11-novembre-2016\/","url":"https:\/\/admin.industriall-union.org\/fr\/blog-cop22-marrakech-cinquieme-jour-vendredi-11-novembre-2016\/","name":"Blog COP22, Marrakech \u2013 Cinqui\u00e8me jour, vendredi 11 novembre 2016 - industriall-union","isPartOf":{"@id":"https:\/\/admin.industriall-union.org\/#website"},"datePublished":"2016-11-14T10:33:28+00:00","dateModified":"2025-02-06T19:44:08+00:00","description":"Cinqui\u00e8me jour de la vingt-deuxi\u00e8me Conf\u00e9rence des Parties \u00e0 la Convention-cadre des Nations Unies sur les changements climatiques (COP22), 11 novembre,","breadcrumb":{"@id":"https:\/\/admin.industriall-union.org\/fr\/blog-cop22-marrakech-cinquieme-jour-vendredi-11-novembre-2016\/#breadcrumb"},"inLanguage":"fr-FR","potentialAction":[{"@type":"ReadAction","target":["https:\/\/admin.industriall-union.org\/fr\/blog-cop22-marrakech-cinquieme-jour-vendredi-11-novembre-2016\/"]}]},{"@type":"BreadcrumbList","@id":"https:\/\/admin.industriall-union.org\/fr\/blog-cop22-marrakech-cinquieme-jour-vendredi-11-novembre-2016\/#breadcrumb","itemListElement":[{"@type":"ListItem","position":1,"name":"Home","item":"https:\/\/admin.industriall-union.org\/"},{"@type":"ListItem","position":2,"name":"Articles","item":"https:\/\/admin.industriall-union.org\/article\/"},{"@type":"ListItem","position":3,"name":"Blog COP22, Marrakech \u2013 Cinqui\u00e8me jour, vendredi 11 novembre 2016"}]},{"@type":"WebSite","@id":"https:\/\/admin.industriall-union.org\/#website","url":"https:\/\/admin.industriall-union.org\/","name":"industriall-union","description":"","potentialAction":[{"@type":"SearchAction","target":{"@type":"EntryPoint","urlTemplate":"https:\/\/admin.industriall-union.org\/?s={search_term_string}"},"query-input":{"@type":"PropertyValueSpecification","valueRequired":true,"valueName":"search_term_string"}}],"inLanguage":"fr-FR"}]}},"_links":{"self":[{"href":"https:\/\/admin.industriall-union.org\/fr\/wp-json\/wp\/v2\/article\/150100","targetHints":{"allow":["GET"]}}],"collection":[{"href":"https:\/\/admin.industriall-union.org\/fr\/wp-json\/wp\/v2\/article"}],"about":[{"href":"https:\/\/admin.industriall-union.org\/fr\/wp-json\/wp\/v2\/types\/article"}],"wp:attachment":[{"href":"https:\/\/admin.industriall-union.org\/fr\/wp-json\/wp\/v2\/media?parent=150100"}],"wp:term":[{"taxonomy":"issues","embeddable":true,"href":"https:\/\/admin.industriall-union.org\/fr\/wp-json\/wp\/v2\/issues?post=150100"},{"taxonomy":"companies","embeddable":true,"href":"https:\/\/admin.industriall-union.org\/fr\/wp-json\/wp\/v2\/companies?post=150100"},{"taxonomy":"regions","embeddable":true,"href":"https:\/\/admin.industriall-union.org\/fr\/wp-json\/wp\/v2\/regions?post=150100"},{"taxonomy":"sectors","embeddable":true,"href":"https:\/\/admin.industriall-union.org\/fr\/wp-json\/wp\/v2\/sectors?post=150100"},{"taxonomy":"article_tags","embeddable":true,"href":"https:\/\/admin.industriall-union.org\/fr\/wp-json\/wp\/v2\/article_tags?post=150100"}],"curies":[{"name":"wp","href":"https:\/\/api.w.org\/{rel}","templated":true}]}}