{"id":150094,"date":"2016-11-15T09:14:29","date_gmt":"2016-11-15T09:14:29","guid":{"rendered":"https:\/\/admin.industriall-union.org\/blog-cop22-marrakech-huitieme-jour-lundi-14-novembre-2016\/"},"modified":"2025-02-06T19:37:06","modified_gmt":"2025-02-06T19:37:06","slug":"blog-cop22-marrakech-huitieme-jour-lundi-14-novembre-2016","status":"publish","type":"article","link":"https:\/\/admin.industriall-union.org\/fr\/blog-cop22-marrakech-huitieme-jour-lundi-14-novembre-2016\/","title":{"rendered":"Blog COP22, Marrakech \u2013 Huiti\u00e8me jour, lundi 14 novembre 2016"},"content":{"rendered":"<p>La conf\u00e9rence passant des discussions techniques au segment politique de haut niveau, certains des grands comit\u00e9s actifs durant la premi\u00e8re semaine de la COP22 concluent leurs travaux. Vous trouverez ci-dessous la d\u00e9claration d&rsquo;IndustriALL \u00e0 la s\u00e9ance pl\u00e9ni\u00e8re de cl\u00f4ture de l&rsquo;Organe subsidiaire pour la mise en \u0153uvre.<br \/>&nbsp;<br \/>Merci Monsieur le Pr\u00e9sident,<\/p><p>Je m&rsquo;appelle Brian Kohler. J&rsquo;occupe les fonctions de Directeur d&rsquo;IndustriALL pour la durabilit\u00e9 et m&rsquo;exprime aujourd&rsquo;hui \u00e9galement au nom des syndicats du monde entier.<\/p><p>A Paris, les Parties se sont engag\u00e9es en faveur d&rsquo;un cadre de transition juste qui \u00e9tablit un lien clair entre la n\u00e9cessit\u00e9 de prot\u00e9ger notre climat et celle de prot\u00e9ger la vie et les moyens de subsistance des travailleurs d&rsquo;aujourd&rsquo;hui et de demain.<\/p><p>Ici, \u00e0 Marrakech, les d\u00e9bats sur la fa\u00e7on de traduire ce cadre en mesures concr\u00e8tes ont principalement eu lieu au sein du groupe de contact conjoint SBI\/SBSTA, connu sous le nom de &laquo;&nbsp;Groupe de contact am\u00e9lior\u00e9 sur l&rsquo;impact des mesures de riposte&nbsp;&raquo;. Nous soutenons la proposition d&rsquo;\u00e9tablissement d&rsquo;un Groupe ad-hoc d&rsquo;experts techniques sur la diversification et la transformation des \u00e9conomies, ainsi que la transition juste pour les travailleurs et la cr\u00e9ation d&rsquo;emplois d\u00e9cents et de qualit\u00e9, contenue dans le projet de conclusions \u00e9labor\u00e9 par le groupe de contact conjoint, et notons avec satisfaction la d\u00e9cision des Parties de s&rsquo;appuyer sur l&rsquo;expertise des syndicats dans les futurs travaux du Groupe ad-hoc. &nbsp;<\/p><p>Il est primordial que les bons experts des acteurs concern\u00e9s fassent partie de ce groupe d&rsquo;experts. Les d\u00e9bats portant principalement sur les emplois et la transition vers une \u00e9conomie durable, les syndicats doivent \u00e9galement y \u00eatre repr\u00e9sent\u00e9s.<\/p><p>Les syndicats ont des id\u00e9es concr\u00e8tes sur la fa\u00e7on de concevoir et de fournir le soutien social n\u00e9cessaire \u00e0 une transition juste vers la r\u00e9alisation de la stabilit\u00e9 du climat mondial et de l&rsquo;\u00e9conomie mondiale. Figurent parmi celles-ci les politiques industrielles durables, la transformation industrielle et la diversification \u00e9conomique, conjugu\u00e9es \u00e0 des programmes novateurs d&rsquo;aide \u00e0 l&rsquo;adaptation de la main d&rsquo;\u0153uvre et \u00e0 un soutien social cons\u00e9quent.&nbsp;&nbsp;&nbsp;&nbsp;&nbsp;&nbsp;&nbsp;&nbsp;&nbsp;<\/p><p>Les parties prenantes comp\u00e9tentes dans ce cas sont les syndicats. Monsieur le Pr\u00e9sident, aucun groupe majeur ici n&rsquo;a fait davantage de recherches sur les composantes essentielles d&rsquo;une transition juste, ou en poss\u00e8de une meilleure compr\u00e9hension. Nous nous tenons pr\u00eats \u00e0 apporter notre concours, y compris \u00e0 d\u00e9livrer des conseils, par l&rsquo;entremise du Groupe ad-hoc d&rsquo;experts techniques au Forum am\u00e9lior\u00e9.<\/p><p>Nous remercions les Parties pour leur soutien sur cette question. Nous avons un besoin urgent que ces discussions atteignent leur but.<\/p><p>Merci.<\/p>","protected":false},"featured_media":0,"template":"","issues":[393,419,418],"companies":[],"regions":[],"sectors":[],"article_tags":[],"class_list":["post-150094","article","type-article","status-publish","hentry","issues-climate-change-just-transition","issues-environment","issues-sustainability"],"acf":[],"yoast_head":"<!-- This site is optimized with the Yoast SEO Premium plugin v27.1 (Yoast SEO v27.1) - https:\/\/yoast.com\/product\/yoast-seo-premium-wordpress\/ -->\n<title>Blog COP22, Marrakech \u2013 Huiti\u00e8me jour, lundi 14 novembre 2016 - industriall-union<\/title>\n<meta name=\"description\" content=\"La conf\u00e9rence passant des discussions techniques au segment politique de haut niveau, certains des grands comit\u00e9s actifs durant la premi\u00e8re semaine de la\" \/>\n<meta name=\"robots\" content=\"index, follow, max-snippet:-1, max-image-preview:large, max-video-preview:-1\" \/>\n<link rel=\"canonical\" href=\"https:\/\/admin.industriall-union.org\/fr\/blog-cop22-marrakech-huitieme-jour-lundi-14-novembre-2016\/\" \/>\n<meta property=\"og:locale\" content=\"fr_FR\" \/>\n<meta property=\"og:type\" content=\"article\" \/>\n<meta property=\"og:title\" content=\"Blog COP22, Marrakech \u2013 Huiti\u00e8me jour, lundi 14 novembre 2016\" \/>\n<meta property=\"og:description\" content=\"La conf\u00e9rence passant des discussions techniques au segment politique de haut niveau, certains des grands comit\u00e9s actifs durant la premi\u00e8re semaine de la\" \/>\n<meta property=\"og:url\" content=\"https:\/\/admin.industriall-union.org\/fr\/blog-cop22-marrakech-huitieme-jour-lundi-14-novembre-2016\/\" \/>\n<meta property=\"og:site_name\" content=\"industriall-union\" \/>\n<meta property=\"article:modified_time\" content=\"2025-02-06T19:37:06+00:00\" \/>\n<meta name=\"twitter:card\" content=\"summary_large_image\" \/>\n<meta name=\"twitter:label1\" content=\"Est. reading time\" \/>\n\t<meta name=\"twitter:data1\" content=\"3 minutes\" \/>\n<script type=\"application\/ld+json\" class=\"yoast-schema-graph\">{\"@context\":\"https:\/\/schema.org\",\"@graph\":[{\"@type\":\"WebPage\",\"@id\":\"https:\/\/admin.industriall-union.org\/fr\/blog-cop22-marrakech-huitieme-jour-lundi-14-novembre-2016\/\",\"url\":\"https:\/\/admin.industriall-union.org\/fr\/blog-cop22-marrakech-huitieme-jour-lundi-14-novembre-2016\/\",\"name\":\"Blog COP22, Marrakech \u2013 Huiti\u00e8me jour, lundi 14 novembre 2016 - industriall-union\",\"isPartOf\":{\"@id\":\"https:\/\/admin.industriall-union.org\/#website\"},\"datePublished\":\"2016-11-15T09:14:29+00:00\",\"dateModified\":\"2025-02-06T19:37:06+00:00\",\"description\":\"La conf\u00e9rence passant des discussions techniques au segment politique de haut niveau, certains des grands comit\u00e9s actifs durant la premi\u00e8re semaine de la\",\"breadcrumb\":{\"@id\":\"https:\/\/admin.industriall-union.org\/fr\/blog-cop22-marrakech-huitieme-jour-lundi-14-novembre-2016\/#breadcrumb\"},\"inLanguage\":\"fr-FR\",\"potentialAction\":[{\"@type\":\"ReadAction\",\"target\":[\"https:\/\/admin.industriall-union.org\/fr\/blog-cop22-marrakech-huitieme-jour-lundi-14-novembre-2016\/\"]}]},{\"@type\":\"BreadcrumbList\",\"@id\":\"https:\/\/admin.industriall-union.org\/fr\/blog-cop22-marrakech-huitieme-jour-lundi-14-novembre-2016\/#breadcrumb\",\"itemListElement\":[{\"@type\":\"ListItem\",\"position\":1,\"name\":\"Home\",\"item\":\"https:\/\/admin.industriall-union.org\/\"},{\"@type\":\"ListItem\",\"position\":2,\"name\":\"Articles\",\"item\":\"https:\/\/admin.industriall-union.org\/article\/\"},{\"@type\":\"ListItem\",\"position\":3,\"name\":\"Blog COP22, Marrakech \u2013 Huiti\u00e8me jour, lundi 14 novembre 2016\"}]},{\"@type\":\"WebSite\",\"@id\":\"https:\/\/admin.industriall-union.org\/#website\",\"url\":\"https:\/\/admin.industriall-union.org\/\",\"name\":\"industriall-union\",\"description\":\"\",\"potentialAction\":[{\"@type\":\"SearchAction\",\"target\":{\"@type\":\"EntryPoint\",\"urlTemplate\":\"https:\/\/admin.industriall-union.org\/?s={search_term_string}\"},\"query-input\":{\"@type\":\"PropertyValueSpecification\",\"valueRequired\":true,\"valueName\":\"search_term_string\"}}],\"inLanguage\":\"fr-FR\"}]}<\/script>\n<!-- \/ Yoast SEO Premium plugin. -->","yoast_head_json":{"title":"Blog COP22, Marrakech \u2013 Huiti\u00e8me jour, lundi 14 novembre 2016 - industriall-union","description":"La conf\u00e9rence passant des discussions techniques au segment politique de haut niveau, certains des grands comit\u00e9s actifs durant la premi\u00e8re semaine de la","robots":{"index":"index","follow":"follow","max-snippet":"max-snippet:-1","max-image-preview":"max-image-preview:large","max-video-preview":"max-video-preview:-1"},"canonical":"https:\/\/admin.industriall-union.org\/fr\/blog-cop22-marrakech-huitieme-jour-lundi-14-novembre-2016\/","og_locale":"fr_FR","og_type":"article","og_title":"Blog COP22, Marrakech \u2013 Huiti\u00e8me jour, lundi 14 novembre 2016","og_description":"La conf\u00e9rence passant des discussions techniques au segment politique de haut niveau, certains des grands comit\u00e9s actifs durant la premi\u00e8re semaine de la","og_url":"https:\/\/admin.industriall-union.org\/fr\/blog-cop22-marrakech-huitieme-jour-lundi-14-novembre-2016\/","og_site_name":"industriall-union","article_modified_time":"2025-02-06T19:37:06+00:00","twitter_card":"summary_large_image","twitter_misc":{"Est. reading time":"3 minutes"},"schema":{"@context":"https:\/\/schema.org","@graph":[{"@type":"WebPage","@id":"https:\/\/admin.industriall-union.org\/fr\/blog-cop22-marrakech-huitieme-jour-lundi-14-novembre-2016\/","url":"https:\/\/admin.industriall-union.org\/fr\/blog-cop22-marrakech-huitieme-jour-lundi-14-novembre-2016\/","name":"Blog COP22, Marrakech \u2013 Huiti\u00e8me jour, lundi 14 novembre 2016 - industriall-union","isPartOf":{"@id":"https:\/\/admin.industriall-union.org\/#website"},"datePublished":"2016-11-15T09:14:29+00:00","dateModified":"2025-02-06T19:37:06+00:00","description":"La conf\u00e9rence passant des discussions techniques au segment politique de haut niveau, certains des grands comit\u00e9s actifs durant la premi\u00e8re semaine de la","breadcrumb":{"@id":"https:\/\/admin.industriall-union.org\/fr\/blog-cop22-marrakech-huitieme-jour-lundi-14-novembre-2016\/#breadcrumb"},"inLanguage":"fr-FR","potentialAction":[{"@type":"ReadAction","target":["https:\/\/admin.industriall-union.org\/fr\/blog-cop22-marrakech-huitieme-jour-lundi-14-novembre-2016\/"]}]},{"@type":"BreadcrumbList","@id":"https:\/\/admin.industriall-union.org\/fr\/blog-cop22-marrakech-huitieme-jour-lundi-14-novembre-2016\/#breadcrumb","itemListElement":[{"@type":"ListItem","position":1,"name":"Home","item":"https:\/\/admin.industriall-union.org\/"},{"@type":"ListItem","position":2,"name":"Articles","item":"https:\/\/admin.industriall-union.org\/article\/"},{"@type":"ListItem","position":3,"name":"Blog COP22, Marrakech \u2013 Huiti\u00e8me jour, lundi 14 novembre 2016"}]},{"@type":"WebSite","@id":"https:\/\/admin.industriall-union.org\/#website","url":"https:\/\/admin.industriall-union.org\/","name":"industriall-union","description":"","potentialAction":[{"@type":"SearchAction","target":{"@type":"EntryPoint","urlTemplate":"https:\/\/admin.industriall-union.org\/?s={search_term_string}"},"query-input":{"@type":"PropertyValueSpecification","valueRequired":true,"valueName":"search_term_string"}}],"inLanguage":"fr-FR"}]}},"_links":{"self":[{"href":"https:\/\/admin.industriall-union.org\/fr\/wp-json\/wp\/v2\/article\/150094","targetHints":{"allow":["GET"]}}],"collection":[{"href":"https:\/\/admin.industriall-union.org\/fr\/wp-json\/wp\/v2\/article"}],"about":[{"href":"https:\/\/admin.industriall-union.org\/fr\/wp-json\/wp\/v2\/types\/article"}],"wp:attachment":[{"href":"https:\/\/admin.industriall-union.org\/fr\/wp-json\/wp\/v2\/media?parent=150094"}],"wp:term":[{"taxonomy":"issues","embeddable":true,"href":"https:\/\/admin.industriall-union.org\/fr\/wp-json\/wp\/v2\/issues?post=150094"},{"taxonomy":"companies","embeddable":true,"href":"https:\/\/admin.industriall-union.org\/fr\/wp-json\/wp\/v2\/companies?post=150094"},{"taxonomy":"regions","embeddable":true,"href":"https:\/\/admin.industriall-union.org\/fr\/wp-json\/wp\/v2\/regions?post=150094"},{"taxonomy":"sectors","embeddable":true,"href":"https:\/\/admin.industriall-union.org\/fr\/wp-json\/wp\/v2\/sectors?post=150094"},{"taxonomy":"article_tags","embeddable":true,"href":"https:\/\/admin.industriall-union.org\/fr\/wp-json\/wp\/v2\/article_tags?post=150094"}],"curies":[{"name":"wp","href":"https:\/\/api.w.org\/{rel}","templated":true}]}}