{"id":150048,"date":"2016-11-28T13:34:16","date_gmt":"2016-11-28T13:34:16","guid":{"rendered":"https:\/\/admin.industriall-union.org\/les-syndicats-mondiaux-font-front-en-soutien-a-la-greve-generale-coreenne\/"},"modified":"2025-02-06T18:55:37","modified_gmt":"2025-02-06T18:55:37","slug":"les-syndicats-mondiaux-font-front-en-soutien-a-la-greve-generale-coreenne","status":"publish","type":"article","link":"https:\/\/admin.industriall-union.org\/fr\/les-syndicats-mondiaux-font-front-en-soutien-a-la-greve-generale-coreenne\/","title":{"rendered":"Les syndicats mondiaux font front en soutien \u00e0 la gr\u00e8ve g\u00e9n\u00e9rale cor\u00e9enne"},"content":{"rendered":"<p>Les syndicats mondiaux IBB, IndustriALL, UITA, ISP et UNI manifesteront puis remettront en main propre une lettre \u00e0 la mission de la Cor\u00e9e du Sud \u00e0 Gen\u00e8ve soutenant la gr\u00e8ve g\u00e9n\u00e9rale et condamnant la pers\u00e9cution des syndicalistes dans le pays.<\/p><p>La gr\u00e8ve est organis\u00e9e par la Conf\u00e9d\u00e9ration cor\u00e9enne des syndicats (KCTU). Son pr\u00e9sident, Han Sang-Gyun, purge actuellement une peine d&rsquo;emprisonnement de cinq ans pour avoir jou\u00e9 un r\u00f4le dans l&rsquo;organisation d&rsquo;une manifestation populaire de 100&nbsp;000 personnes en 2015.<\/p><p>Durant ces deux derni\u00e8res ann\u00e9es, les syndicalistes ont men\u00e9 une lutte acharn\u00e9e contre les r\u00e9formes gouvernementales de la Pr\u00e9sidente de la Cor\u00e9e du Sud, Park Geun-hye, \u00e9labor\u00e9es pour baisser les salaires et pr\u00e9cariser davantage l&rsquo;emploi. En repr\u00e9sailles, un grand nombre de syndicalistes ont \u00e9t\u00e9 arr\u00eat\u00e9s, les bureaux des syndicats saccag\u00e9s et les syndicats d\u00e9pouill\u00e9s de leur statut juridique.<\/p><p>Le Secr\u00e9taire g\u00e9n\u00e9ral d&rsquo;IndustriALL Global Union, Valter Sanches, a d\u00e9clar\u00e9&nbsp;:<\/p><blockquote><p>Les membres d&rsquo;IndustriALL se mobilisent \u00e0 travers le monde pour soutenir la gr\u00e8ve g\u00e9n\u00e9rale. Les travailleurs cor\u00e9ens sont non seulement attaqu\u00e9s par le gouvernement mais aussi par les grands conglom\u00e9rats (chaebol) tout-puissants qui font tout ce qui est en leur pouvoir pour d\u00e9truire les syndicats et les droits des travailleurs. Les syndicats cor\u00e9ens et le mouvement syndical mondial r\u00e9sistent.<\/p><\/blockquote><p>Ambet Yuson, Secr\u00e9taire g\u00e9n\u00e9ral de l&rsquo;Internationale des travailleurs du b\u00e2timent et du bois (IBB), a indiqu\u00e9 :<\/p><blockquote><p>L&rsquo;heure est venue pour la Pr\u00e9sidente Park de d\u00e9missionner. L&rsquo;actuel scandale de corruption repr\u00e9sente seulement la partie \u00e9merg\u00e9e de l&rsquo;iceberg. Au cours de ces deux derni\u00e8res ann\u00e9es, nos coll\u00e8gues de la KCTU ont \u00e9t\u00e9 pris dans une bataille difficile pour r\u00e9sister aux r\u00e9formes n\u00e9olib\u00e9rales du droit du travail du gouvernement Park. L&rsquo;attaque lanc\u00e9e par ce gouvernement sur le mouvement syndical, cherchant seulement \u00e0 d\u00e9fendre ses droits d\u00e9mocratiques, nous ram\u00e8ne au temps de la dictature militaire. Des centaines de syndicalistes ont \u00e9t\u00e9 arr\u00eat\u00e9s, dont beaucoup, comme Han Sang Gyun, pr\u00e9sident de la KCTU, ont fait l&rsquo;objet de poursuites p\u00e9nales arbitraires pour des raisons politiques.<\/p><\/blockquote><p>Le Secr\u00e9taire g\u00e9n\u00e9ral de l&rsquo;Union internationale des travailleurs de l&rsquo;alimentation, de l&rsquo;agriculture, de l&rsquo;h\u00f4tellerie-restauration, du tabac et des branches connexes (UITA), Ron Oswald, a soulign\u00e9&nbsp;:<\/p><blockquote><p>L&rsquo;UITA est ici pour exprimer par des actes sa solidarit\u00e9 avec nos coll\u00e8gues en Cor\u00e9e r\u00e9clamant la d\u00e9mission de la Pr\u00e9sidente et luttant contre la mont\u00e9e des attaques perp\u00e9tr\u00e9es par le gouvernement contre les droits syndicaux et les libert\u00e9s civiles fondamentales. Les syndicalistes sont condamn\u00e9s \u00e0 des peines d&rsquo;emprisonnement parce qu&rsquo;ils luttent contre la pr\u00e9carisation, d\u00e9fendent le droit de gr\u00e8ve et s&rsquo;opposent \u00e0 l&rsquo;accord de Partenariat transpacifique. Ensemble avec nos membres en Cor\u00e9e et dans le monde entier, nous exigeons que le gouvernement soit tenu responsable de ces violations constantes des droits de l&rsquo;homme.<\/p><\/blockquote>","protected":false},"featured_media":0,"template":"","issues":[420,424,425],"companies":[],"regions":[170],"sectors":[],"article_tags":[],"class_list":["post-150048","article","type-article","status-publish","hentry","issues-solidarity","issues-violation","issues-workers-rights","regions-korea"],"acf":[],"yoast_head":"<!-- This site is optimized with the Yoast SEO Premium plugin v27.1 (Yoast SEO v27.1) - https:\/\/yoast.com\/product\/yoast-seo-premium-wordpress\/ -->\n<title>Les syndicats mondiaux font front en soutien \u00e0 la gr\u00e8ve g\u00e9n\u00e9rale cor\u00e9enne - industriall-union<\/title>\n<meta name=\"description\" content=\"Les syndicats mondiaux IBB, IndustriALL, UITA, ISP et UNI manifesteront puis remettront en main propre une lettre \u00e0 la mission de la Cor\u00e9e du Sud \u00e0 Gen\u00e8ve\" \/>\n<meta name=\"robots\" content=\"index, follow, max-snippet:-1, max-image-preview:large, max-video-preview:-1\" \/>\n<link rel=\"canonical\" href=\"https:\/\/admin.industriall-union.org\/fr\/les-syndicats-mondiaux-font-front-en-soutien-a-la-greve-generale-coreenne\/\" \/>\n<meta property=\"og:locale\" content=\"fr_FR\" \/>\n<meta property=\"og:type\" content=\"article\" \/>\n<meta property=\"og:title\" content=\"Les syndicats mondiaux font front en soutien \u00e0 la gr\u00e8ve g\u00e9n\u00e9rale cor\u00e9enne\" \/>\n<meta property=\"og:description\" content=\"Les syndicats mondiaux IBB, IndustriALL, UITA, ISP et UNI manifesteront puis remettront en main propre une lettre \u00e0 la mission de la Cor\u00e9e du Sud \u00e0 Gen\u00e8ve\" \/>\n<meta property=\"og:url\" content=\"https:\/\/admin.industriall-union.org\/fr\/les-syndicats-mondiaux-font-front-en-soutien-a-la-greve-generale-coreenne\/\" \/>\n<meta property=\"og:site_name\" content=\"industriall-union\" \/>\n<meta property=\"article:modified_time\" content=\"2025-02-06T18:55:37+00:00\" \/>\n<meta name=\"twitter:card\" content=\"summary_large_image\" \/>\n<meta name=\"twitter:label1\" content=\"Est. reading time\" \/>\n\t<meta name=\"twitter:data1\" content=\"3 minutes\" \/>\n<script type=\"application\/ld+json\" class=\"yoast-schema-graph\">{\"@context\":\"https:\/\/schema.org\",\"@graph\":[{\"@type\":\"WebPage\",\"@id\":\"https:\/\/admin.industriall-union.org\/fr\/les-syndicats-mondiaux-font-front-en-soutien-a-la-greve-generale-coreenne\/\",\"url\":\"https:\/\/admin.industriall-union.org\/fr\/les-syndicats-mondiaux-font-front-en-soutien-a-la-greve-generale-coreenne\/\",\"name\":\"Les syndicats mondiaux font front en soutien \u00e0 la gr\u00e8ve g\u00e9n\u00e9rale cor\u00e9enne - industriall-union\",\"isPartOf\":{\"@id\":\"https:\/\/admin.industriall-union.org\/#website\"},\"datePublished\":\"2016-11-28T13:34:16+00:00\",\"dateModified\":\"2025-02-06T18:55:37+00:00\",\"description\":\"Les syndicats mondiaux IBB, IndustriALL, UITA, ISP et UNI manifesteront puis remettront en main propre une lettre \u00e0 la mission de la Cor\u00e9e du Sud \u00e0 Gen\u00e8ve\",\"breadcrumb\":{\"@id\":\"https:\/\/admin.industriall-union.org\/fr\/les-syndicats-mondiaux-font-front-en-soutien-a-la-greve-generale-coreenne\/#breadcrumb\"},\"inLanguage\":\"fr-FR\",\"potentialAction\":[{\"@type\":\"ReadAction\",\"target\":[\"https:\/\/admin.industriall-union.org\/fr\/les-syndicats-mondiaux-font-front-en-soutien-a-la-greve-generale-coreenne\/\"]}]},{\"@type\":\"BreadcrumbList\",\"@id\":\"https:\/\/admin.industriall-union.org\/fr\/les-syndicats-mondiaux-font-front-en-soutien-a-la-greve-generale-coreenne\/#breadcrumb\",\"itemListElement\":[{\"@type\":\"ListItem\",\"position\":1,\"name\":\"Home\",\"item\":\"https:\/\/admin.industriall-union.org\/\"},{\"@type\":\"ListItem\",\"position\":2,\"name\":\"Articles\",\"item\":\"https:\/\/admin.industriall-union.org\/article\/\"},{\"@type\":\"ListItem\",\"position\":3,\"name\":\"Les syndicats mondiaux font front en soutien \u00e0 la gr\u00e8ve g\u00e9n\u00e9rale cor\u00e9enne\"}]},{\"@type\":\"WebSite\",\"@id\":\"https:\/\/admin.industriall-union.org\/#website\",\"url\":\"https:\/\/admin.industriall-union.org\/\",\"name\":\"industriall-union\",\"description\":\"\",\"potentialAction\":[{\"@type\":\"SearchAction\",\"target\":{\"@type\":\"EntryPoint\",\"urlTemplate\":\"https:\/\/admin.industriall-union.org\/?s={search_term_string}\"},\"query-input\":{\"@type\":\"PropertyValueSpecification\",\"valueRequired\":true,\"valueName\":\"search_term_string\"}}],\"inLanguage\":\"fr-FR\"}]}<\/script>\n<!-- \/ Yoast SEO Premium plugin. -->","yoast_head_json":{"title":"Les syndicats mondiaux font front en soutien \u00e0 la gr\u00e8ve g\u00e9n\u00e9rale cor\u00e9enne - industriall-union","description":"Les syndicats mondiaux IBB, IndustriALL, UITA, ISP et UNI manifesteront puis remettront en main propre une lettre \u00e0 la mission de la Cor\u00e9e du Sud \u00e0 Gen\u00e8ve","robots":{"index":"index","follow":"follow","max-snippet":"max-snippet:-1","max-image-preview":"max-image-preview:large","max-video-preview":"max-video-preview:-1"},"canonical":"https:\/\/admin.industriall-union.org\/fr\/les-syndicats-mondiaux-font-front-en-soutien-a-la-greve-generale-coreenne\/","og_locale":"fr_FR","og_type":"article","og_title":"Les syndicats mondiaux font front en soutien \u00e0 la gr\u00e8ve g\u00e9n\u00e9rale cor\u00e9enne","og_description":"Les syndicats mondiaux IBB, IndustriALL, UITA, ISP et UNI manifesteront puis remettront en main propre une lettre \u00e0 la mission de la Cor\u00e9e du Sud \u00e0 Gen\u00e8ve","og_url":"https:\/\/admin.industriall-union.org\/fr\/les-syndicats-mondiaux-font-front-en-soutien-a-la-greve-generale-coreenne\/","og_site_name":"industriall-union","article_modified_time":"2025-02-06T18:55:37+00:00","twitter_card":"summary_large_image","twitter_misc":{"Est. reading time":"3 minutes"},"schema":{"@context":"https:\/\/schema.org","@graph":[{"@type":"WebPage","@id":"https:\/\/admin.industriall-union.org\/fr\/les-syndicats-mondiaux-font-front-en-soutien-a-la-greve-generale-coreenne\/","url":"https:\/\/admin.industriall-union.org\/fr\/les-syndicats-mondiaux-font-front-en-soutien-a-la-greve-generale-coreenne\/","name":"Les syndicats mondiaux font front en soutien \u00e0 la gr\u00e8ve g\u00e9n\u00e9rale cor\u00e9enne - industriall-union","isPartOf":{"@id":"https:\/\/admin.industriall-union.org\/#website"},"datePublished":"2016-11-28T13:34:16+00:00","dateModified":"2025-02-06T18:55:37+00:00","description":"Les syndicats mondiaux IBB, IndustriALL, UITA, ISP et UNI manifesteront puis remettront en main propre une lettre \u00e0 la mission de la Cor\u00e9e du Sud \u00e0 Gen\u00e8ve","breadcrumb":{"@id":"https:\/\/admin.industriall-union.org\/fr\/les-syndicats-mondiaux-font-front-en-soutien-a-la-greve-generale-coreenne\/#breadcrumb"},"inLanguage":"fr-FR","potentialAction":[{"@type":"ReadAction","target":["https:\/\/admin.industriall-union.org\/fr\/les-syndicats-mondiaux-font-front-en-soutien-a-la-greve-generale-coreenne\/"]}]},{"@type":"BreadcrumbList","@id":"https:\/\/admin.industriall-union.org\/fr\/les-syndicats-mondiaux-font-front-en-soutien-a-la-greve-generale-coreenne\/#breadcrumb","itemListElement":[{"@type":"ListItem","position":1,"name":"Home","item":"https:\/\/admin.industriall-union.org\/"},{"@type":"ListItem","position":2,"name":"Articles","item":"https:\/\/admin.industriall-union.org\/article\/"},{"@type":"ListItem","position":3,"name":"Les syndicats mondiaux font front en soutien \u00e0 la gr\u00e8ve g\u00e9n\u00e9rale cor\u00e9enne"}]},{"@type":"WebSite","@id":"https:\/\/admin.industriall-union.org\/#website","url":"https:\/\/admin.industriall-union.org\/","name":"industriall-union","description":"","potentialAction":[{"@type":"SearchAction","target":{"@type":"EntryPoint","urlTemplate":"https:\/\/admin.industriall-union.org\/?s={search_term_string}"},"query-input":{"@type":"PropertyValueSpecification","valueRequired":true,"valueName":"search_term_string"}}],"inLanguage":"fr-FR"}]}},"_links":{"self":[{"href":"https:\/\/admin.industriall-union.org\/fr\/wp-json\/wp\/v2\/article\/150048","targetHints":{"allow":["GET"]}}],"collection":[{"href":"https:\/\/admin.industriall-union.org\/fr\/wp-json\/wp\/v2\/article"}],"about":[{"href":"https:\/\/admin.industriall-union.org\/fr\/wp-json\/wp\/v2\/types\/article"}],"wp:attachment":[{"href":"https:\/\/admin.industriall-union.org\/fr\/wp-json\/wp\/v2\/media?parent=150048"}],"wp:term":[{"taxonomy":"issues","embeddable":true,"href":"https:\/\/admin.industriall-union.org\/fr\/wp-json\/wp\/v2\/issues?post=150048"},{"taxonomy":"companies","embeddable":true,"href":"https:\/\/admin.industriall-union.org\/fr\/wp-json\/wp\/v2\/companies?post=150048"},{"taxonomy":"regions","embeddable":true,"href":"https:\/\/admin.industriall-union.org\/fr\/wp-json\/wp\/v2\/regions?post=150048"},{"taxonomy":"sectors","embeddable":true,"href":"https:\/\/admin.industriall-union.org\/fr\/wp-json\/wp\/v2\/sectors?post=150048"},{"taxonomy":"article_tags","embeddable":true,"href":"https:\/\/admin.industriall-union.org\/fr\/wp-json\/wp\/v2\/article_tags?post=150048"}],"curies":[{"name":"wp","href":"https:\/\/api.w.org\/{rel}","templated":true}]}}