{"id":150035,"date":"2016-12-01T15:56:37","date_gmt":"2016-12-01T15:56:37","guid":{"rendered":"https:\/\/admin.industriall-union.org\/des-syndicats-au-burkina-faso-et-au-senegal-se-defendent-contre-le-travail-precaire\/"},"modified":"2025-02-06T18:49:28","modified_gmt":"2025-02-06T18:49:28","slug":"des-syndicats-au-burkina-faso-et-au-senegal-se-defendent-contre-le-travail-precaire","status":"publish","type":"article","link":"https:\/\/admin.industriall-union.org\/fr\/des-syndicats-au-burkina-faso-et-au-senegal-se-defendent-contre-le-travail-precaire\/","title":{"rendered":"Des syndicats au Burkina Faso et au S\u00e9n\u00e9gal se d\u00e9fendent contre le travail pr\u00e9caire"},"content":{"rendered":"<p>Des affili\u00e9s d&rsquo;IndustriALL Global Union du Burkina Faso et du S\u00e9n\u00e9gal se sont r\u00e9unis les 30 novembre et 1er d\u00e9cembre \u00e0 Ouagadougou pour faire le point sur les avanc\u00e9es obtenues par leur combat contre le travail pr\u00e9caire. \u00c0 la fois au S\u00e9n\u00e9gal et au Burkina Faso, nos affili\u00e9s ont combattu activement le recours abusif, des ann\u00e9es durant, \u00e0 des contrats journaliers ou a dur\u00e9e d\u00e9termin\u00e9e.<\/p><p>En septembre dernier, apr\u00e8s plusieurs mois d&rsquo;un <a href=\"http:\/\/www.industriall-union.org\/fr\/le-conflit-de-longue-date-au-burkina-faso-loin-detre-regle\">conflit du travail<\/a> sur le site minier de Bissa Gold, propri\u00e9t\u00e9 de Nord Gold au Burkina Faso, 750 travailleurs temporaires ou \u00e0 dur\u00e9e d\u00e9termin\u00e9e, ont obtenu des contrats permanents. Deux cents travailleurs d&rsquo;agences d&rsquo;int\u00e9rim devraient \u00eatre employ\u00e9s directement en tant que salari\u00e9s permanents par Bissa Gold.<\/p><p>C&rsquo;est le r\u00e9sultat d&rsquo;une campagne active et d&rsquo;une exposition m\u00e9diatique men\u00e9es par l&rsquo;affili\u00e9 d&rsquo;IndustriALL, la F\u00e9d\u00e9ration des Industries Diverses (FID) et sa conf\u00e9d\u00e9ration, la CNTB, avec le soutien d&rsquo;IndustriALL.<\/p><p>Nord Gold a annonc\u00e9 qu&rsquo;elle allait verser aux travailleurs toutes les heures suppl\u00e9mentaires et tous les cong\u00e9s pay\u00e9s que leur devait son sous-traitant, Exterhum, tel qu&rsquo;exig\u00e9 par les travailleurs. Le cas des 116 travailleurs ill\u00e9galement licenci\u00e9s en octobre 2015 est toujours en attente d&rsquo;une d\u00e9cision d\u00e9finitive de la part du tribunal du travail.<\/p><p>Au Burkina Faso, en 2015, la FID et la F\u00e9d\u00e9ration Nationale des Travailleurs du Textile, de l&rsquo;Habillement et du Cuir (FNTTHC) a recrut\u00e9 548 nouveaux adh\u00e9rents issus de la main d&rsquo;\u0153uvre pr\u00e9caire. Les affili\u00e9s vont mener des actions conjointes ce 7 d\u00e9cembre pour d\u00e9noncer une l\u00e9gislation du travail adopt\u00e9e en 2008 et exiger sa r\u00e9vision. Celle-ci permet la reconduction illimit\u00e9e des contrats \u00e0 dur\u00e9e d\u00e9termin\u00e9e. Depuis l&rsquo;adoption de cette loi, le nombre de contrats \u00e0 dur\u00e9e d\u00e9termin\u00e9e a explos\u00e9.<\/p><p>En 2016 au S\u00e9n\u00e9gal, le Syndicat Unique des Travailleurs des Industries Diverses du S\u00e9n\u00e9gal (SUTIDS) a n\u00e9goci\u00e9 avec succ\u00e8s la r\u00e9gularisation de 218 travailleurs journaliers et \u00e0 dur\u00e9e d\u00e9termin\u00e9e sur les 996 travailleurs pr\u00e9caires occup\u00e9s par 15 entreprises du secteur de la chimie.<\/p><p>Le Syndicat National des Travailleurs des Industries Chimiques et Activit\u00e9s Rattach\u00e9es du S\u00e9n\u00e9gal (SYNTICS) a recrut\u00e9 avec succ\u00e8s 316 travailleurs pr\u00e9caires. La vie de ceux qui ont \u00e9t\u00e9 r\u00e9gularis\u00e9s a chang\u00e9 du tout au tout. Non seulement leurs salaires ont augment\u00e9, parfois doubl\u00e9, mais ils ont acc\u00e8s, et leurs familles avec eux, aux soins de sant\u00e9 tout en b\u00e9n\u00e9ficiant d&rsquo;un \u00e9quipement de protection ad\u00e9quat.<\/p><p>En 2015, les syndicats ont lanc\u00e9 <a href=\"http:\/\/www.industriall-union.org\/fr\/senegal-les-affilies-se-mobilisent-pour-le-7-octobre\">une campagne<\/a> pour limiter le recours \u00e0 des travailleurs journaliers dans leurs pays. \u00c0 la suite de cela, en 2016, ils n\u00e9gocient un amendement \u00e0 la l\u00e9gislation sur le recours au travail journalier au sein de l&rsquo;organe tripartite national.<\/p><p>L&rsquo;amendement vise \u00e0 interdire le recours au travail journalier au niveau des activit\u00e9s principales et \u00e0 fournir aux journaliers une couverture m\u00e9dicale et une protection sociale. Les affili\u00e9s ont pr\u00e9vu une autre journ\u00e9e d&rsquo;action en d\u00e9cembre pour mettre la pression sur les employeurs et le gouvernement. Les affili\u00e9s d&rsquo;IndustriALL sont parvenus avec succ\u00e8s \u00e0 entra\u00eener la mobilisation de diff\u00e9rents syndicats et conf\u00e9d\u00e9rations des services et de l&rsquo;agriculture pour cette campagne.<\/p>","protected":false},"featured_media":0,"template":"","issues":[415],"companies":[],"regions":[315,346,311],"sectors":[476,494,464],"article_tags":[],"class_list":["post-150035","article","type-article","status-publish","hentry","issues-stop-precarious-work","regions-burkina-faso","regions-senegal","regions-sub-saharan-africa","sectors-chemical-pharmaceutical-bio-science","sectors-mining-and-dgojp","sectors-textile-leather-garment-shoes-and-textile-services"],"acf":[],"yoast_head":"<!-- This site is optimized with the Yoast SEO Premium plugin v27.1 (Yoast SEO v27.1) - https:\/\/yoast.com\/product\/yoast-seo-premium-wordpress\/ -->\n<title>Des syndicats au Burkina Faso et au S\u00e9n\u00e9gal se d\u00e9fendent contre le travail pr\u00e9caire - industriall-union<\/title>\n<meta name=\"description\" content=\"Des affili\u00e9s d&rsquo;IndustriALL Global Union du Burkina Faso et du S\u00e9n\u00e9gal se sont r\u00e9unis les 30 novembre et 1er d\u00e9cembre \u00e0 Ouagadougou pour faire le\" \/>\n<meta name=\"robots\" content=\"index, follow, max-snippet:-1, max-image-preview:large, max-video-preview:-1\" \/>\n<link rel=\"canonical\" href=\"https:\/\/admin.industriall-union.org\/fr\/des-syndicats-au-burkina-faso-et-au-senegal-se-defendent-contre-le-travail-precaire\/\" \/>\n<meta property=\"og:locale\" content=\"fr_FR\" \/>\n<meta property=\"og:type\" content=\"article\" \/>\n<meta property=\"og:title\" content=\"Des syndicats au Burkina Faso et au S\u00e9n\u00e9gal se d\u00e9fendent contre le travail pr\u00e9caire\" \/>\n<meta property=\"og:description\" content=\"Des affili\u00e9s d&rsquo;IndustriALL Global Union du Burkina Faso et du S\u00e9n\u00e9gal se sont r\u00e9unis les 30 novembre et 1er d\u00e9cembre \u00e0 Ouagadougou pour faire le\" \/>\n<meta property=\"og:url\" content=\"https:\/\/admin.industriall-union.org\/fr\/des-syndicats-au-burkina-faso-et-au-senegal-se-defendent-contre-le-travail-precaire\/\" \/>\n<meta property=\"og:site_name\" content=\"industriall-union\" \/>\n<meta property=\"article:modified_time\" content=\"2025-02-06T18:49:28+00:00\" \/>\n<meta name=\"twitter:card\" content=\"summary_large_image\" \/>\n<meta name=\"twitter:label1\" content=\"Est. reading time\" \/>\n\t<meta name=\"twitter:data1\" content=\"3 minutes\" \/>\n<script type=\"application\/ld+json\" class=\"yoast-schema-graph\">{\"@context\":\"https:\/\/schema.org\",\"@graph\":[{\"@type\":\"WebPage\",\"@id\":\"https:\/\/admin.industriall-union.org\/fr\/des-syndicats-au-burkina-faso-et-au-senegal-se-defendent-contre-le-travail-precaire\/\",\"url\":\"https:\/\/admin.industriall-union.org\/fr\/des-syndicats-au-burkina-faso-et-au-senegal-se-defendent-contre-le-travail-precaire\/\",\"name\":\"Des syndicats au Burkina Faso et au S\u00e9n\u00e9gal se d\u00e9fendent contre le travail pr\u00e9caire - industriall-union\",\"isPartOf\":{\"@id\":\"https:\/\/admin.industriall-union.org\/#website\"},\"datePublished\":\"2016-12-01T15:56:37+00:00\",\"dateModified\":\"2025-02-06T18:49:28+00:00\",\"description\":\"Des affili\u00e9s d&rsquo;IndustriALL Global Union du Burkina Faso et du S\u00e9n\u00e9gal se sont r\u00e9unis les 30 novembre et 1er d\u00e9cembre \u00e0 Ouagadougou pour faire le\",\"breadcrumb\":{\"@id\":\"https:\/\/admin.industriall-union.org\/fr\/des-syndicats-au-burkina-faso-et-au-senegal-se-defendent-contre-le-travail-precaire\/#breadcrumb\"},\"inLanguage\":\"fr-FR\",\"potentialAction\":[{\"@type\":\"ReadAction\",\"target\":[\"https:\/\/admin.industriall-union.org\/fr\/des-syndicats-au-burkina-faso-et-au-senegal-se-defendent-contre-le-travail-precaire\/\"]}]},{\"@type\":\"BreadcrumbList\",\"@id\":\"https:\/\/admin.industriall-union.org\/fr\/des-syndicats-au-burkina-faso-et-au-senegal-se-defendent-contre-le-travail-precaire\/#breadcrumb\",\"itemListElement\":[{\"@type\":\"ListItem\",\"position\":1,\"name\":\"Home\",\"item\":\"https:\/\/admin.industriall-union.org\/\"},{\"@type\":\"ListItem\",\"position\":2,\"name\":\"Articles\",\"item\":\"https:\/\/admin.industriall-union.org\/article\/\"},{\"@type\":\"ListItem\",\"position\":3,\"name\":\"Des syndicats au Burkina Faso et au S\u00e9n\u00e9gal se d\u00e9fendent contre le travail pr\u00e9caire\"}]},{\"@type\":\"WebSite\",\"@id\":\"https:\/\/admin.industriall-union.org\/#website\",\"url\":\"https:\/\/admin.industriall-union.org\/\",\"name\":\"industriall-union\",\"description\":\"\",\"potentialAction\":[{\"@type\":\"SearchAction\",\"target\":{\"@type\":\"EntryPoint\",\"urlTemplate\":\"https:\/\/admin.industriall-union.org\/?s={search_term_string}\"},\"query-input\":{\"@type\":\"PropertyValueSpecification\",\"valueRequired\":true,\"valueName\":\"search_term_string\"}}],\"inLanguage\":\"fr-FR\"}]}<\/script>\n<!-- \/ Yoast SEO Premium plugin. -->","yoast_head_json":{"title":"Des syndicats au Burkina Faso et au S\u00e9n\u00e9gal se d\u00e9fendent contre le travail pr\u00e9caire - industriall-union","description":"Des affili\u00e9s d&rsquo;IndustriALL Global Union du Burkina Faso et du S\u00e9n\u00e9gal se sont r\u00e9unis les 30 novembre et 1er d\u00e9cembre \u00e0 Ouagadougou pour faire le","robots":{"index":"index","follow":"follow","max-snippet":"max-snippet:-1","max-image-preview":"max-image-preview:large","max-video-preview":"max-video-preview:-1"},"canonical":"https:\/\/admin.industriall-union.org\/fr\/des-syndicats-au-burkina-faso-et-au-senegal-se-defendent-contre-le-travail-precaire\/","og_locale":"fr_FR","og_type":"article","og_title":"Des syndicats au Burkina Faso et au S\u00e9n\u00e9gal se d\u00e9fendent contre le travail pr\u00e9caire","og_description":"Des affili\u00e9s d&rsquo;IndustriALL Global Union du Burkina Faso et du S\u00e9n\u00e9gal se sont r\u00e9unis les 30 novembre et 1er d\u00e9cembre \u00e0 Ouagadougou pour faire le","og_url":"https:\/\/admin.industriall-union.org\/fr\/des-syndicats-au-burkina-faso-et-au-senegal-se-defendent-contre-le-travail-precaire\/","og_site_name":"industriall-union","article_modified_time":"2025-02-06T18:49:28+00:00","twitter_card":"summary_large_image","twitter_misc":{"Est. reading time":"3 minutes"},"schema":{"@context":"https:\/\/schema.org","@graph":[{"@type":"WebPage","@id":"https:\/\/admin.industriall-union.org\/fr\/des-syndicats-au-burkina-faso-et-au-senegal-se-defendent-contre-le-travail-precaire\/","url":"https:\/\/admin.industriall-union.org\/fr\/des-syndicats-au-burkina-faso-et-au-senegal-se-defendent-contre-le-travail-precaire\/","name":"Des syndicats au Burkina Faso et au S\u00e9n\u00e9gal se d\u00e9fendent contre le travail pr\u00e9caire - industriall-union","isPartOf":{"@id":"https:\/\/admin.industriall-union.org\/#website"},"datePublished":"2016-12-01T15:56:37+00:00","dateModified":"2025-02-06T18:49:28+00:00","description":"Des affili\u00e9s d&rsquo;IndustriALL Global Union du Burkina Faso et du S\u00e9n\u00e9gal se sont r\u00e9unis les 30 novembre et 1er d\u00e9cembre \u00e0 Ouagadougou pour faire le","breadcrumb":{"@id":"https:\/\/admin.industriall-union.org\/fr\/des-syndicats-au-burkina-faso-et-au-senegal-se-defendent-contre-le-travail-precaire\/#breadcrumb"},"inLanguage":"fr-FR","potentialAction":[{"@type":"ReadAction","target":["https:\/\/admin.industriall-union.org\/fr\/des-syndicats-au-burkina-faso-et-au-senegal-se-defendent-contre-le-travail-precaire\/"]}]},{"@type":"BreadcrumbList","@id":"https:\/\/admin.industriall-union.org\/fr\/des-syndicats-au-burkina-faso-et-au-senegal-se-defendent-contre-le-travail-precaire\/#breadcrumb","itemListElement":[{"@type":"ListItem","position":1,"name":"Home","item":"https:\/\/admin.industriall-union.org\/"},{"@type":"ListItem","position":2,"name":"Articles","item":"https:\/\/admin.industriall-union.org\/article\/"},{"@type":"ListItem","position":3,"name":"Des syndicats au Burkina Faso et au S\u00e9n\u00e9gal se d\u00e9fendent contre le travail pr\u00e9caire"}]},{"@type":"WebSite","@id":"https:\/\/admin.industriall-union.org\/#website","url":"https:\/\/admin.industriall-union.org\/","name":"industriall-union","description":"","potentialAction":[{"@type":"SearchAction","target":{"@type":"EntryPoint","urlTemplate":"https:\/\/admin.industriall-union.org\/?s={search_term_string}"},"query-input":{"@type":"PropertyValueSpecification","valueRequired":true,"valueName":"search_term_string"}}],"inLanguage":"fr-FR"}]}},"_links":{"self":[{"href":"https:\/\/admin.industriall-union.org\/fr\/wp-json\/wp\/v2\/article\/150035","targetHints":{"allow":["GET"]}}],"collection":[{"href":"https:\/\/admin.industriall-union.org\/fr\/wp-json\/wp\/v2\/article"}],"about":[{"href":"https:\/\/admin.industriall-union.org\/fr\/wp-json\/wp\/v2\/types\/article"}],"wp:attachment":[{"href":"https:\/\/admin.industriall-union.org\/fr\/wp-json\/wp\/v2\/media?parent=150035"}],"wp:term":[{"taxonomy":"issues","embeddable":true,"href":"https:\/\/admin.industriall-union.org\/fr\/wp-json\/wp\/v2\/issues?post=150035"},{"taxonomy":"companies","embeddable":true,"href":"https:\/\/admin.industriall-union.org\/fr\/wp-json\/wp\/v2\/companies?post=150035"},{"taxonomy":"regions","embeddable":true,"href":"https:\/\/admin.industriall-union.org\/fr\/wp-json\/wp\/v2\/regions?post=150035"},{"taxonomy":"sectors","embeddable":true,"href":"https:\/\/admin.industriall-union.org\/fr\/wp-json\/wp\/v2\/sectors?post=150035"},{"taxonomy":"article_tags","embeddable":true,"href":"https:\/\/admin.industriall-union.org\/fr\/wp-json\/wp\/v2\/article_tags?post=150035"}],"curies":[{"name":"wp","href":"https:\/\/api.w.org\/{rel}","templated":true}]}}