{"id":149995,"date":"2016-12-09T14:25:42","date_gmt":"2016-12-09T14:25:42","guid":{"rendered":"https:\/\/admin.industriall-union.org\/un-syndicat-neerlandais-menace-de-faire-greve-a-shell-suite-a-l-echec-des-negociations-sur-une-nouvelle-convention-collective\/"},"modified":"2025-02-05T17:22:05","modified_gmt":"2025-02-05T17:22:05","slug":"un-syndicat-neerlandais-menace-de-faire-greve-a-shell-suite-a-l-echec-des-negociations-sur-une-nouvelle-convention-collective","status":"publish","type":"article","link":"https:\/\/admin.industriall-union.org\/fr\/un-syndicat-neerlandais-menace-de-faire-greve-a-shell-suite-a-l-echec-des-negociations-sur-une-nouvelle-convention-collective\/","title":{"rendered":"Un syndicat n\u00e9erlandais menace de faire gr\u00e8ve \u00e0 Shell suite \u00e0 l\u2019\u00e9chec des n\u00e9gociations sur une nouvelle convention collective"},"content":{"rendered":"<p>La f\u00e9d\u00e9ration n\u00e9erlandaise Federatie Nederlandse Vakbeweging (FNV), affili\u00e9e \u00e0 IndustriALL Global Union aux Pays-Bas, se pr\u00e9pare \u00e0 mener une action de gr\u00e8ve contre le g\u00e9ant p\u00e9trolier Shell apr\u00e8s que les n\u00e9gociations pour aboutir \u00e0 une nouvelle convention collective aient \u00e9chou\u00e9 au bout d&rsquo;une ann\u00e9e.<br \/>&nbsp;<br \/>La convention collective propos\u00e9e s&rsquo;applique aux 1&nbsp;800 travailleurs employ\u00e9s dans les usines p\u00e9trochimiques de la compagnie de Pernis et de Moerdijk, et s&rsquo;\u00e9tend de mars 2016 \u00e0 mars 2018.<br \/>&nbsp;<br \/>Shell a pr\u00e9sent\u00e9 une derni\u00e8re offre, rejet\u00e9e par le syndicat. Celle-ci comprend une augmentation salariale d&rsquo;1 pour cent durant la premi\u00e8re ann\u00e9e de la convention et d&rsquo;1,25 pour cent la deuxi\u00e8me ann\u00e9e, ce qui est inf\u00e9rieur aux standards de l&rsquo;industrie et \u00e9galement moins \u00e9lev\u00e9 que les taux fix\u00e9s dans les autres raffineries.<br \/>&nbsp;<br \/>Le point de dissension principal porte sur la proposition de Shell de diminuer le budget de la r\u00e9mun\u00e9ration au m\u00e9rite d&rsquo;1 \u00e0 2 pour cent, en r\u00e9duisant de moiti\u00e9 le montant allou\u00e9 \u00e0 la progression salariale accord\u00e9e apr\u00e8s une p\u00e9riode donn\u00e9e de travail satisfaisant dans les limites de l&rsquo;\u00e9chelle des salaires. Ce changement affectera de mani\u00e8re disproportionn\u00e9e les jeunes travailleurs, davantage susceptibles de se situer en bas de la grille salariale.<br \/>&nbsp;<br \/>La proposition a \u00e9t\u00e9 rejet\u00e9e par les membres de la FNV \u00e0 une r\u00e9union tr\u00e8s suivie tenue le 28 septembre. Shell a fait une derni\u00e8re contre-offre au d\u00e9but du mois de novembre, \u00e9galement repouss\u00e9e.<br \/>&nbsp;<br \/>Une \u00e9crasante majorit\u00e9 de membres ont refus\u00e9 l&rsquo;offre pour montrer que Shell ne cherchait pas s\u00e9rieusement \u00e0 mettre fin au litige. Les membres de la FNV estiment qu&rsquo;il existe des diff\u00e9rences irr\u00e9conciliables entre les parties, et se disent pr\u00eats \u00e0 prendre des mesures pour adresser un ultimatum \u00e0 Shell.<br \/>&nbsp;<br \/>Ils ont \u00e9galement rejet\u00e9 le paiement unique propos\u00e9 par la compagnie, per\u00e7u comme un bonus, et exigent un meilleur r\u00e8glement salarial ainsi que le maintien du budget d&rsquo;augmentation salariale. En outre, ils r\u00e9clament que tous les travailleurs aient le choix de b\u00e9n\u00e9ficier ou pas de la convention collective.<br \/>&nbsp;<br \/>La FNV a indiqu\u00e9 que le refus de Shell de satisfaire ses revendications donnera lieu \u00e0 une s\u00e9rie d&rsquo;actions, le plus probablement des arr\u00eats de travail, une gr\u00e8ve du z\u00e8le ou des gr\u00e8ves.<br \/>&nbsp;<br \/>La FNV a indiqu\u00e9 qu&rsquo;elle prendra les pr\u00e9cautions n\u00e9cessaires pour fermer le site de Pernis en toute s\u00e9curit\u00e9 et a rappel\u00e9 \u00e0 Shell que l&rsquo;emploi de briseurs de gr\u00e8ve est ill\u00e9gal.<br \/>&nbsp;<br \/>La Directrice d&rsquo;IndustriALL en charge de l&rsquo;\u00e9nergie, Diana Junquera Curiel, a d\u00e9clar\u00e9 :<br \/>&nbsp;<br \/>&laquo;&nbsp;Apr\u00e8s l&rsquo;\u00e9chec des n\u00e9gociations d&rsquo;une dur\u00e9e d&rsquo;une ann\u00e9e, le personnel loyal de Shell est en col\u00e8re \u00e0 juste titre devant l&rsquo;intransigeance de la compagnie, et il n&rsquo;est pas surprenant qu&rsquo;ils se pr\u00e9parent \u00e0 mener des actions revendicatrices.<br \/>&nbsp;<br \/>&laquo;&nbsp;Shell doit revenir \u00e0 la table des n\u00e9gociations avec une offre raisonnable si la compagnie ne veut pas devoir faire face \u00e0 une gr\u00e8ve.<br \/>&nbsp;<br \/>&laquo;&nbsp;La fermeture de l&rsquo;usine \u00e0 Pernis aura des incidences importantes sur les activit\u00e9s de la compagnie. Nous esp\u00e9rons que nous n&rsquo;en arriverons pas l\u00e0&nbsp;&raquo;.<\/p>","protected":false},"featured_media":0,"template":"","issues":[],"companies":[123],"regions":[202,237],"sectors":[483],"article_tags":[],"class_list":["post-149995","article","type-article","status-publish","hentry","companies-shell","regions-europe","regions-netherlands","sectors-energy-oil-gas-electricity-and-nuclear"],"acf":[],"yoast_head":"<!-- This site is optimized with the Yoast SEO Premium plugin v27.1 (Yoast SEO v27.1) - https:\/\/yoast.com\/product\/yoast-seo-premium-wordpress\/ -->\n<title>Un syndicat n\u00e9erlandais menace de faire gr\u00e8ve \u00e0 Shell suite \u00e0 l\u2019\u00e9chec des n\u00e9gociations sur une nouvelle convention collective - industriall-union<\/title>\n<meta name=\"description\" content=\"La f\u00e9d\u00e9ration n\u00e9erlandaise Federatie Nederlandse Vakbeweging (FNV), affili\u00e9e \u00e0 IndustriALL Global Union aux Pays-Bas, se pr\u00e9pare \u00e0 mener une action de\" \/>\n<meta name=\"robots\" content=\"index, follow, max-snippet:-1, max-image-preview:large, max-video-preview:-1\" \/>\n<link rel=\"canonical\" href=\"https:\/\/admin.industriall-union.org\/fr\/un-syndicat-neerlandais-menace-de-faire-greve-a-shell-suite-a-l-echec-des-negociations-sur-une-nouvelle-convention-collective\/\" \/>\n<meta property=\"og:locale\" content=\"fr_FR\" \/>\n<meta property=\"og:type\" content=\"article\" \/>\n<meta property=\"og:title\" content=\"Un syndicat n\u00e9erlandais menace de faire gr\u00e8ve \u00e0 Shell suite \u00e0 l\u2019\u00e9chec des n\u00e9gociations sur une nouvelle convention collective\" \/>\n<meta property=\"og:description\" content=\"La f\u00e9d\u00e9ration n\u00e9erlandaise Federatie Nederlandse Vakbeweging (FNV), affili\u00e9e \u00e0 IndustriALL Global Union aux Pays-Bas, se pr\u00e9pare \u00e0 mener une action de\" \/>\n<meta property=\"og:url\" content=\"https:\/\/admin.industriall-union.org\/fr\/un-syndicat-neerlandais-menace-de-faire-greve-a-shell-suite-a-l-echec-des-negociations-sur-une-nouvelle-convention-collective\/\" \/>\n<meta property=\"og:site_name\" content=\"industriall-union\" \/>\n<meta property=\"article:modified_time\" content=\"2025-02-05T17:22:05+00:00\" \/>\n<meta name=\"twitter:card\" content=\"summary_large_image\" \/>\n<meta name=\"twitter:label1\" content=\"Est. reading time\" \/>\n\t<meta name=\"twitter:data1\" content=\"3 minutes\" \/>\n<script type=\"application\/ld+json\" class=\"yoast-schema-graph\">{\"@context\":\"https:\/\/schema.org\",\"@graph\":[{\"@type\":\"WebPage\",\"@id\":\"https:\/\/admin.industriall-union.org\/fr\/un-syndicat-neerlandais-menace-de-faire-greve-a-shell-suite-a-l-echec-des-negociations-sur-une-nouvelle-convention-collective\/\",\"url\":\"https:\/\/admin.industriall-union.org\/fr\/un-syndicat-neerlandais-menace-de-faire-greve-a-shell-suite-a-l-echec-des-negociations-sur-une-nouvelle-convention-collective\/\",\"name\":\"Un syndicat n\u00e9erlandais menace de faire gr\u00e8ve \u00e0 Shell suite \u00e0 l\u2019\u00e9chec des n\u00e9gociations sur une nouvelle convention collective - industriall-union\",\"isPartOf\":{\"@id\":\"https:\/\/admin.industriall-union.org\/#website\"},\"datePublished\":\"2016-12-09T14:25:42+00:00\",\"dateModified\":\"2025-02-05T17:22:05+00:00\",\"description\":\"La f\u00e9d\u00e9ration n\u00e9erlandaise Federatie Nederlandse Vakbeweging (FNV), affili\u00e9e \u00e0 IndustriALL Global Union aux Pays-Bas, se pr\u00e9pare \u00e0 mener une action de\",\"breadcrumb\":{\"@id\":\"https:\/\/admin.industriall-union.org\/fr\/un-syndicat-neerlandais-menace-de-faire-greve-a-shell-suite-a-l-echec-des-negociations-sur-une-nouvelle-convention-collective\/#breadcrumb\"},\"inLanguage\":\"fr-FR\",\"potentialAction\":[{\"@type\":\"ReadAction\",\"target\":[\"https:\/\/admin.industriall-union.org\/fr\/un-syndicat-neerlandais-menace-de-faire-greve-a-shell-suite-a-l-echec-des-negociations-sur-une-nouvelle-convention-collective\/\"]}]},{\"@type\":\"BreadcrumbList\",\"@id\":\"https:\/\/admin.industriall-union.org\/fr\/un-syndicat-neerlandais-menace-de-faire-greve-a-shell-suite-a-l-echec-des-negociations-sur-une-nouvelle-convention-collective\/#breadcrumb\",\"itemListElement\":[{\"@type\":\"ListItem\",\"position\":1,\"name\":\"Home\",\"item\":\"https:\/\/admin.industriall-union.org\/\"},{\"@type\":\"ListItem\",\"position\":2,\"name\":\"Articles\",\"item\":\"https:\/\/admin.industriall-union.org\/article\/\"},{\"@type\":\"ListItem\",\"position\":3,\"name\":\"Un syndicat n\u00e9erlandais menace de faire gr\u00e8ve \u00e0 Shell suite \u00e0 l\u2019\u00e9chec des n\u00e9gociations sur une nouvelle convention collective\"}]},{\"@type\":\"WebSite\",\"@id\":\"https:\/\/admin.industriall-union.org\/#website\",\"url\":\"https:\/\/admin.industriall-union.org\/\",\"name\":\"industriall-union\",\"description\":\"\",\"potentialAction\":[{\"@type\":\"SearchAction\",\"target\":{\"@type\":\"EntryPoint\",\"urlTemplate\":\"https:\/\/admin.industriall-union.org\/?s={search_term_string}\"},\"query-input\":{\"@type\":\"PropertyValueSpecification\",\"valueRequired\":true,\"valueName\":\"search_term_string\"}}],\"inLanguage\":\"fr-FR\"}]}<\/script>\n<!-- \/ Yoast SEO Premium plugin. -->","yoast_head_json":{"title":"Un syndicat n\u00e9erlandais menace de faire gr\u00e8ve \u00e0 Shell suite \u00e0 l\u2019\u00e9chec des n\u00e9gociations sur une nouvelle convention collective - industriall-union","description":"La f\u00e9d\u00e9ration n\u00e9erlandaise Federatie Nederlandse Vakbeweging (FNV), affili\u00e9e \u00e0 IndustriALL Global Union aux Pays-Bas, se pr\u00e9pare \u00e0 mener une action de","robots":{"index":"index","follow":"follow","max-snippet":"max-snippet:-1","max-image-preview":"max-image-preview:large","max-video-preview":"max-video-preview:-1"},"canonical":"https:\/\/admin.industriall-union.org\/fr\/un-syndicat-neerlandais-menace-de-faire-greve-a-shell-suite-a-l-echec-des-negociations-sur-une-nouvelle-convention-collective\/","og_locale":"fr_FR","og_type":"article","og_title":"Un syndicat n\u00e9erlandais menace de faire gr\u00e8ve \u00e0 Shell suite \u00e0 l\u2019\u00e9chec des n\u00e9gociations sur une nouvelle convention collective","og_description":"La f\u00e9d\u00e9ration n\u00e9erlandaise Federatie Nederlandse Vakbeweging (FNV), affili\u00e9e \u00e0 IndustriALL Global Union aux Pays-Bas, se pr\u00e9pare \u00e0 mener une action de","og_url":"https:\/\/admin.industriall-union.org\/fr\/un-syndicat-neerlandais-menace-de-faire-greve-a-shell-suite-a-l-echec-des-negociations-sur-une-nouvelle-convention-collective\/","og_site_name":"industriall-union","article_modified_time":"2025-02-05T17:22:05+00:00","twitter_card":"summary_large_image","twitter_misc":{"Est. reading time":"3 minutes"},"schema":{"@context":"https:\/\/schema.org","@graph":[{"@type":"WebPage","@id":"https:\/\/admin.industriall-union.org\/fr\/un-syndicat-neerlandais-menace-de-faire-greve-a-shell-suite-a-l-echec-des-negociations-sur-une-nouvelle-convention-collective\/","url":"https:\/\/admin.industriall-union.org\/fr\/un-syndicat-neerlandais-menace-de-faire-greve-a-shell-suite-a-l-echec-des-negociations-sur-une-nouvelle-convention-collective\/","name":"Un syndicat n\u00e9erlandais menace de faire gr\u00e8ve \u00e0 Shell suite \u00e0 l\u2019\u00e9chec des n\u00e9gociations sur une nouvelle convention collective - industriall-union","isPartOf":{"@id":"https:\/\/admin.industriall-union.org\/#website"},"datePublished":"2016-12-09T14:25:42+00:00","dateModified":"2025-02-05T17:22:05+00:00","description":"La f\u00e9d\u00e9ration n\u00e9erlandaise Federatie Nederlandse Vakbeweging (FNV), affili\u00e9e \u00e0 IndustriALL Global Union aux Pays-Bas, se pr\u00e9pare \u00e0 mener une action de","breadcrumb":{"@id":"https:\/\/admin.industriall-union.org\/fr\/un-syndicat-neerlandais-menace-de-faire-greve-a-shell-suite-a-l-echec-des-negociations-sur-une-nouvelle-convention-collective\/#breadcrumb"},"inLanguage":"fr-FR","potentialAction":[{"@type":"ReadAction","target":["https:\/\/admin.industriall-union.org\/fr\/un-syndicat-neerlandais-menace-de-faire-greve-a-shell-suite-a-l-echec-des-negociations-sur-une-nouvelle-convention-collective\/"]}]},{"@type":"BreadcrumbList","@id":"https:\/\/admin.industriall-union.org\/fr\/un-syndicat-neerlandais-menace-de-faire-greve-a-shell-suite-a-l-echec-des-negociations-sur-une-nouvelle-convention-collective\/#breadcrumb","itemListElement":[{"@type":"ListItem","position":1,"name":"Home","item":"https:\/\/admin.industriall-union.org\/"},{"@type":"ListItem","position":2,"name":"Articles","item":"https:\/\/admin.industriall-union.org\/article\/"},{"@type":"ListItem","position":3,"name":"Un syndicat n\u00e9erlandais menace de faire gr\u00e8ve \u00e0 Shell suite \u00e0 l\u2019\u00e9chec des n\u00e9gociations sur une nouvelle convention collective"}]},{"@type":"WebSite","@id":"https:\/\/admin.industriall-union.org\/#website","url":"https:\/\/admin.industriall-union.org\/","name":"industriall-union","description":"","potentialAction":[{"@type":"SearchAction","target":{"@type":"EntryPoint","urlTemplate":"https:\/\/admin.industriall-union.org\/?s={search_term_string}"},"query-input":{"@type":"PropertyValueSpecification","valueRequired":true,"valueName":"search_term_string"}}],"inLanguage":"fr-FR"}]}},"_links":{"self":[{"href":"https:\/\/admin.industriall-union.org\/fr\/wp-json\/wp\/v2\/article\/149995","targetHints":{"allow":["GET"]}}],"collection":[{"href":"https:\/\/admin.industriall-union.org\/fr\/wp-json\/wp\/v2\/article"}],"about":[{"href":"https:\/\/admin.industriall-union.org\/fr\/wp-json\/wp\/v2\/types\/article"}],"wp:attachment":[{"href":"https:\/\/admin.industriall-union.org\/fr\/wp-json\/wp\/v2\/media?parent=149995"}],"wp:term":[{"taxonomy":"issues","embeddable":true,"href":"https:\/\/admin.industriall-union.org\/fr\/wp-json\/wp\/v2\/issues?post=149995"},{"taxonomy":"companies","embeddable":true,"href":"https:\/\/admin.industriall-union.org\/fr\/wp-json\/wp\/v2\/companies?post=149995"},{"taxonomy":"regions","embeddable":true,"href":"https:\/\/admin.industriall-union.org\/fr\/wp-json\/wp\/v2\/regions?post=149995"},{"taxonomy":"sectors","embeddable":true,"href":"https:\/\/admin.industriall-union.org\/fr\/wp-json\/wp\/v2\/sectors?post=149995"},{"taxonomy":"article_tags","embeddable":true,"href":"https:\/\/admin.industriall-union.org\/fr\/wp-json\/wp\/v2\/article_tags?post=149995"}],"curies":[{"name":"wp","href":"https:\/\/api.w.org\/{rel}","templated":true}]}}