{"id":149970,"date":"2016-12-15T18:00:52","date_gmt":"2016-12-15T18:00:52","guid":{"rendered":"https:\/\/admin.industriall-union.org\/message-entendu-chez-lafargeholcim-les-droits-des-travailleurs-sont-des-droits-de-l-homme\/"},"modified":"2025-02-05T17:05:39","modified_gmt":"2025-02-05T17:05:39","slug":"message-entendu-chez-lafargeholcim-les-droits-des-travailleurs-sont-des-droits-de-l-homme","status":"publish","type":"article","link":"https:\/\/admin.industriall-union.org\/fr\/message-entendu-chez-lafargeholcim-les-droits-des-travailleurs-sont-des-droits-de-l-homme\/","title":{"rendered":"Message entendu chez LafargeHolcim :\u201cLes droits des travailleurs sont des droits de l\u2019homme\u201d"},"content":{"rendered":"<p>Des mobilisations et des rassemblements se sont tenus aux Am\u00e9riques, en Europe et en Afrique, o\u00f9 les membres d&rsquo;IndustriALL Global Union, de l&rsquo;Internationale des Travailleurs du B\u00e2timent et du Bois (IBB) et de la F\u00e9d\u00e9ration Europ\u00e9enne des Travailleurs du B\u00e2timent et du Bois (FETBB) ont brandi le slogan &ldquo;Les droits des travailleurs sont des droits de l&rsquo;homme&rdquo; pour d\u00e9clarer haut et clair qu&rsquo;ils ne tol\u00e9reraient pas de violation des droits humains des travailleurs et travailleuses et allaient continuer \u00e0 faire entendre leur voix au nom des travailleurs chez LafargeHolcim.<\/p><p>Certains, comme le Syndicat des travailleurs de la construction d&rsquo;Ouganda, ont mis \u00e0 profit la journ\u00e9e d&rsquo;action pour lancer une campagne de syndicalisation afin d&rsquo;amener davantage de travailleurs externalis\u00e9s de LafargeHolcim dans leurs rangs. Au Liban, travailleurs et travailleuses ont tenu une assembl\u00e9e g\u00e9n\u00e9rale d\u00e9di\u00e9e \u00e0 la journ\u00e9e mondiale d&rsquo;action.<\/p><p>D&rsquo;autres, comme le syndicat PTHI en Indon\u00e9sie, se sont servis de cette journ\u00e9e pour faire entendre leur m\u00e9contentement et leur d\u00e9saccord quant aux plans risqu\u00e9s de l&rsquo;entreprise qui, le syndicat en est convaincu, \u00e9limineraient des emplois permanents et augmenterait le travail pr\u00e9caire.<\/p><p>Les adh\u00e9rents du PCWC aux Philippines ont soutenu la journ\u00e9e d&rsquo;action avec des mobilisations et des r\u00e9unions pendant que, de l&rsquo;autre c\u00f4t\u00e9 de la plan\u00e8te, aux \u00c9tats-Unis, les membres de l&rsquo;USW chez Allegheny Technologies Steel, qui avaient \u00e9t\u00e9 lock-out\u00e9s l&rsquo;an dernier ont exprim\u00e9 leur ferme solidarit\u00e9 avec les M\u00e9tallos USW lock-out\u00e9s chez Texada au Canada. Cette m\u00eame journ\u00e9e, la section de l&rsquo;USW en train de n\u00e9gocier une nouvelle convention chez le cimentier rival, Heidelberg Cement, a \u00e9galement exprim\u00e9 son soutien aux camarades de LafargeHolcim.<\/p><p>Les revendications des travailleurs sont inchang\u00e9es depuis 2015, lorsque l&rsquo;entreprise a fusionn\u00e9. Les F\u00e9d\u00e9rations syndicales internationales veulent, ce qui a \u00e9t\u00e9 promis \u00e0 de multiples reprises par la direction, un dialogue social qui fonctionne pour r\u00e9soudre des questions en suspens, notamment&nbsp;:<\/p><ul><li>La n\u00e9cessit\u00e9 de r\u00e9duire l&rsquo;externalisation, la sous-traitance et les autres formes de travail pr\u00e9caire<\/li><li>Le besoin de mieux collaborer avec les syndicats sur la sant\u00e9 et la s\u00e9curit\u00e9<\/li><li>L&rsquo;entame de n\u00e9gociations significatives avec les syndicats sur la restructuration en cours, l&rsquo;avenir des relations sociales et l&rsquo;ensemble des aspects sociaux.<\/li><\/ul><p>Matthias Hartwich, Directeur d&rsquo;IndustriALL pour les mat\u00e9riaux de construction a d\u00e9clar\u00e9&nbsp;:<\/p><p>&ldquo;LafargeHolcim se pr\u00e9tend le leader du march\u00e9 et la r\u00e9f\u00e9rence pour le secteur. Il est maintenant grand temps de montrer du s\u00e9rieux&nbsp;: LafargeHolcim doit tenir ses promesses vis-\u00e0-vis des travailleurs et travailleuses et construire un dialogue social digne de ce nom qui aille dans le sens de la sauvegarde de la vie et des droits des travailleurs.&rdquo;<\/p>","protected":false},"featured_media":0,"template":"","issues":[409,425],"companies":[68,86],"regions":[],"sectors":[485],"article_tags":[],"class_list":["post-149970","article","type-article","status-publish","hentry","issues-multinational-companies-mncs","issues-workers-rights","companies-holcim","companies-lafarge","sectors-cement"],"acf":[],"yoast_head":"<!-- This site is optimized with the Yoast SEO Premium plugin v27.1 (Yoast SEO v27.1) - https:\/\/yoast.com\/product\/yoast-seo-premium-wordpress\/ -->\n<title>Message entendu chez LafargeHolcim :\u201cLes droits des travailleurs sont des droits de l\u2019homme\u201d - industriall-union<\/title>\n<meta name=\"description\" content=\"Des mobilisations et des rassemblements se sont tenus aux Am\u00e9riques, en Europe et en Afrique, o\u00f9 les membres d&rsquo;IndustriALL Global Union, de\" \/>\n<meta name=\"robots\" content=\"index, follow, max-snippet:-1, max-image-preview:large, max-video-preview:-1\" \/>\n<link rel=\"canonical\" href=\"https:\/\/admin.industriall-union.org\/fr\/message-entendu-chez-lafargeholcim-les-droits-des-travailleurs-sont-des-droits-de-l-homme\/\" \/>\n<meta property=\"og:locale\" content=\"fr_FR\" \/>\n<meta property=\"og:type\" content=\"article\" \/>\n<meta property=\"og:title\" content=\"Message entendu chez LafargeHolcim :\u201cLes droits des travailleurs sont des droits de l\u2019homme\u201d\" \/>\n<meta property=\"og:description\" content=\"Des mobilisations et des rassemblements se sont tenus aux Am\u00e9riques, en Europe et en Afrique, o\u00f9 les membres d&rsquo;IndustriALL Global Union, de\" \/>\n<meta property=\"og:url\" content=\"https:\/\/admin.industriall-union.org\/fr\/message-entendu-chez-lafargeholcim-les-droits-des-travailleurs-sont-des-droits-de-l-homme\/\" \/>\n<meta property=\"og:site_name\" content=\"industriall-union\" \/>\n<meta property=\"article:modified_time\" content=\"2025-02-05T17:05:39+00:00\" \/>\n<meta name=\"twitter:card\" content=\"summary_large_image\" \/>\n<meta name=\"twitter:label1\" content=\"Est. reading time\" \/>\n\t<meta name=\"twitter:data1\" content=\"3 minutes\" \/>\n<script type=\"application\/ld+json\" class=\"yoast-schema-graph\">{\"@context\":\"https:\/\/schema.org\",\"@graph\":[{\"@type\":\"WebPage\",\"@id\":\"https:\/\/admin.industriall-union.org\/fr\/message-entendu-chez-lafargeholcim-les-droits-des-travailleurs-sont-des-droits-de-l-homme\/\",\"url\":\"https:\/\/admin.industriall-union.org\/fr\/message-entendu-chez-lafargeholcim-les-droits-des-travailleurs-sont-des-droits-de-l-homme\/\",\"name\":\"Message entendu chez LafargeHolcim :\u201cLes droits des travailleurs sont des droits de l\u2019homme\u201d - industriall-union\",\"isPartOf\":{\"@id\":\"https:\/\/admin.industriall-union.org\/#website\"},\"datePublished\":\"2016-12-15T18:00:52+00:00\",\"dateModified\":\"2025-02-05T17:05:39+00:00\",\"description\":\"Des mobilisations et des rassemblements se sont tenus aux Am\u00e9riques, en Europe et en Afrique, o\u00f9 les membres d&rsquo;IndustriALL Global Union, de\",\"breadcrumb\":{\"@id\":\"https:\/\/admin.industriall-union.org\/fr\/message-entendu-chez-lafargeholcim-les-droits-des-travailleurs-sont-des-droits-de-l-homme\/#breadcrumb\"},\"inLanguage\":\"fr-FR\",\"potentialAction\":[{\"@type\":\"ReadAction\",\"target\":[\"https:\/\/admin.industriall-union.org\/fr\/message-entendu-chez-lafargeholcim-les-droits-des-travailleurs-sont-des-droits-de-l-homme\/\"]}]},{\"@type\":\"BreadcrumbList\",\"@id\":\"https:\/\/admin.industriall-union.org\/fr\/message-entendu-chez-lafargeholcim-les-droits-des-travailleurs-sont-des-droits-de-l-homme\/#breadcrumb\",\"itemListElement\":[{\"@type\":\"ListItem\",\"position\":1,\"name\":\"Home\",\"item\":\"https:\/\/admin.industriall-union.org\/\"},{\"@type\":\"ListItem\",\"position\":2,\"name\":\"Articles\",\"item\":\"https:\/\/admin.industriall-union.org\/article\/\"},{\"@type\":\"ListItem\",\"position\":3,\"name\":\"Message entendu chez LafargeHolcim :\u201cLes droits des travailleurs sont des droits de l\u2019homme\u201d\"}]},{\"@type\":\"WebSite\",\"@id\":\"https:\/\/admin.industriall-union.org\/#website\",\"url\":\"https:\/\/admin.industriall-union.org\/\",\"name\":\"industriall-union\",\"description\":\"\",\"potentialAction\":[{\"@type\":\"SearchAction\",\"target\":{\"@type\":\"EntryPoint\",\"urlTemplate\":\"https:\/\/admin.industriall-union.org\/?s={search_term_string}\"},\"query-input\":{\"@type\":\"PropertyValueSpecification\",\"valueRequired\":true,\"valueName\":\"search_term_string\"}}],\"inLanguage\":\"fr-FR\"}]}<\/script>\n<!-- \/ Yoast SEO Premium plugin. -->","yoast_head_json":{"title":"Message entendu chez LafargeHolcim :\u201cLes droits des travailleurs sont des droits de l\u2019homme\u201d - industriall-union","description":"Des mobilisations et des rassemblements se sont tenus aux Am\u00e9riques, en Europe et en Afrique, o\u00f9 les membres d&rsquo;IndustriALL Global Union, de","robots":{"index":"index","follow":"follow","max-snippet":"max-snippet:-1","max-image-preview":"max-image-preview:large","max-video-preview":"max-video-preview:-1"},"canonical":"https:\/\/admin.industriall-union.org\/fr\/message-entendu-chez-lafargeholcim-les-droits-des-travailleurs-sont-des-droits-de-l-homme\/","og_locale":"fr_FR","og_type":"article","og_title":"Message entendu chez LafargeHolcim :\u201cLes droits des travailleurs sont des droits de l\u2019homme\u201d","og_description":"Des mobilisations et des rassemblements se sont tenus aux Am\u00e9riques, en Europe et en Afrique, o\u00f9 les membres d&rsquo;IndustriALL Global Union, de","og_url":"https:\/\/admin.industriall-union.org\/fr\/message-entendu-chez-lafargeholcim-les-droits-des-travailleurs-sont-des-droits-de-l-homme\/","og_site_name":"industriall-union","article_modified_time":"2025-02-05T17:05:39+00:00","twitter_card":"summary_large_image","twitter_misc":{"Est. reading time":"3 minutes"},"schema":{"@context":"https:\/\/schema.org","@graph":[{"@type":"WebPage","@id":"https:\/\/admin.industriall-union.org\/fr\/message-entendu-chez-lafargeholcim-les-droits-des-travailleurs-sont-des-droits-de-l-homme\/","url":"https:\/\/admin.industriall-union.org\/fr\/message-entendu-chez-lafargeholcim-les-droits-des-travailleurs-sont-des-droits-de-l-homme\/","name":"Message entendu chez LafargeHolcim :\u201cLes droits des travailleurs sont des droits de l\u2019homme\u201d - industriall-union","isPartOf":{"@id":"https:\/\/admin.industriall-union.org\/#website"},"datePublished":"2016-12-15T18:00:52+00:00","dateModified":"2025-02-05T17:05:39+00:00","description":"Des mobilisations et des rassemblements se sont tenus aux Am\u00e9riques, en Europe et en Afrique, o\u00f9 les membres d&rsquo;IndustriALL Global Union, de","breadcrumb":{"@id":"https:\/\/admin.industriall-union.org\/fr\/message-entendu-chez-lafargeholcim-les-droits-des-travailleurs-sont-des-droits-de-l-homme\/#breadcrumb"},"inLanguage":"fr-FR","potentialAction":[{"@type":"ReadAction","target":["https:\/\/admin.industriall-union.org\/fr\/message-entendu-chez-lafargeholcim-les-droits-des-travailleurs-sont-des-droits-de-l-homme\/"]}]},{"@type":"BreadcrumbList","@id":"https:\/\/admin.industriall-union.org\/fr\/message-entendu-chez-lafargeholcim-les-droits-des-travailleurs-sont-des-droits-de-l-homme\/#breadcrumb","itemListElement":[{"@type":"ListItem","position":1,"name":"Home","item":"https:\/\/admin.industriall-union.org\/"},{"@type":"ListItem","position":2,"name":"Articles","item":"https:\/\/admin.industriall-union.org\/article\/"},{"@type":"ListItem","position":3,"name":"Message entendu chez LafargeHolcim :\u201cLes droits des travailleurs sont des droits de l\u2019homme\u201d"}]},{"@type":"WebSite","@id":"https:\/\/admin.industriall-union.org\/#website","url":"https:\/\/admin.industriall-union.org\/","name":"industriall-union","description":"","potentialAction":[{"@type":"SearchAction","target":{"@type":"EntryPoint","urlTemplate":"https:\/\/admin.industriall-union.org\/?s={search_term_string}"},"query-input":{"@type":"PropertyValueSpecification","valueRequired":true,"valueName":"search_term_string"}}],"inLanguage":"fr-FR"}]}},"_links":{"self":[{"href":"https:\/\/admin.industriall-union.org\/fr\/wp-json\/wp\/v2\/article\/149970","targetHints":{"allow":["GET"]}}],"collection":[{"href":"https:\/\/admin.industriall-union.org\/fr\/wp-json\/wp\/v2\/article"}],"about":[{"href":"https:\/\/admin.industriall-union.org\/fr\/wp-json\/wp\/v2\/types\/article"}],"wp:attachment":[{"href":"https:\/\/admin.industriall-union.org\/fr\/wp-json\/wp\/v2\/media?parent=149970"}],"wp:term":[{"taxonomy":"issues","embeddable":true,"href":"https:\/\/admin.industriall-union.org\/fr\/wp-json\/wp\/v2\/issues?post=149970"},{"taxonomy":"companies","embeddable":true,"href":"https:\/\/admin.industriall-union.org\/fr\/wp-json\/wp\/v2\/companies?post=149970"},{"taxonomy":"regions","embeddable":true,"href":"https:\/\/admin.industriall-union.org\/fr\/wp-json\/wp\/v2\/regions?post=149970"},{"taxonomy":"sectors","embeddable":true,"href":"https:\/\/admin.industriall-union.org\/fr\/wp-json\/wp\/v2\/sectors?post=149970"},{"taxonomy":"article_tags","embeddable":true,"href":"https:\/\/admin.industriall-union.org\/fr\/wp-json\/wp\/v2\/article_tags?post=149970"}],"curies":[{"name":"wp","href":"https:\/\/api.w.org\/{rel}","templated":true}]}}