{"id":149955,"date":"2016-12-16T11:11:57","date_gmt":"2016-12-16T11:11:57","guid":{"rendered":"https:\/\/admin.industriall-union.org\/le-numero-special-congres-de-global-worker-est-sorti\/"},"modified":"2025-02-05T16:58:13","modified_gmt":"2025-02-05T16:58:13","slug":"le-numero-special-congres-de-global-worker-est-sorti","status":"publish","type":"article","link":"https:\/\/admin.industriall-union.org\/fr\/le-numero-special-congres-de-global-worker-est-sorti\/","title":{"rendered":"Le num\u00e9ro sp\u00e9cial Congr\u00e8s de Global Worker est sorti"},"content":{"rendered":"<p>Cette nouvelle \u00e9dition haute en couleurs renferme un compte rendu int\u00e9gral ainsi que des photos du formidable <a href=\"http:\/\/www.industriall-union.org\/industriall-2nd-congress-rio-de-janeiro-brazil3-7-october-2016\" target=\"_blank\">2<sup>e<\/sup> Congr\u00e8s mondial d&#039;IndustriALL<\/a> qui s&#039;est tenu \u00e0 Rio de Janeiro, au Br\u00e9sil. Pr\u00e8s de 1.400 repr\u00e9sentants de syndicats du monde entier assistaient \u00e0 ce congr\u00e8s en octobre.<\/p><p>Vous trouverez aussi une interview du nouveau Secr\u00e9taire g\u00e9n\u00e9ral d&#039;IndustriALL, <a href=\"http:\/\/www.industriall-union.org\/interview-valter-sanches\" target=\"_blank\">Valter Sanches<\/a>, et une relation des pers\u00e9cutions politiques que subit l&#039;ancien <a href=\"http:\/\/www.industriall-union.org\/trade-unions-stand-with-lula\" target=\"_blank\">Pr\u00e9sident du Br\u00e9sil, Luiz In\u00e1cio &lsquo;Lula&rsquo; da Silva<\/a>, qui a prononc\u00e9 un discours vibrant \u00e0 la c\u00e9r\u00e9monie inaugurale du Congr\u00e8s.<\/p><p>Dans les pages consacr\u00e9es \u00e0 l&#039;Am\u00e9rique latine figure aussi un article sur le r\u00f4le jou\u00e9 par les syndicats dans le <a href=\"http:\/\/www.industriall-union.org\/colombias-trade-unions-mobilize-for-peace\" target=\"_blank\">processus de paix en Colombie<\/a>. Une r\u00e9solution soutenant ce processus dans ce pays d\u00e9chir\u00e9 a \u00e9t\u00e9 adopt\u00e9e \u00e0 l&#039;unanimit\u00e9 par les affili\u00e9s d&#039;IndustriALL au Congr\u00e8s.<\/p><p>Vous pourrez \u00e9galement lire une rubrique sur notre nouvel affili\u00e9 iranien, le <a href=\"http:\/\/www.industriall-union.org\/free-and-independent-trade-unions-fight-for-workers-rights-in-iran\" target=\"_blank\">Syndicat des travailleurs de la m\u00e9tallurgie et des m\u00e9caniciens d&#039;Iran<\/a>, qui a rejoint les rangs d&#039;IndustriALL au d\u00e9but de l&#039;ann\u00e9e.<\/p><p>La construction du syndicalisme fait partie int\u00e9grante de l&#039;action d&#039;IndustriALL et la <a href=\"http:\/\/www.industriall-union.org\/transforming-how-we-organize\" target=\"_blank\">transformation de nos modes d&#039;organisation<\/a> fait l&#039;objet d&#039;un reportage sp\u00e9cial dans ce num\u00e9ro de <em>Global Worker<\/em>.<\/p><p>Les d\u00e9fis du recrutement syndical en Somalie sont immenses, dans un pays qui \u00e9merge d&#039;une longue guerre civile et une soci\u00e9t\u00e9 o\u00f9 l&#039;\u00c9tat de droit est balbutiant. Il faut lire l&#039;interview fascinante d&#039;Omar Faruk Osman, le Secr\u00e9taire g\u00e9n\u00e9ral de la F\u00e9d\u00e9ration des syndicats somaliens, dans l&#039;article sur le th\u00e8me de l&#039;<a href=\"http:\/\/www.industriall-union.org\/organizing-in-a-fragile-environment\" target=\"_blank\">organisation dans un environnement fragile<\/a>.<\/p><p>En outre, en vous abonnant \u00e0 <em>Global Worker<\/em>, vous pourrez obtenir un magnifique poster du Congr\u00e8s \u00e0 conserver en souvenir !<\/p>","protected":false},"featured_media":0,"template":"","issues":[408],"companies":[],"regions":[],"sectors":[],"article_tags":[],"class_list":["post-149955","article","type-article","status-publish","hentry","issues-global-worker"],"acf":[],"yoast_head":"<!-- This site is optimized with the Yoast SEO Premium plugin v27.1 (Yoast SEO v27.1) - https:\/\/yoast.com\/product\/yoast-seo-premium-wordpress\/ -->\n<title>Le num\u00e9ro sp\u00e9cial Congr\u00e8s de Global Worker est sorti - industriall-union<\/title>\n<meta name=\"description\" content=\"Cette nouvelle \u00e9dition haute en couleurs renferme un compte rendu int\u00e9gral ainsi que des photos du formidable 2e Congr\u00e8s mondial d&#039;IndustriALL qui\" \/>\n<meta name=\"robots\" content=\"index, follow, max-snippet:-1, max-image-preview:large, max-video-preview:-1\" \/>\n<link rel=\"canonical\" href=\"https:\/\/admin.industriall-union.org\/fr\/le-numero-special-congres-de-global-worker-est-sorti\/\" \/>\n<meta property=\"og:locale\" content=\"fr_FR\" \/>\n<meta property=\"og:type\" content=\"article\" \/>\n<meta property=\"og:title\" content=\"Le num\u00e9ro sp\u00e9cial Congr\u00e8s de Global Worker est sorti\" \/>\n<meta property=\"og:description\" content=\"Cette nouvelle \u00e9dition haute en couleurs renferme un compte rendu int\u00e9gral ainsi que des photos du formidable 2e Congr\u00e8s mondial d&#039;IndustriALL qui\" \/>\n<meta property=\"og:url\" content=\"https:\/\/admin.industriall-union.org\/fr\/le-numero-special-congres-de-global-worker-est-sorti\/\" \/>\n<meta property=\"og:site_name\" content=\"industriall-union\" \/>\n<meta property=\"article:modified_time\" content=\"2025-02-05T16:58:13+00:00\" \/>\n<meta name=\"twitter:card\" content=\"summary_large_image\" \/>\n<meta name=\"twitter:label1\" content=\"Est. reading time\" \/>\n\t<meta name=\"twitter:data1\" content=\"2 minutes\" \/>\n<script type=\"application\/ld+json\" class=\"yoast-schema-graph\">{\"@context\":\"https:\/\/schema.org\",\"@graph\":[{\"@type\":\"WebPage\",\"@id\":\"https:\/\/admin.industriall-union.org\/fr\/le-numero-special-congres-de-global-worker-est-sorti\/\",\"url\":\"https:\/\/admin.industriall-union.org\/fr\/le-numero-special-congres-de-global-worker-est-sorti\/\",\"name\":\"Le num\u00e9ro sp\u00e9cial Congr\u00e8s de Global Worker est sorti - industriall-union\",\"isPartOf\":{\"@id\":\"https:\/\/admin.industriall-union.org\/#website\"},\"datePublished\":\"2016-12-16T11:11:57+00:00\",\"dateModified\":\"2025-02-05T16:58:13+00:00\",\"description\":\"Cette nouvelle \u00e9dition haute en couleurs renferme un compte rendu int\u00e9gral ainsi que des photos du formidable 2e Congr\u00e8s mondial d&#039;IndustriALL qui\",\"breadcrumb\":{\"@id\":\"https:\/\/admin.industriall-union.org\/fr\/le-numero-special-congres-de-global-worker-est-sorti\/#breadcrumb\"},\"inLanguage\":\"fr-FR\",\"potentialAction\":[{\"@type\":\"ReadAction\",\"target\":[\"https:\/\/admin.industriall-union.org\/fr\/le-numero-special-congres-de-global-worker-est-sorti\/\"]}]},{\"@type\":\"BreadcrumbList\",\"@id\":\"https:\/\/admin.industriall-union.org\/fr\/le-numero-special-congres-de-global-worker-est-sorti\/#breadcrumb\",\"itemListElement\":[{\"@type\":\"ListItem\",\"position\":1,\"name\":\"Home\",\"item\":\"https:\/\/admin.industriall-union.org\/\"},{\"@type\":\"ListItem\",\"position\":2,\"name\":\"Articles\",\"item\":\"https:\/\/admin.industriall-union.org\/article\/\"},{\"@type\":\"ListItem\",\"position\":3,\"name\":\"Le num\u00e9ro sp\u00e9cial Congr\u00e8s de Global Worker est sorti\"}]},{\"@type\":\"WebSite\",\"@id\":\"https:\/\/admin.industriall-union.org\/#website\",\"url\":\"https:\/\/admin.industriall-union.org\/\",\"name\":\"industriall-union\",\"description\":\"\",\"potentialAction\":[{\"@type\":\"SearchAction\",\"target\":{\"@type\":\"EntryPoint\",\"urlTemplate\":\"https:\/\/admin.industriall-union.org\/?s={search_term_string}\"},\"query-input\":{\"@type\":\"PropertyValueSpecification\",\"valueRequired\":true,\"valueName\":\"search_term_string\"}}],\"inLanguage\":\"fr-FR\"}]}<\/script>\n<!-- \/ Yoast SEO Premium plugin. -->","yoast_head_json":{"title":"Le num\u00e9ro sp\u00e9cial Congr\u00e8s de Global Worker est sorti - industriall-union","description":"Cette nouvelle \u00e9dition haute en couleurs renferme un compte rendu int\u00e9gral ainsi que des photos du formidable 2e Congr\u00e8s mondial d&#039;IndustriALL qui","robots":{"index":"index","follow":"follow","max-snippet":"max-snippet:-1","max-image-preview":"max-image-preview:large","max-video-preview":"max-video-preview:-1"},"canonical":"https:\/\/admin.industriall-union.org\/fr\/le-numero-special-congres-de-global-worker-est-sorti\/","og_locale":"fr_FR","og_type":"article","og_title":"Le num\u00e9ro sp\u00e9cial Congr\u00e8s de Global Worker est sorti","og_description":"Cette nouvelle \u00e9dition haute en couleurs renferme un compte rendu int\u00e9gral ainsi que des photos du formidable 2e Congr\u00e8s mondial d&#039;IndustriALL qui","og_url":"https:\/\/admin.industriall-union.org\/fr\/le-numero-special-congres-de-global-worker-est-sorti\/","og_site_name":"industriall-union","article_modified_time":"2025-02-05T16:58:13+00:00","twitter_card":"summary_large_image","twitter_misc":{"Est. reading time":"2 minutes"},"schema":{"@context":"https:\/\/schema.org","@graph":[{"@type":"WebPage","@id":"https:\/\/admin.industriall-union.org\/fr\/le-numero-special-congres-de-global-worker-est-sorti\/","url":"https:\/\/admin.industriall-union.org\/fr\/le-numero-special-congres-de-global-worker-est-sorti\/","name":"Le num\u00e9ro sp\u00e9cial Congr\u00e8s de Global Worker est sorti - industriall-union","isPartOf":{"@id":"https:\/\/admin.industriall-union.org\/#website"},"datePublished":"2016-12-16T11:11:57+00:00","dateModified":"2025-02-05T16:58:13+00:00","description":"Cette nouvelle \u00e9dition haute en couleurs renferme un compte rendu int\u00e9gral ainsi que des photos du formidable 2e Congr\u00e8s mondial d&#039;IndustriALL qui","breadcrumb":{"@id":"https:\/\/admin.industriall-union.org\/fr\/le-numero-special-congres-de-global-worker-est-sorti\/#breadcrumb"},"inLanguage":"fr-FR","potentialAction":[{"@type":"ReadAction","target":["https:\/\/admin.industriall-union.org\/fr\/le-numero-special-congres-de-global-worker-est-sorti\/"]}]},{"@type":"BreadcrumbList","@id":"https:\/\/admin.industriall-union.org\/fr\/le-numero-special-congres-de-global-worker-est-sorti\/#breadcrumb","itemListElement":[{"@type":"ListItem","position":1,"name":"Home","item":"https:\/\/admin.industriall-union.org\/"},{"@type":"ListItem","position":2,"name":"Articles","item":"https:\/\/admin.industriall-union.org\/article\/"},{"@type":"ListItem","position":3,"name":"Le num\u00e9ro sp\u00e9cial Congr\u00e8s de Global Worker est sorti"}]},{"@type":"WebSite","@id":"https:\/\/admin.industriall-union.org\/#website","url":"https:\/\/admin.industriall-union.org\/","name":"industriall-union","description":"","potentialAction":[{"@type":"SearchAction","target":{"@type":"EntryPoint","urlTemplate":"https:\/\/admin.industriall-union.org\/?s={search_term_string}"},"query-input":{"@type":"PropertyValueSpecification","valueRequired":true,"valueName":"search_term_string"}}],"inLanguage":"fr-FR"}]}},"_links":{"self":[{"href":"https:\/\/admin.industriall-union.org\/fr\/wp-json\/wp\/v2\/article\/149955","targetHints":{"allow":["GET"]}}],"collection":[{"href":"https:\/\/admin.industriall-union.org\/fr\/wp-json\/wp\/v2\/article"}],"about":[{"href":"https:\/\/admin.industriall-union.org\/fr\/wp-json\/wp\/v2\/types\/article"}],"wp:attachment":[{"href":"https:\/\/admin.industriall-union.org\/fr\/wp-json\/wp\/v2\/media?parent=149955"}],"wp:term":[{"taxonomy":"issues","embeddable":true,"href":"https:\/\/admin.industriall-union.org\/fr\/wp-json\/wp\/v2\/issues?post=149955"},{"taxonomy":"companies","embeddable":true,"href":"https:\/\/admin.industriall-union.org\/fr\/wp-json\/wp\/v2\/companies?post=149955"},{"taxonomy":"regions","embeddable":true,"href":"https:\/\/admin.industriall-union.org\/fr\/wp-json\/wp\/v2\/regions?post=149955"},{"taxonomy":"sectors","embeddable":true,"href":"https:\/\/admin.industriall-union.org\/fr\/wp-json\/wp\/v2\/sectors?post=149955"},{"taxonomy":"article_tags","embeddable":true,"href":"https:\/\/admin.industriall-union.org\/fr\/wp-json\/wp\/v2\/article_tags?post=149955"}],"curies":[{"name":"wp","href":"https:\/\/api.w.org\/{rel}","templated":true}]}}