{"id":149916,"date":"2017-01-12T13:35:54","date_gmt":"2017-01-12T13:35:54","guid":{"rendered":"https:\/\/admin.industriall-union.org\/le-syndicat-des-travailleurs-de-l-industrie-petroliere-de-la-trinite-obtient-une-hausse-de-salaire\/"},"modified":"2025-02-05T16:30:03","modified_gmt":"2025-02-05T16:30:03","slug":"le-syndicat-des-travailleurs-de-l-industrie-petroliere-de-la-trinite-obtient-une-hausse-de-salaire","status":"publish","type":"article","link":"https:\/\/admin.industriall-union.org\/fr\/le-syndicat-des-travailleurs-de-l-industrie-petroliere-de-la-trinite-obtient-une-hausse-de-salaire\/","title":{"rendered":"Le syndicat des travailleurs de l\u2019industrie p\u00e9troli\u00e8re de la Trinit\u00e9 obtient une hausse de salaire"},"content":{"rendered":"<p>Lundi 9 janvier, apr\u00e8s des pourparlers-marathon avec le ministre du Travail et le pr\u00e9sident de Petrotrin, <a href=\"http:\/\/www.owtu.org\/\">le syndicat des travailleurs des champs p\u00e9trolif\u00e8res<\/a> (OWTU) a accept\u00e9 une offre provisoire d&rsquo;augmentation de salaire imm\u00e9diate de 5 pour cent au profit des travailleurs de Petrotrin.<\/p><p>Ainsi, ces derniers recevrons un rajustement de leurs salaires de 5 pour cent pour les p\u00e9riodes 2011-2012 et 2012-2013. En outre, un pourcentage additionnel sera n\u00e9goci\u00e9 d&rsquo;ici le 28 f\u00e9vrier 2017 pour l&rsquo;ann\u00e9e 2014.<\/p><p>Petrotrin a tent\u00e9 d&rsquo;imposer un gel des salaires des travailleurs d&rsquo;une dur\u00e9e de six ans au cours des deux p\u00e9riodes de n\u00e9gociation collective cons\u00e9cutives 2011-2014 et 2014-2017, qu&rsquo;OWTU a refus\u00e9.<\/p><p>L&rsquo;action de gr\u00e8ve, <a href=\"http:\/\/www.industriall-union.org\/fr\/trinidad-une-compagnie-petroliere-sous-la-menace-dune-importante-greve\" target=\"_blank\">qui devait d\u00e9marrer le 9 janvier<\/a>, a \u00e9t\u00e9 officiellement annul\u00e9e suite \u00e0 l&rsquo;obtention de cette issue positive.<\/p><p>Le Pr\u00e9sident g\u00e9n\u00e9ral d&rsquo;OWTU, Ancel Roget, a indiqu\u00e9:<\/p><p>&laquo;&nbsp;Nous sommes d&rsquo;avis qu&rsquo;il s&rsquo;agit d&rsquo;une avanc\u00e9e majeure pour le d\u00e9but de ces n\u00e9gociations. Nous nous attacherons \u00e0 tout mettre en \u0153uvre pour que ces n\u00e9gociations soient d\u00e9finitivement conclues \u00e0 la fin du mois de f\u00e9vrier, date \u00e0 laquelle nous devrions recouvrer le solde que nous avons fix\u00e9 &raquo;.<\/p><p>IndustriALL a demand\u00e9 par \u00e9crit au Premier ministre de la Trinit\u00e9 et Tobago, Keith Rowley, et au pr\u00e9sident de Petrotrin, Fitzroy Harewood, de faire une proposition raisonnable dans le but d&rsquo;\u00e9viter la gr\u00e8ve. Il a \u00e9galement exprim\u00e9 sa solidarit\u00e9 avec OWTU.<\/p><p>Le Secr\u00e9taire g\u00e9n\u00e9ral d&rsquo;IndustriALL, Valter Sanches, a d\u00e9clar\u00e9:<\/p><blockquote><p>Nous f\u00e9licitons OWTU pour avoir fait preuve de fermet\u00e9 et avoir obtenu cette importante victoire pour les travailleurs de l&rsquo;industrie p\u00e9troli\u00e8re de Petrotrin. Les travailleurs du secteur du p\u00e9trole de la Trinit\u00e9 ont montr\u00e9 leur force gr\u00e2ce \u00e0 leur solidarit\u00e9, et leur d\u00e9termination a port\u00e9 ses fruits. IndustriALL continuera de soutenir OWTU, qui revendique une r\u00e9mun\u00e9ration \u00e9quitable pour les travailleurs de Petrotrin.<\/p><\/blockquote>","protected":false},"featured_media":0,"template":"","issues":[],"companies":[],"regions":[285],"sectors":[483],"article_tags":[],"class_list":["post-149916","article","type-article","status-publish","hentry","regions-trinidad-tobago","sectors-energy-oil-gas-electricity-and-nuclear"],"acf":[],"yoast_head":"<!-- This site is optimized with the Yoast SEO Premium plugin v27.1 (Yoast SEO v27.1) - https:\/\/yoast.com\/product\/yoast-seo-premium-wordpress\/ -->\n<title>Le syndicat des travailleurs de l\u2019industrie p\u00e9troli\u00e8re de la Trinit\u00e9 obtient une hausse de salaire - industriall-union<\/title>\n<meta name=\"description\" content=\"Lundi 9 janvier, apr\u00e8s des pourparlers-marathon avec le ministre du Travail et le pr\u00e9sident de Petrotrin, le syndicat des travailleurs des champs\" \/>\n<meta name=\"robots\" content=\"index, follow, max-snippet:-1, max-image-preview:large, max-video-preview:-1\" \/>\n<link rel=\"canonical\" href=\"https:\/\/admin.industriall-union.org\/fr\/le-syndicat-des-travailleurs-de-l-industrie-petroliere-de-la-trinite-obtient-une-hausse-de-salaire\/\" \/>\n<meta property=\"og:locale\" content=\"fr_FR\" \/>\n<meta property=\"og:type\" content=\"article\" \/>\n<meta property=\"og:title\" content=\"Le syndicat des travailleurs de l\u2019industrie p\u00e9troli\u00e8re de la Trinit\u00e9 obtient une hausse de salaire\" \/>\n<meta property=\"og:description\" content=\"Lundi 9 janvier, apr\u00e8s des pourparlers-marathon avec le ministre du Travail et le pr\u00e9sident de Petrotrin, le syndicat des travailleurs des champs\" \/>\n<meta property=\"og:url\" content=\"https:\/\/admin.industriall-union.org\/fr\/le-syndicat-des-travailleurs-de-l-industrie-petroliere-de-la-trinite-obtient-une-hausse-de-salaire\/\" \/>\n<meta property=\"og:site_name\" content=\"industriall-union\" \/>\n<meta property=\"article:modified_time\" content=\"2025-02-05T16:30:03+00:00\" \/>\n<meta name=\"twitter:card\" content=\"summary_large_image\" \/>\n<meta name=\"twitter:label1\" content=\"Est. reading time\" \/>\n\t<meta name=\"twitter:data1\" content=\"2 minutes\" \/>\n<script type=\"application\/ld+json\" class=\"yoast-schema-graph\">{\"@context\":\"https:\/\/schema.org\",\"@graph\":[{\"@type\":\"WebPage\",\"@id\":\"https:\/\/admin.industriall-union.org\/fr\/le-syndicat-des-travailleurs-de-l-industrie-petroliere-de-la-trinite-obtient-une-hausse-de-salaire\/\",\"url\":\"https:\/\/admin.industriall-union.org\/fr\/le-syndicat-des-travailleurs-de-l-industrie-petroliere-de-la-trinite-obtient-une-hausse-de-salaire\/\",\"name\":\"Le syndicat des travailleurs de l\u2019industrie p\u00e9troli\u00e8re de la Trinit\u00e9 obtient une hausse de salaire - industriall-union\",\"isPartOf\":{\"@id\":\"https:\/\/admin.industriall-union.org\/#website\"},\"datePublished\":\"2017-01-12T13:35:54+00:00\",\"dateModified\":\"2025-02-05T16:30:03+00:00\",\"description\":\"Lundi 9 janvier, apr\u00e8s des pourparlers-marathon avec le ministre du Travail et le pr\u00e9sident de Petrotrin, le syndicat des travailleurs des champs\",\"breadcrumb\":{\"@id\":\"https:\/\/admin.industriall-union.org\/fr\/le-syndicat-des-travailleurs-de-l-industrie-petroliere-de-la-trinite-obtient-une-hausse-de-salaire\/#breadcrumb\"},\"inLanguage\":\"fr-FR\",\"potentialAction\":[{\"@type\":\"ReadAction\",\"target\":[\"https:\/\/admin.industriall-union.org\/fr\/le-syndicat-des-travailleurs-de-l-industrie-petroliere-de-la-trinite-obtient-une-hausse-de-salaire\/\"]}]},{\"@type\":\"BreadcrumbList\",\"@id\":\"https:\/\/admin.industriall-union.org\/fr\/le-syndicat-des-travailleurs-de-l-industrie-petroliere-de-la-trinite-obtient-une-hausse-de-salaire\/#breadcrumb\",\"itemListElement\":[{\"@type\":\"ListItem\",\"position\":1,\"name\":\"Home\",\"item\":\"https:\/\/admin.industriall-union.org\/\"},{\"@type\":\"ListItem\",\"position\":2,\"name\":\"Articles\",\"item\":\"https:\/\/admin.industriall-union.org\/article\/\"},{\"@type\":\"ListItem\",\"position\":3,\"name\":\"Le syndicat des travailleurs de l\u2019industrie p\u00e9troli\u00e8re de la Trinit\u00e9 obtient une hausse de salaire\"}]},{\"@type\":\"WebSite\",\"@id\":\"https:\/\/admin.industriall-union.org\/#website\",\"url\":\"https:\/\/admin.industriall-union.org\/\",\"name\":\"industriall-union\",\"description\":\"\",\"potentialAction\":[{\"@type\":\"SearchAction\",\"target\":{\"@type\":\"EntryPoint\",\"urlTemplate\":\"https:\/\/admin.industriall-union.org\/?s={search_term_string}\"},\"query-input\":{\"@type\":\"PropertyValueSpecification\",\"valueRequired\":true,\"valueName\":\"search_term_string\"}}],\"inLanguage\":\"fr-FR\"}]}<\/script>\n<!-- \/ Yoast SEO Premium plugin. -->","yoast_head_json":{"title":"Le syndicat des travailleurs de l\u2019industrie p\u00e9troli\u00e8re de la Trinit\u00e9 obtient une hausse de salaire - industriall-union","description":"Lundi 9 janvier, apr\u00e8s des pourparlers-marathon avec le ministre du Travail et le pr\u00e9sident de Petrotrin, le syndicat des travailleurs des champs","robots":{"index":"index","follow":"follow","max-snippet":"max-snippet:-1","max-image-preview":"max-image-preview:large","max-video-preview":"max-video-preview:-1"},"canonical":"https:\/\/admin.industriall-union.org\/fr\/le-syndicat-des-travailleurs-de-l-industrie-petroliere-de-la-trinite-obtient-une-hausse-de-salaire\/","og_locale":"fr_FR","og_type":"article","og_title":"Le syndicat des travailleurs de l\u2019industrie p\u00e9troli\u00e8re de la Trinit\u00e9 obtient une hausse de salaire","og_description":"Lundi 9 janvier, apr\u00e8s des pourparlers-marathon avec le ministre du Travail et le pr\u00e9sident de Petrotrin, le syndicat des travailleurs des champs","og_url":"https:\/\/admin.industriall-union.org\/fr\/le-syndicat-des-travailleurs-de-l-industrie-petroliere-de-la-trinite-obtient-une-hausse-de-salaire\/","og_site_name":"industriall-union","article_modified_time":"2025-02-05T16:30:03+00:00","twitter_card":"summary_large_image","twitter_misc":{"Est. reading time":"2 minutes"},"schema":{"@context":"https:\/\/schema.org","@graph":[{"@type":"WebPage","@id":"https:\/\/admin.industriall-union.org\/fr\/le-syndicat-des-travailleurs-de-l-industrie-petroliere-de-la-trinite-obtient-une-hausse-de-salaire\/","url":"https:\/\/admin.industriall-union.org\/fr\/le-syndicat-des-travailleurs-de-l-industrie-petroliere-de-la-trinite-obtient-une-hausse-de-salaire\/","name":"Le syndicat des travailleurs de l\u2019industrie p\u00e9troli\u00e8re de la Trinit\u00e9 obtient une hausse de salaire - industriall-union","isPartOf":{"@id":"https:\/\/admin.industriall-union.org\/#website"},"datePublished":"2017-01-12T13:35:54+00:00","dateModified":"2025-02-05T16:30:03+00:00","description":"Lundi 9 janvier, apr\u00e8s des pourparlers-marathon avec le ministre du Travail et le pr\u00e9sident de Petrotrin, le syndicat des travailleurs des champs","breadcrumb":{"@id":"https:\/\/admin.industriall-union.org\/fr\/le-syndicat-des-travailleurs-de-l-industrie-petroliere-de-la-trinite-obtient-une-hausse-de-salaire\/#breadcrumb"},"inLanguage":"fr-FR","potentialAction":[{"@type":"ReadAction","target":["https:\/\/admin.industriall-union.org\/fr\/le-syndicat-des-travailleurs-de-l-industrie-petroliere-de-la-trinite-obtient-une-hausse-de-salaire\/"]}]},{"@type":"BreadcrumbList","@id":"https:\/\/admin.industriall-union.org\/fr\/le-syndicat-des-travailleurs-de-l-industrie-petroliere-de-la-trinite-obtient-une-hausse-de-salaire\/#breadcrumb","itemListElement":[{"@type":"ListItem","position":1,"name":"Home","item":"https:\/\/admin.industriall-union.org\/"},{"@type":"ListItem","position":2,"name":"Articles","item":"https:\/\/admin.industriall-union.org\/article\/"},{"@type":"ListItem","position":3,"name":"Le syndicat des travailleurs de l\u2019industrie p\u00e9troli\u00e8re de la Trinit\u00e9 obtient une hausse de salaire"}]},{"@type":"WebSite","@id":"https:\/\/admin.industriall-union.org\/#website","url":"https:\/\/admin.industriall-union.org\/","name":"industriall-union","description":"","potentialAction":[{"@type":"SearchAction","target":{"@type":"EntryPoint","urlTemplate":"https:\/\/admin.industriall-union.org\/?s={search_term_string}"},"query-input":{"@type":"PropertyValueSpecification","valueRequired":true,"valueName":"search_term_string"}}],"inLanguage":"fr-FR"}]}},"_links":{"self":[{"href":"https:\/\/admin.industriall-union.org\/fr\/wp-json\/wp\/v2\/article\/149916","targetHints":{"allow":["GET"]}}],"collection":[{"href":"https:\/\/admin.industriall-union.org\/fr\/wp-json\/wp\/v2\/article"}],"about":[{"href":"https:\/\/admin.industriall-union.org\/fr\/wp-json\/wp\/v2\/types\/article"}],"wp:attachment":[{"href":"https:\/\/admin.industriall-union.org\/fr\/wp-json\/wp\/v2\/media?parent=149916"}],"wp:term":[{"taxonomy":"issues","embeddable":true,"href":"https:\/\/admin.industriall-union.org\/fr\/wp-json\/wp\/v2\/issues?post=149916"},{"taxonomy":"companies","embeddable":true,"href":"https:\/\/admin.industriall-union.org\/fr\/wp-json\/wp\/v2\/companies?post=149916"},{"taxonomy":"regions","embeddable":true,"href":"https:\/\/admin.industriall-union.org\/fr\/wp-json\/wp\/v2\/regions?post=149916"},{"taxonomy":"sectors","embeddable":true,"href":"https:\/\/admin.industriall-union.org\/fr\/wp-json\/wp\/v2\/sectors?post=149916"},{"taxonomy":"article_tags","embeddable":true,"href":"https:\/\/admin.industriall-union.org\/fr\/wp-json\/wp\/v2\/article_tags?post=149916"}],"curies":[{"name":"wp","href":"https:\/\/api.w.org\/{rel}","templated":true}]}}