{"id":149898,"date":"2017-01-18T06:12:20","date_gmt":"2017-01-18T06:12:20","guid":{"rendered":"https:\/\/admin.industriall-union.org\/syndicalisation-dans-un-environnement-fragile\/"},"modified":"2025-02-05T16:24:52","modified_gmt":"2025-02-05T16:24:52","slug":"syndicalisation-dans-un-environnement-fragile","status":"publish","type":"article","link":"https:\/\/admin.industriall-union.org\/fr\/syndicalisation-dans-un-environnement-fragile\/","title":{"rendered":"Syndicalisation dans un environnement fragile"},"content":{"rendered":"<h3>PEOFIL<\/h3><p>Centrale syndicale:&nbsp;F\u00e9d\u00e9ration des Syndicats somaliens (FESTU). La FESTU est affili\u00e9e \u00e0 la CSI<\/p><p>Pays&nbsp;: Somalie<\/p><p>Texte&nbsp;: Walton Pantland<\/p><p>Omar Faruk Osman est le Secr\u00e9taire g\u00e9n\u00e9ral de la FESTU. Osman est \u00e9galement le secr\u00e9taire g\u00e9n\u00e9ral du Syndicat national des journalistes somaliens et membre du Comit\u00e9 ex\u00e9cutif de la F\u00e9d\u00e9ration internationale des journalistes.<\/p><p>L&rsquo;\u00e9tat de droit s&rsquo;est effondr\u00e9 en Somalie avec le d\u00e9clenchement de la guerre civile en 1991. Le pays s&rsquo;est stabilis\u00e9 au cours des derni\u00e8res ann\u00e9es, avec un gouvernement f\u00e9d\u00e9ral form\u00e9 en 2012, mais le pays est toujours domin\u00e9 par des groupes arm\u00e9s et des politiciens qui sont persuad\u00e9s d&rsquo;\u00eatre au-dessus des lois. Al-Shabbaab, faction inf\u00e9od\u00e9e \u00e0 Al Qaeda, et d&rsquo;autres groupes djihadistes accomplissent des actes terroristes pour tenter de reprendre le pouvoir des mains du gouvernement.<\/p><p>Il est extr\u00eamement difficile de former des syndicats dans un environnement o\u00f9 l&rsquo;\u00e9tat de droit est faible et il existe une grave crise de la s\u00e9curit\u00e9. Les militants syndicaux \u00e9voluent dans un environnement dangereux et pr\u00e9caire et ne peuvent pas s&rsquo;appuyer sur la loi pour les prot\u00e9ger. Leur seul levier est l&rsquo;action collective et la solidarit\u00e9 internationale.<\/p><blockquote><p>&ldquo;Bien que la constitution somalienne garantit le droit de s&rsquo;organiser syndicalement et de manifester publiquement, le gouvernement utilise la question de la s\u00e9curit\u00e9 pour miner les syndicats et la soci\u00e9t\u00e9 civile. Les r\u00e9unions syndicales sont souvent interdites, sous couvert de probl\u00e8mes de s\u00e9curit\u00e9, et certaines ont \u00e9t\u00e9 dispers\u00e9es dans la violence par les forces de s\u00e9curit\u00e9. Si des travailleurs d&rsquo;une entreprise tentent de former un syndicat, l&rsquo;employeur peut recruter une milice pour intimider ou tuer des leaders syndicaux,&rdquo; dit Osman.<\/p><\/blockquote><p>En tant que militant syndical de longue date, Osman est habitu\u00e9 au danger&nbsp;: la Somalie est le pays le plus dangereux du monde pour un journaliste, avec 38 d&rsquo;entre eux tu\u00e9s au cours des quatre ann\u00e9es \u00e9coul\u00e9es depuis 2012. Il a surv\u00e9cu de justesse \u00e0 une tentative d&rsquo;assassinat il y a un an au cours d&rsquo;une attaque terroriste sur un h\u00f4tel o\u00f9 une r\u00e9union syndicale se tenait et les bureaux de la FESTU ont subi une attaque \u00e0 la bombe.<\/p><p>Les syndicats op\u00e8rent dans un climat de peur et des rumeurs soutiennent qu&rsquo;il existe un escadron de la mort qui pourchasse les leaders syndicaux. Il n&rsquo;y a pas de preuve de cela, mais la violence latente dans le pays est une couverture parfaite et cr\u00e9e un environnement de peur et de parano\u00efa qui rend la syndicalisation tr\u00e8s difficile.<\/p><p>En tant que Secr\u00e9taire g\u00e9n\u00e9ral de la FESTU, Osman souligne l&rsquo;importance de la solidarit\u00e9 internationale&nbsp;:<\/p><blockquote><p>&ldquo;Dans un environnement aussi fragile, ce qui compte c&rsquo;est la pression internationale. Nos politiciens se soucient plus de leur image aupr\u00e8s des dirigeants mondiaux que de la d\u00e9tresse de leur peuple.<\/p><p>&ldquo;Exercer une pression politique sur les institutions internationales et les diplomates, agir dans l&rsquo;int\u00e9r\u00eat de la d\u00e9fense des normes du travail internationalement reconnues, dont les droits syndicaux, est tr\u00e8s important. Leur donner des nuits blanches pour qu&rsquo;ils sachent que les travailleurs et leurs syndicats souffrent est tr\u00e8s important.&rdquo;<\/p><p>&nbsp;&ldquo;Certains au sein de la communaut\u00e9 internationale sont dispos\u00e9s \u00e0 sacrifier les droits des travailleurs pour \u00eatre dans les petits papiers de nos politiciens.&rdquo;<\/p><\/blockquote><p>En d\u00e9pit de la situation s\u00e9curitaire, l&rsquo;\u00e9conomie somalienne se comporte bien, en grande partie gr\u00e2ce au commerce avec le Golfe. La guerre civile et l&rsquo;effondrement cons\u00e9cutif de l&rsquo;\u00c9tat, implique que des entrepreneurs ont \u00e9t\u00e9 en mesure de tirer des profits d&rsquo;industries pr\u00e9c\u00e9demment nationalis\u00e9es.<\/p><p>Les investisseurs somaliens de la diaspora ont acquis des infrastructures et, depuis 2012, des multinationales sont arriv\u00e9es. Les entreprises des secteurs de l&rsquo;\u00e9nergie et des t\u00e9l\u00e9communications ont grandi rapidement pour devenir des consortiums. La Somalie dispose de ressources naturelles non-exploit\u00e9es, dont de vastes r\u00e9serves d&rsquo;uranium et de gaz naturel. Lorsque la paix sera revenue sur le pays, on s&rsquo;attend \u00e0 ce que l&rsquo;\u00e9conomie croisse rapidement.<\/p><p>Mais avec de vaste profits \u00e0 r\u00e9aliser, il existe des tentatives pour restreindre le pouvoir des travailleurs. Le gouvernement a cr\u00e9\u00e9 une compagnie des p\u00e9troles et a r\u00e9cemment tent\u00e9 d&rsquo;y former son propre syndicat pour court-circuiter les repr\u00e9sentants l\u00e9gitimes.<\/p><p>IndustriALL a collabor\u00e9 avec son affili\u00e9 norv\u00e9gien Industri Energi pour soutenir le d\u00e9veloppement d&rsquo;un syndicat dans le secteur p\u00e9trolier. Ce travail a \u00e9t\u00e9 couronn\u00e9 de succ\u00e8s et le Syndicat somalien des travailleurs du p\u00e9trole et du gaz (SUPEGW) s&rsquo;est affili\u00e9 \u00e0 IndustriALL lors du comit\u00e9 ex\u00e9cutif de Rio de Janeiro en octobre 2016.<\/p><p>Le mouvement syndical se voit comme le protecteur des besoins du peuple contre les profiteurs&nbsp;:<\/p><blockquote><p>&ldquo;Les multinationales veulent investir en Somalie et nous avons de graves pr\u00e9occupations quant \u00e0 l&rsquo;exploitation qu&rsquo;elles feront de la tr\u00e8s fragile situation dans notre pays, &rdquo; dit Osman. &nbsp;<\/p><\/blockquote><blockquote><p>&ldquo;Nos syndicats veulent \u00eatre impliqu\u00e9s dans les discussions avec les multinationales d\u00e8s le d\u00e9but, pour pouvoir clairement affirmer que tout ce qui peut se passer refl\u00e8te les int\u00e9r\u00eats de notre peuple.&rdquo;<\/p><\/blockquote><p><strong>Affili\u00e9s d&rsquo;IndustriALL :&nbsp;&nbsp;&nbsp;<\/strong>&nbsp;&nbsp;&nbsp;&nbsp;&nbsp;&nbsp;&nbsp;&nbsp;<\/p><ul><li>Syndicat national des travailleurs de l&rsquo;\u00e9lectricit\u00e9 de Somalie<\/li><li>Syndicat somalien des tailleurs et du textile<\/li><li>Syndicat somalien des travailleurs du p\u00e9trole et du gaz<\/li><\/ul>","protected":false},"featured_media":0,"template":"","issues":[408],"companies":[],"regions":[349],"sectors":[],"article_tags":[],"class_list":["post-149898","article","type-article","status-publish","hentry","issues-global-worker","regions-somalia"],"acf":[],"yoast_head":"<!-- This site is optimized with the Yoast SEO Premium plugin v27.1 (Yoast SEO v27.1) - https:\/\/yoast.com\/product\/yoast-seo-premium-wordpress\/ -->\n<title>Syndicalisation dans un environnement fragile - industriall-union<\/title>\n<meta name=\"description\" content=\"PEOFILCentrale syndicale:&nbsp;F\u00e9d\u00e9ration des Syndicats somaliens (FESTU). La FESTU est affili\u00e9e \u00e0 la CSIPays&nbsp;: SomalieTexte&nbsp;: Walton\" \/>\n<meta name=\"robots\" content=\"index, follow, max-snippet:-1, max-image-preview:large, max-video-preview:-1\" \/>\n<link rel=\"canonical\" href=\"https:\/\/admin.industriall-union.org\/fr\/syndicalisation-dans-un-environnement-fragile\/\" \/>\n<meta property=\"og:locale\" content=\"fr_FR\" \/>\n<meta property=\"og:type\" content=\"article\" \/>\n<meta property=\"og:title\" content=\"Syndicalisation dans un environnement fragile\" \/>\n<meta property=\"og:description\" content=\"PEOFILCentrale syndicale:&nbsp;F\u00e9d\u00e9ration des Syndicats somaliens (FESTU). La FESTU est affili\u00e9e \u00e0 la CSIPays&nbsp;: SomalieTexte&nbsp;: Walton\" \/>\n<meta property=\"og:url\" content=\"https:\/\/admin.industriall-union.org\/fr\/syndicalisation-dans-un-environnement-fragile\/\" \/>\n<meta property=\"og:site_name\" content=\"industriall-union\" \/>\n<meta property=\"article:modified_time\" content=\"2025-02-05T16:24:52+00:00\" \/>\n<meta name=\"twitter:card\" content=\"summary_large_image\" \/>\n<meta name=\"twitter:label1\" content=\"Est. reading time\" \/>\n\t<meta name=\"twitter:data1\" content=\"5 minutes\" \/>\n<script type=\"application\/ld+json\" class=\"yoast-schema-graph\">{\"@context\":\"https:\/\/schema.org\",\"@graph\":[{\"@type\":\"WebPage\",\"@id\":\"https:\/\/admin.industriall-union.org\/fr\/syndicalisation-dans-un-environnement-fragile\/\",\"url\":\"https:\/\/admin.industriall-union.org\/fr\/syndicalisation-dans-un-environnement-fragile\/\",\"name\":\"Syndicalisation dans un environnement fragile - industriall-union\",\"isPartOf\":{\"@id\":\"https:\/\/admin.industriall-union.org\/#website\"},\"datePublished\":\"2017-01-18T06:12:20+00:00\",\"dateModified\":\"2025-02-05T16:24:52+00:00\",\"description\":\"PEOFILCentrale syndicale:&nbsp;F\u00e9d\u00e9ration des Syndicats somaliens (FESTU). La FESTU est affili\u00e9e \u00e0 la CSIPays&nbsp;: SomalieTexte&nbsp;: Walton\",\"breadcrumb\":{\"@id\":\"https:\/\/admin.industriall-union.org\/fr\/syndicalisation-dans-un-environnement-fragile\/#breadcrumb\"},\"inLanguage\":\"fr-FR\",\"potentialAction\":[{\"@type\":\"ReadAction\",\"target\":[\"https:\/\/admin.industriall-union.org\/fr\/syndicalisation-dans-un-environnement-fragile\/\"]}]},{\"@type\":\"BreadcrumbList\",\"@id\":\"https:\/\/admin.industriall-union.org\/fr\/syndicalisation-dans-un-environnement-fragile\/#breadcrumb\",\"itemListElement\":[{\"@type\":\"ListItem\",\"position\":1,\"name\":\"Home\",\"item\":\"https:\/\/admin.industriall-union.org\/\"},{\"@type\":\"ListItem\",\"position\":2,\"name\":\"Articles\",\"item\":\"https:\/\/admin.industriall-union.org\/article\/\"},{\"@type\":\"ListItem\",\"position\":3,\"name\":\"Syndicalisation dans un environnement fragile\"}]},{\"@type\":\"WebSite\",\"@id\":\"https:\/\/admin.industriall-union.org\/#website\",\"url\":\"https:\/\/admin.industriall-union.org\/\",\"name\":\"industriall-union\",\"description\":\"\",\"potentialAction\":[{\"@type\":\"SearchAction\",\"target\":{\"@type\":\"EntryPoint\",\"urlTemplate\":\"https:\/\/admin.industriall-union.org\/?s={search_term_string}\"},\"query-input\":{\"@type\":\"PropertyValueSpecification\",\"valueRequired\":true,\"valueName\":\"search_term_string\"}}],\"inLanguage\":\"fr-FR\"}]}<\/script>\n<!-- \/ Yoast SEO Premium plugin. -->","yoast_head_json":{"title":"Syndicalisation dans un environnement fragile - industriall-union","description":"PEOFILCentrale syndicale:&nbsp;F\u00e9d\u00e9ration des Syndicats somaliens (FESTU). La FESTU est affili\u00e9e \u00e0 la CSIPays&nbsp;: SomalieTexte&nbsp;: Walton","robots":{"index":"index","follow":"follow","max-snippet":"max-snippet:-1","max-image-preview":"max-image-preview:large","max-video-preview":"max-video-preview:-1"},"canonical":"https:\/\/admin.industriall-union.org\/fr\/syndicalisation-dans-un-environnement-fragile\/","og_locale":"fr_FR","og_type":"article","og_title":"Syndicalisation dans un environnement fragile","og_description":"PEOFILCentrale syndicale:&nbsp;F\u00e9d\u00e9ration des Syndicats somaliens (FESTU). La FESTU est affili\u00e9e \u00e0 la CSIPays&nbsp;: SomalieTexte&nbsp;: Walton","og_url":"https:\/\/admin.industriall-union.org\/fr\/syndicalisation-dans-un-environnement-fragile\/","og_site_name":"industriall-union","article_modified_time":"2025-02-05T16:24:52+00:00","twitter_card":"summary_large_image","twitter_misc":{"Est. reading time":"5 minutes"},"schema":{"@context":"https:\/\/schema.org","@graph":[{"@type":"WebPage","@id":"https:\/\/admin.industriall-union.org\/fr\/syndicalisation-dans-un-environnement-fragile\/","url":"https:\/\/admin.industriall-union.org\/fr\/syndicalisation-dans-un-environnement-fragile\/","name":"Syndicalisation dans un environnement fragile - industriall-union","isPartOf":{"@id":"https:\/\/admin.industriall-union.org\/#website"},"datePublished":"2017-01-18T06:12:20+00:00","dateModified":"2025-02-05T16:24:52+00:00","description":"PEOFILCentrale syndicale:&nbsp;F\u00e9d\u00e9ration des Syndicats somaliens (FESTU). La FESTU est affili\u00e9e \u00e0 la CSIPays&nbsp;: SomalieTexte&nbsp;: Walton","breadcrumb":{"@id":"https:\/\/admin.industriall-union.org\/fr\/syndicalisation-dans-un-environnement-fragile\/#breadcrumb"},"inLanguage":"fr-FR","potentialAction":[{"@type":"ReadAction","target":["https:\/\/admin.industriall-union.org\/fr\/syndicalisation-dans-un-environnement-fragile\/"]}]},{"@type":"BreadcrumbList","@id":"https:\/\/admin.industriall-union.org\/fr\/syndicalisation-dans-un-environnement-fragile\/#breadcrumb","itemListElement":[{"@type":"ListItem","position":1,"name":"Home","item":"https:\/\/admin.industriall-union.org\/"},{"@type":"ListItem","position":2,"name":"Articles","item":"https:\/\/admin.industriall-union.org\/article\/"},{"@type":"ListItem","position":3,"name":"Syndicalisation dans un environnement fragile"}]},{"@type":"WebSite","@id":"https:\/\/admin.industriall-union.org\/#website","url":"https:\/\/admin.industriall-union.org\/","name":"industriall-union","description":"","potentialAction":[{"@type":"SearchAction","target":{"@type":"EntryPoint","urlTemplate":"https:\/\/admin.industriall-union.org\/?s={search_term_string}"},"query-input":{"@type":"PropertyValueSpecification","valueRequired":true,"valueName":"search_term_string"}}],"inLanguage":"fr-FR"}]}},"_links":{"self":[{"href":"https:\/\/admin.industriall-union.org\/fr\/wp-json\/wp\/v2\/article\/149898","targetHints":{"allow":["GET"]}}],"collection":[{"href":"https:\/\/admin.industriall-union.org\/fr\/wp-json\/wp\/v2\/article"}],"about":[{"href":"https:\/\/admin.industriall-union.org\/fr\/wp-json\/wp\/v2\/types\/article"}],"wp:attachment":[{"href":"https:\/\/admin.industriall-union.org\/fr\/wp-json\/wp\/v2\/media?parent=149898"}],"wp:term":[{"taxonomy":"issues","embeddable":true,"href":"https:\/\/admin.industriall-union.org\/fr\/wp-json\/wp\/v2\/issues?post=149898"},{"taxonomy":"companies","embeddable":true,"href":"https:\/\/admin.industriall-union.org\/fr\/wp-json\/wp\/v2\/companies?post=149898"},{"taxonomy":"regions","embeddable":true,"href":"https:\/\/admin.industriall-union.org\/fr\/wp-json\/wp\/v2\/regions?post=149898"},{"taxonomy":"sectors","embeddable":true,"href":"https:\/\/admin.industriall-union.org\/fr\/wp-json\/wp\/v2\/sectors?post=149898"},{"taxonomy":"article_tags","embeddable":true,"href":"https:\/\/admin.industriall-union.org\/fr\/wp-json\/wp\/v2\/article_tags?post=149898"}],"curies":[{"name":"wp","href":"https:\/\/api.w.org\/{rel}","templated":true}]}}