{"id":149760,"date":"2017-03-20T09:38:07","date_gmt":"2017-03-20T09:38:07","guid":{"rendered":"https:\/\/admin.industriall-union.org\/des-syndicats-du-mexique-des-etats-unis-et-du-canada-unis-contre-donald-trump\/"},"modified":"2025-02-05T13:56:14","modified_gmt":"2025-02-05T13:56:14","slug":"des-syndicats-du-mexique-des-etats-unis-et-du-canada-unis-contre-donald-trump","status":"publish","type":"article","link":"https:\/\/admin.industriall-union.org\/fr\/des-syndicats-du-mexique-des-etats-unis-et-du-canada-unis-contre-donald-trump\/","title":{"rendered":"Des syndicats du Mexique, des \u00c9tats-Unis et du Canada unis contre Donald Trump"},"content":{"rendered":"<p>Des participants d&#039;un large \u00e9ventail de syndicats et d&#039;organisations de la soci\u00e9t\u00e9 civile du Mexique ainsi que du syndicat am\u00e9ricain AFL-CIO et du canadien Unifor ont d\u00e9nonc\u00e9 la politique de haine et d&#039;exclusion pr\u00f4n\u00e9e par Donald Trump. Ils ont \u00e9galement r\u00e9affirm\u00e9 leur opposition \u00e0 une mondialisation d\u00e9brid\u00e9e ou \u00e0 des accords commerciaux pr\u00e9judiciables aux travailleurs, tels que le Partenariat transpacifique (TPP) ou l&#039;ALENA.<\/p><p>Le Directeur d&#039;IndustriALL Fernando Lopes a fait remarquer que, paradoxalement, les obligations li\u00e9es au TPP avaient eu pour effet, l&#039;an dernier, d&#039;acc\u00e9l\u00e9rer les r\u00e9formes de la l\u00e9gislation du travail dont le Mexique avait urgent besoin. Le TPP \u00e9tant maintenant enterr\u00e9, les d\u00e9fendeurs des droits des travailleurs vont devoir maintenir la pression pour que ces r\u00e9formes soient mises en pratique.<\/p><p>L&#039;impact produit sur le Mexique pourrait \u00eatre ressenti dans le reste de l&#039;Am\u00e9rique latine. Les multinationales de secteurs industriels cl\u00e9s tels que l&#039;automobile et la sid\u00e9rurgie sont pr\u00e9sentes dans les trois plus grandes \u00e9conomies de la r\u00e9gion : l&#039;Argentine, le Br\u00e9sil et le Mexique. Actuellement, le Mexique exporte en grande partie vers les \u00c9tats-Unis tandis que l&#039;Argentine et le Br\u00e9sil approvisionnent le reste de l&#039;Am\u00e9rique latine. Si le Mexique ne peut plus compter sur le march\u00e9 am\u00e9ricain pour ses exportations, il va chercher de nouvelles parts de march\u00e9 en concurren\u00e7ant les industries du Br\u00e9sil et de l&#039;Argentine o\u00f9 les salaires sont plus \u00e9lev\u00e9s, amor\u00e7ant ainsi une spirale \u00e0 la baisse des salaires et autres conditions.<\/p><p>Tout en discutant des dangers de la politique de Donald Trump, beaucoup de participants ont aussi soulign\u00e9 les opportunit\u00e9s qui se pr\u00e9sentent. &quot;Quand une porte se ferme, une autre s&#039;ouvre&quot;, a dit l&#039;un d&#039;eux. L&#039;opposition \u00e0 Donald Trump dynamise les mouvements sociaux et pourrait inciter les syndicats \u00e0 jouer un r\u00f4le plus actif d&#039;influence sur la politique publique.<\/p><p>Fernando Lopes a conclu en ces termes :<\/p><blockquote><p>En tant que syndicats, nous devons prendre conscience de cette r\u00e9alit\u00e9 et r\u00e9fl\u00e9chir \u00e0 des solutions de rechange. IndustriALL appuiera les efforts des syndicats ind\u00e9pendants mexicains pour b\u00e2tir un mouvement sociopolitique propice \u00e0 une soci\u00e9t\u00e9 plus \u00e9quitable, et il encouragera la coop\u00e9ration avec la soci\u00e9t\u00e9 civile qui a aussi un r\u00f4le \u00e0 jouer.<\/p><\/blockquote><p>Cette r\u00e9union se tenait dans le cadre du projet de structuration syndicale IndustriALL\/Unifor qui veut renforcer les syndicats ind\u00e9pendants et les aider \u00e0 faire entendre leur voix.&nbsp;<\/p>","protected":false},"featured_media":0,"template":"","issues":[413,399],"companies":[],"regions":[275],"sectors":[],"article_tags":[],"class_list":["post-149760","article","type-article","status-publish","hentry","issues-trade","issues-union-building","regions-mexico"],"acf":[],"yoast_head":"<!-- This site is optimized with the Yoast SEO Premium plugin v27.1 (Yoast SEO v27.1) - https:\/\/yoast.com\/product\/yoast-seo-premium-wordpress\/ -->\n<title>Des syndicats du Mexique, des \u00c9tats-Unis et du Canada unis contre Donald Trump - industriall-union<\/title>\n<meta name=\"description\" content=\"Des participants d&#039;un large \u00e9ventail de syndicats et d&#039;organisations de la soci\u00e9t\u00e9 civile du Mexique ainsi que du syndicat am\u00e9ricain AFL-CIO et\" \/>\n<meta name=\"robots\" content=\"index, follow, max-snippet:-1, max-image-preview:large, max-video-preview:-1\" \/>\n<link rel=\"canonical\" href=\"https:\/\/admin.industriall-union.org\/fr\/des-syndicats-du-mexique-des-etats-unis-et-du-canada-unis-contre-donald-trump\/\" \/>\n<meta property=\"og:locale\" content=\"fr_FR\" \/>\n<meta property=\"og:type\" content=\"article\" \/>\n<meta property=\"og:title\" content=\"Des syndicats du Mexique, des \u00c9tats-Unis et du Canada unis contre Donald Trump\" \/>\n<meta property=\"og:description\" content=\"Des participants d&#039;un large \u00e9ventail de syndicats et d&#039;organisations de la soci\u00e9t\u00e9 civile du Mexique ainsi que du syndicat am\u00e9ricain AFL-CIO et\" \/>\n<meta property=\"og:url\" content=\"https:\/\/admin.industriall-union.org\/fr\/des-syndicats-du-mexique-des-etats-unis-et-du-canada-unis-contre-donald-trump\/\" \/>\n<meta property=\"og:site_name\" content=\"industriall-union\" \/>\n<meta property=\"article:modified_time\" content=\"2025-02-05T13:56:14+00:00\" \/>\n<meta name=\"twitter:card\" content=\"summary_large_image\" \/>\n<meta name=\"twitter:label1\" content=\"Est. reading time\" \/>\n\t<meta name=\"twitter:data1\" content=\"2 minutes\" \/>\n<script type=\"application\/ld+json\" class=\"yoast-schema-graph\">{\"@context\":\"https:\/\/schema.org\",\"@graph\":[{\"@type\":\"WebPage\",\"@id\":\"https:\/\/admin.industriall-union.org\/fr\/des-syndicats-du-mexique-des-etats-unis-et-du-canada-unis-contre-donald-trump\/\",\"url\":\"https:\/\/admin.industriall-union.org\/fr\/des-syndicats-du-mexique-des-etats-unis-et-du-canada-unis-contre-donald-trump\/\",\"name\":\"Des syndicats du Mexique, des \u00c9tats-Unis et du Canada unis contre Donald Trump - industriall-union\",\"isPartOf\":{\"@id\":\"https:\/\/admin.industriall-union.org\/#website\"},\"datePublished\":\"2017-03-20T09:38:07+00:00\",\"dateModified\":\"2025-02-05T13:56:14+00:00\",\"description\":\"Des participants d&#039;un large \u00e9ventail de syndicats et d&#039;organisations de la soci\u00e9t\u00e9 civile du Mexique ainsi que du syndicat am\u00e9ricain AFL-CIO et\",\"breadcrumb\":{\"@id\":\"https:\/\/admin.industriall-union.org\/fr\/des-syndicats-du-mexique-des-etats-unis-et-du-canada-unis-contre-donald-trump\/#breadcrumb\"},\"inLanguage\":\"fr-FR\",\"potentialAction\":[{\"@type\":\"ReadAction\",\"target\":[\"https:\/\/admin.industriall-union.org\/fr\/des-syndicats-du-mexique-des-etats-unis-et-du-canada-unis-contre-donald-trump\/\"]}]},{\"@type\":\"BreadcrumbList\",\"@id\":\"https:\/\/admin.industriall-union.org\/fr\/des-syndicats-du-mexique-des-etats-unis-et-du-canada-unis-contre-donald-trump\/#breadcrumb\",\"itemListElement\":[{\"@type\":\"ListItem\",\"position\":1,\"name\":\"Home\",\"item\":\"https:\/\/admin.industriall-union.org\/\"},{\"@type\":\"ListItem\",\"position\":2,\"name\":\"Articles\",\"item\":\"https:\/\/admin.industriall-union.org\/article\/\"},{\"@type\":\"ListItem\",\"position\":3,\"name\":\"Des syndicats du Mexique, des \u00c9tats-Unis et du Canada unis contre Donald Trump\"}]},{\"@type\":\"WebSite\",\"@id\":\"https:\/\/admin.industriall-union.org\/#website\",\"url\":\"https:\/\/admin.industriall-union.org\/\",\"name\":\"industriall-union\",\"description\":\"\",\"potentialAction\":[{\"@type\":\"SearchAction\",\"target\":{\"@type\":\"EntryPoint\",\"urlTemplate\":\"https:\/\/admin.industriall-union.org\/?s={search_term_string}\"},\"query-input\":{\"@type\":\"PropertyValueSpecification\",\"valueRequired\":true,\"valueName\":\"search_term_string\"}}],\"inLanguage\":\"fr-FR\"}]}<\/script>\n<!-- \/ Yoast SEO Premium plugin. -->","yoast_head_json":{"title":"Des syndicats du Mexique, des \u00c9tats-Unis et du Canada unis contre Donald Trump - industriall-union","description":"Des participants d&#039;un large \u00e9ventail de syndicats et d&#039;organisations de la soci\u00e9t\u00e9 civile du Mexique ainsi que du syndicat am\u00e9ricain AFL-CIO et","robots":{"index":"index","follow":"follow","max-snippet":"max-snippet:-1","max-image-preview":"max-image-preview:large","max-video-preview":"max-video-preview:-1"},"canonical":"https:\/\/admin.industriall-union.org\/fr\/des-syndicats-du-mexique-des-etats-unis-et-du-canada-unis-contre-donald-trump\/","og_locale":"fr_FR","og_type":"article","og_title":"Des syndicats du Mexique, des \u00c9tats-Unis et du Canada unis contre Donald Trump","og_description":"Des participants d&#039;un large \u00e9ventail de syndicats et d&#039;organisations de la soci\u00e9t\u00e9 civile du Mexique ainsi que du syndicat am\u00e9ricain AFL-CIO et","og_url":"https:\/\/admin.industriall-union.org\/fr\/des-syndicats-du-mexique-des-etats-unis-et-du-canada-unis-contre-donald-trump\/","og_site_name":"industriall-union","article_modified_time":"2025-02-05T13:56:14+00:00","twitter_card":"summary_large_image","twitter_misc":{"Est. reading time":"2 minutes"},"schema":{"@context":"https:\/\/schema.org","@graph":[{"@type":"WebPage","@id":"https:\/\/admin.industriall-union.org\/fr\/des-syndicats-du-mexique-des-etats-unis-et-du-canada-unis-contre-donald-trump\/","url":"https:\/\/admin.industriall-union.org\/fr\/des-syndicats-du-mexique-des-etats-unis-et-du-canada-unis-contre-donald-trump\/","name":"Des syndicats du Mexique, des \u00c9tats-Unis et du Canada unis contre Donald Trump - industriall-union","isPartOf":{"@id":"https:\/\/admin.industriall-union.org\/#website"},"datePublished":"2017-03-20T09:38:07+00:00","dateModified":"2025-02-05T13:56:14+00:00","description":"Des participants d&#039;un large \u00e9ventail de syndicats et d&#039;organisations de la soci\u00e9t\u00e9 civile du Mexique ainsi que du syndicat am\u00e9ricain AFL-CIO et","breadcrumb":{"@id":"https:\/\/admin.industriall-union.org\/fr\/des-syndicats-du-mexique-des-etats-unis-et-du-canada-unis-contre-donald-trump\/#breadcrumb"},"inLanguage":"fr-FR","potentialAction":[{"@type":"ReadAction","target":["https:\/\/admin.industriall-union.org\/fr\/des-syndicats-du-mexique-des-etats-unis-et-du-canada-unis-contre-donald-trump\/"]}]},{"@type":"BreadcrumbList","@id":"https:\/\/admin.industriall-union.org\/fr\/des-syndicats-du-mexique-des-etats-unis-et-du-canada-unis-contre-donald-trump\/#breadcrumb","itemListElement":[{"@type":"ListItem","position":1,"name":"Home","item":"https:\/\/admin.industriall-union.org\/"},{"@type":"ListItem","position":2,"name":"Articles","item":"https:\/\/admin.industriall-union.org\/article\/"},{"@type":"ListItem","position":3,"name":"Des syndicats du Mexique, des \u00c9tats-Unis et du Canada unis contre Donald Trump"}]},{"@type":"WebSite","@id":"https:\/\/admin.industriall-union.org\/#website","url":"https:\/\/admin.industriall-union.org\/","name":"industriall-union","description":"","potentialAction":[{"@type":"SearchAction","target":{"@type":"EntryPoint","urlTemplate":"https:\/\/admin.industriall-union.org\/?s={search_term_string}"},"query-input":{"@type":"PropertyValueSpecification","valueRequired":true,"valueName":"search_term_string"}}],"inLanguage":"fr-FR"}]}},"_links":{"self":[{"href":"https:\/\/admin.industriall-union.org\/fr\/wp-json\/wp\/v2\/article\/149760","targetHints":{"allow":["GET"]}}],"collection":[{"href":"https:\/\/admin.industriall-union.org\/fr\/wp-json\/wp\/v2\/article"}],"about":[{"href":"https:\/\/admin.industriall-union.org\/fr\/wp-json\/wp\/v2\/types\/article"}],"wp:attachment":[{"href":"https:\/\/admin.industriall-union.org\/fr\/wp-json\/wp\/v2\/media?parent=149760"}],"wp:term":[{"taxonomy":"issues","embeddable":true,"href":"https:\/\/admin.industriall-union.org\/fr\/wp-json\/wp\/v2\/issues?post=149760"},{"taxonomy":"companies","embeddable":true,"href":"https:\/\/admin.industriall-union.org\/fr\/wp-json\/wp\/v2\/companies?post=149760"},{"taxonomy":"regions","embeddable":true,"href":"https:\/\/admin.industriall-union.org\/fr\/wp-json\/wp\/v2\/regions?post=149760"},{"taxonomy":"sectors","embeddable":true,"href":"https:\/\/admin.industriall-union.org\/fr\/wp-json\/wp\/v2\/sectors?post=149760"},{"taxonomy":"article_tags","embeddable":true,"href":"https:\/\/admin.industriall-union.org\/fr\/wp-json\/wp\/v2\/article_tags?post=149760"}],"curies":[{"name":"wp","href":"https:\/\/api.w.org\/{rel}","templated":true}]}}