{"id":149750,"date":"2017-03-29T13:58:57","date_gmt":"2017-03-29T13:58:57","guid":{"rendered":"https:\/\/admin.industriall-union.org\/le-recent-engagement-sur-le-conseil-d-entreprise-europeen-envoie-un-signal-fort-en-vue-d-un-accord-mondial-avec-lafargeholcim\/"},"modified":"2025-02-05T13:43:19","modified_gmt":"2025-02-05T13:43:19","slug":"le-recent-engagement-sur-le-conseil-d-entreprise-europeen-envoie-un-signal-fort-en-vue-d-un-accord-mondial-avec-lafargeholcim","status":"publish","type":"article","link":"https:\/\/admin.industriall-union.org\/fr\/le-recent-engagement-sur-le-conseil-d-entreprise-europeen-envoie-un-signal-fort-en-vue-d-un-accord-mondial-avec-lafargeholcim\/","title":{"rendered":"Le r\u00e9cent engagement sur le Conseil d\u2019Entreprise europ\u00e9en envoie un signal fort en vue d\u2019un accord mondial avec LafargeHolcim"},"content":{"rendered":"<p>IndustriALL Global Union est d&rsquo;avis qu&rsquo;en signant cet accord europ\u00e9en, le groupe a fait un premier pas concret vers la construction de relations sociales saines et solides avec ses travailleurs et travailleuses. Cet premier pas n\u00e9cessite cependant une impulsion compl\u00e9mentaire et l&rsquo;entreprise doit en faire davantage pour prouver sa bonne volont\u00e9 \u00e0 ses salari\u00e9s, non seulement en Europe, mais aussi au plan mondial, et b\u00e2tir \u00e9galement les fondations d&rsquo;un dialogue social pareillement ex\u00e9cutoire dans d&rsquo;autres pays.<br \/><br \/>IndustriALL et son organisation s\u0153ur, l&rsquo;Internationale des travailleurs du b\u00e2timent et du bois (IBB), qui repr\u00e9sentent les travailleurs et travailleuses de LafargeHolcim au plan mondial, sont engag\u00e9es actuellement dans le processus de n\u00e9gociation d&rsquo;un accord-cadre mondial avec l&rsquo;entreprise.<\/p><p>Cet accord-cadre mondial cr\u00e9erait, \u00e0 l&rsquo;image de <a href=\"http:\/\/www.efbww.org\/default.asp?index=976&amp;Language=EN\">l&rsquo;accord sur le CEE<\/a>, un cadre solide pour un authentique dialogue entre direction et salari\u00e9s au sein de tous les sites et aupr\u00e8s de tous les fournisseurs de l&rsquo;entreprise partout dans le monde.<\/p><p>Invit\u00e9 par l&rsquo;entreprise \u00e0 assister \u00e0 la c\u00e9r\u00e9monie de signature de l&rsquo;accord sur le CEE \u00e0 Paris, Matthias Hartwich, Directeur du d\u00e9partement d&rsquo;IndustriALL pour les sections des mat\u00e9riaux et de l&rsquo;ing\u00e9nierie m\u00e9canique, a fait ce commentaire&nbsp;: &ldquo;La conclusion de cet innovant accord sur le CEE chez LafargeHolcim est pour nous une indication que l&rsquo;entreprise est s\u00e9rieuse dans son intention de conclure un Accord-cadre mondial avec IndustriALL et l&rsquo;IBB.&quot;<\/p><p>Depuis que Lafarge et Holcim ont fusionn\u00e9 en 2015, l&rsquo;entreprise a \u00e9t\u00e9 confront\u00e9e \u00e0 un certain nombre de d\u00e9fis, notamment de nombreux d\u00e9c\u00e8s sur les lieux de travail, la mont\u00e9e du travail pr\u00e9caire ainsi que des probl\u00e8mes locaux d\u00e9bouchant sur des gr\u00e8ves et des lock-outs en raison du niveau insuffisant de dialogue honn\u00eate et ouvert entre la direction et les syndicats au niveau des usines durant la p\u00e9riode difficile de la restructuration.<\/p><p>Certaines de ces questions sont graduellement solutionn\u00e9es par le biais d&rsquo;un dialogue et de relations am\u00e9lior\u00e9es avec les syndicats. Cependant, l&rsquo;exp\u00e9rience d\u00e9montre qu&rsquo;il est n\u00e9cessaire pour LafargeHolcim de fixer le m\u00eame cadre pour ses relations sociales partout dans le monde.<\/p><p>IndustriALL Global Union, l&rsquo;Internationale des travailleurs du b\u00e2timent et du bois (IBB) et LafargeHolcim sont d\u00e9j\u00e0 <a href=\"http:\/\/www.industriall-union.org\/fr\/les-federations-syndicales-internationales-et-lafargeholcim-vont-elaborer-un-accord-cadre-mondial\">convenus de lancer le processus pour \u00e9laborer un Accord-cadre mondial<\/a>.<\/p>","protected":false},"featured_media":0,"template":"","issues":[409],"companies":[68,86],"regions":[],"sectors":[485],"article_tags":[],"class_list":["post-149750","article","type-article","status-publish","hentry","issues-multinational-companies-mncs","companies-holcim","companies-lafarge","sectors-cement"],"acf":[],"yoast_head":"<!-- This site is optimized with the Yoast SEO Premium plugin v27.1 (Yoast SEO v27.1) - https:\/\/yoast.com\/product\/yoast-seo-premium-wordpress\/ -->\n<title>Le r\u00e9cent engagement sur le Conseil d\u2019Entreprise europ\u00e9en envoie un signal fort en vue d\u2019un accord mondial avec LafargeHolcim - industriall-union<\/title>\n<meta name=\"description\" content=\"IndustriALL Global Union est d&rsquo;avis qu&rsquo;en signant cet accord europ\u00e9en, le groupe a fait un premier pas concret vers la construction de\" \/>\n<meta name=\"robots\" content=\"index, follow, max-snippet:-1, max-image-preview:large, max-video-preview:-1\" \/>\n<link rel=\"canonical\" href=\"https:\/\/admin.industriall-union.org\/fr\/le-recent-engagement-sur-le-conseil-d-entreprise-europeen-envoie-un-signal-fort-en-vue-d-un-accord-mondial-avec-lafargeholcim\/\" \/>\n<meta property=\"og:locale\" content=\"fr_FR\" \/>\n<meta property=\"og:type\" content=\"article\" \/>\n<meta property=\"og:title\" content=\"Le r\u00e9cent engagement sur le Conseil d\u2019Entreprise europ\u00e9en envoie un signal fort en vue d\u2019un accord mondial avec LafargeHolcim\" \/>\n<meta property=\"og:description\" content=\"IndustriALL Global Union est d&rsquo;avis qu&rsquo;en signant cet accord europ\u00e9en, le groupe a fait un premier pas concret vers la construction de\" \/>\n<meta property=\"og:url\" content=\"https:\/\/admin.industriall-union.org\/fr\/le-recent-engagement-sur-le-conseil-d-entreprise-europeen-envoie-un-signal-fort-en-vue-d-un-accord-mondial-avec-lafargeholcim\/\" \/>\n<meta property=\"og:site_name\" content=\"industriall-union\" \/>\n<meta property=\"article:modified_time\" content=\"2025-02-05T13:43:19+00:00\" \/>\n<meta name=\"twitter:card\" content=\"summary_large_image\" \/>\n<meta name=\"twitter:label1\" content=\"Est. reading time\" \/>\n\t<meta name=\"twitter:data1\" content=\"2 minutes\" \/>\n<script type=\"application\/ld+json\" class=\"yoast-schema-graph\">{\"@context\":\"https:\/\/schema.org\",\"@graph\":[{\"@type\":\"WebPage\",\"@id\":\"https:\/\/admin.industriall-union.org\/fr\/le-recent-engagement-sur-le-conseil-d-entreprise-europeen-envoie-un-signal-fort-en-vue-d-un-accord-mondial-avec-lafargeholcim\/\",\"url\":\"https:\/\/admin.industriall-union.org\/fr\/le-recent-engagement-sur-le-conseil-d-entreprise-europeen-envoie-un-signal-fort-en-vue-d-un-accord-mondial-avec-lafargeholcim\/\",\"name\":\"Le r\u00e9cent engagement sur le Conseil d\u2019Entreprise europ\u00e9en envoie un signal fort en vue d\u2019un accord mondial avec LafargeHolcim - industriall-union\",\"isPartOf\":{\"@id\":\"https:\/\/admin.industriall-union.org\/#website\"},\"datePublished\":\"2017-03-29T13:58:57+00:00\",\"dateModified\":\"2025-02-05T13:43:19+00:00\",\"description\":\"IndustriALL Global Union est d&rsquo;avis qu&rsquo;en signant cet accord europ\u00e9en, le groupe a fait un premier pas concret vers la construction de\",\"breadcrumb\":{\"@id\":\"https:\/\/admin.industriall-union.org\/fr\/le-recent-engagement-sur-le-conseil-d-entreprise-europeen-envoie-un-signal-fort-en-vue-d-un-accord-mondial-avec-lafargeholcim\/#breadcrumb\"},\"inLanguage\":\"fr-FR\",\"potentialAction\":[{\"@type\":\"ReadAction\",\"target\":[\"https:\/\/admin.industriall-union.org\/fr\/le-recent-engagement-sur-le-conseil-d-entreprise-europeen-envoie-un-signal-fort-en-vue-d-un-accord-mondial-avec-lafargeholcim\/\"]}]},{\"@type\":\"BreadcrumbList\",\"@id\":\"https:\/\/admin.industriall-union.org\/fr\/le-recent-engagement-sur-le-conseil-d-entreprise-europeen-envoie-un-signal-fort-en-vue-d-un-accord-mondial-avec-lafargeholcim\/#breadcrumb\",\"itemListElement\":[{\"@type\":\"ListItem\",\"position\":1,\"name\":\"Home\",\"item\":\"https:\/\/admin.industriall-union.org\/\"},{\"@type\":\"ListItem\",\"position\":2,\"name\":\"Articles\",\"item\":\"https:\/\/admin.industriall-union.org\/article\/\"},{\"@type\":\"ListItem\",\"position\":3,\"name\":\"Le r\u00e9cent engagement sur le Conseil d\u2019Entreprise europ\u00e9en envoie un signal fort en vue d\u2019un accord mondial avec LafargeHolcim\"}]},{\"@type\":\"WebSite\",\"@id\":\"https:\/\/admin.industriall-union.org\/#website\",\"url\":\"https:\/\/admin.industriall-union.org\/\",\"name\":\"industriall-union\",\"description\":\"\",\"potentialAction\":[{\"@type\":\"SearchAction\",\"target\":{\"@type\":\"EntryPoint\",\"urlTemplate\":\"https:\/\/admin.industriall-union.org\/?s={search_term_string}\"},\"query-input\":{\"@type\":\"PropertyValueSpecification\",\"valueRequired\":true,\"valueName\":\"search_term_string\"}}],\"inLanguage\":\"fr-FR\"}]}<\/script>\n<!-- \/ Yoast SEO Premium plugin. -->","yoast_head_json":{"title":"Le r\u00e9cent engagement sur le Conseil d\u2019Entreprise europ\u00e9en envoie un signal fort en vue d\u2019un accord mondial avec LafargeHolcim - industriall-union","description":"IndustriALL Global Union est d&rsquo;avis qu&rsquo;en signant cet accord europ\u00e9en, le groupe a fait un premier pas concret vers la construction de","robots":{"index":"index","follow":"follow","max-snippet":"max-snippet:-1","max-image-preview":"max-image-preview:large","max-video-preview":"max-video-preview:-1"},"canonical":"https:\/\/admin.industriall-union.org\/fr\/le-recent-engagement-sur-le-conseil-d-entreprise-europeen-envoie-un-signal-fort-en-vue-d-un-accord-mondial-avec-lafargeholcim\/","og_locale":"fr_FR","og_type":"article","og_title":"Le r\u00e9cent engagement sur le Conseil d\u2019Entreprise europ\u00e9en envoie un signal fort en vue d\u2019un accord mondial avec LafargeHolcim","og_description":"IndustriALL Global Union est d&rsquo;avis qu&rsquo;en signant cet accord europ\u00e9en, le groupe a fait un premier pas concret vers la construction de","og_url":"https:\/\/admin.industriall-union.org\/fr\/le-recent-engagement-sur-le-conseil-d-entreprise-europeen-envoie-un-signal-fort-en-vue-d-un-accord-mondial-avec-lafargeholcim\/","og_site_name":"industriall-union","article_modified_time":"2025-02-05T13:43:19+00:00","twitter_card":"summary_large_image","twitter_misc":{"Est. reading time":"2 minutes"},"schema":{"@context":"https:\/\/schema.org","@graph":[{"@type":"WebPage","@id":"https:\/\/admin.industriall-union.org\/fr\/le-recent-engagement-sur-le-conseil-d-entreprise-europeen-envoie-un-signal-fort-en-vue-d-un-accord-mondial-avec-lafargeholcim\/","url":"https:\/\/admin.industriall-union.org\/fr\/le-recent-engagement-sur-le-conseil-d-entreprise-europeen-envoie-un-signal-fort-en-vue-d-un-accord-mondial-avec-lafargeholcim\/","name":"Le r\u00e9cent engagement sur le Conseil d\u2019Entreprise europ\u00e9en envoie un signal fort en vue d\u2019un accord mondial avec LafargeHolcim - industriall-union","isPartOf":{"@id":"https:\/\/admin.industriall-union.org\/#website"},"datePublished":"2017-03-29T13:58:57+00:00","dateModified":"2025-02-05T13:43:19+00:00","description":"IndustriALL Global Union est d&rsquo;avis qu&rsquo;en signant cet accord europ\u00e9en, le groupe a fait un premier pas concret vers la construction de","breadcrumb":{"@id":"https:\/\/admin.industriall-union.org\/fr\/le-recent-engagement-sur-le-conseil-d-entreprise-europeen-envoie-un-signal-fort-en-vue-d-un-accord-mondial-avec-lafargeholcim\/#breadcrumb"},"inLanguage":"fr-FR","potentialAction":[{"@type":"ReadAction","target":["https:\/\/admin.industriall-union.org\/fr\/le-recent-engagement-sur-le-conseil-d-entreprise-europeen-envoie-un-signal-fort-en-vue-d-un-accord-mondial-avec-lafargeholcim\/"]}]},{"@type":"BreadcrumbList","@id":"https:\/\/admin.industriall-union.org\/fr\/le-recent-engagement-sur-le-conseil-d-entreprise-europeen-envoie-un-signal-fort-en-vue-d-un-accord-mondial-avec-lafargeholcim\/#breadcrumb","itemListElement":[{"@type":"ListItem","position":1,"name":"Home","item":"https:\/\/admin.industriall-union.org\/"},{"@type":"ListItem","position":2,"name":"Articles","item":"https:\/\/admin.industriall-union.org\/article\/"},{"@type":"ListItem","position":3,"name":"Le r\u00e9cent engagement sur le Conseil d\u2019Entreprise europ\u00e9en envoie un signal fort en vue d\u2019un accord mondial avec LafargeHolcim"}]},{"@type":"WebSite","@id":"https:\/\/admin.industriall-union.org\/#website","url":"https:\/\/admin.industriall-union.org\/","name":"industriall-union","description":"","potentialAction":[{"@type":"SearchAction","target":{"@type":"EntryPoint","urlTemplate":"https:\/\/admin.industriall-union.org\/?s={search_term_string}"},"query-input":{"@type":"PropertyValueSpecification","valueRequired":true,"valueName":"search_term_string"}}],"inLanguage":"fr-FR"}]}},"_links":{"self":[{"href":"https:\/\/admin.industriall-union.org\/fr\/wp-json\/wp\/v2\/article\/149750","targetHints":{"allow":["GET"]}}],"collection":[{"href":"https:\/\/admin.industriall-union.org\/fr\/wp-json\/wp\/v2\/article"}],"about":[{"href":"https:\/\/admin.industriall-union.org\/fr\/wp-json\/wp\/v2\/types\/article"}],"wp:attachment":[{"href":"https:\/\/admin.industriall-union.org\/fr\/wp-json\/wp\/v2\/media?parent=149750"}],"wp:term":[{"taxonomy":"issues","embeddable":true,"href":"https:\/\/admin.industriall-union.org\/fr\/wp-json\/wp\/v2\/issues?post=149750"},{"taxonomy":"companies","embeddable":true,"href":"https:\/\/admin.industriall-union.org\/fr\/wp-json\/wp\/v2\/companies?post=149750"},{"taxonomy":"regions","embeddable":true,"href":"https:\/\/admin.industriall-union.org\/fr\/wp-json\/wp\/v2\/regions?post=149750"},{"taxonomy":"sectors","embeddable":true,"href":"https:\/\/admin.industriall-union.org\/fr\/wp-json\/wp\/v2\/sectors?post=149750"},{"taxonomy":"article_tags","embeddable":true,"href":"https:\/\/admin.industriall-union.org\/fr\/wp-json\/wp\/v2\/article_tags?post=149750"}],"curies":[{"name":"wp","href":"https:\/\/api.w.org\/{rel}","templated":true}]}}