{"id":149749,"date":"2017-03-30T09:20:27","date_gmt":"2017-03-30T09:20:27","guid":{"rendered":"https:\/\/admin.industriall-union.org\/les-travailleurs-de-fletcher-insulation-determines-a-poursuivre-leur-combat-pour-une-convention-equitable\/"},"modified":"2025-02-05T13:41:41","modified_gmt":"2025-02-05T13:41:41","slug":"les-travailleurs-de-fletcher-insulation-determines-a-poursuivre-leur-combat-pour-une-convention-equitable","status":"publish","type":"article","link":"https:\/\/admin.industriall-union.org\/fr\/les-travailleurs-de-fletcher-insulation-determines-a-poursuivre-leur-combat-pour-une-convention-equitable\/","title":{"rendered":"Les travailleurs de Fletcher Insulation d\u00e9termin\u00e9s \u00e0 poursuivre leur combat pour une convention \u00e9quitable"},"content":{"rendered":"<p>Ils ont recours au syst\u00e8me de l&#039;action revendicative prot\u00e9g\u00e9e contre le fabricant de laine de verre qui refuse d&#039;augmenter les salaires mais veut allonger la dur\u00e9e du travail et recourir davantage \u00e0 de la main-d&rsquo;\u0153uvre occasionnelle.<\/p><p>La proposition de la direction g\u00e8le les salaires pour quatre ans, allonge de trois heures la dur\u00e9e hebdomadaire de travail et supprime le seuil minimum d&#039;effectif, ce qui va \u00e0 l&#039;encontre de la s\u00e9curit\u00e9. Elle veut pouvoir recourir sans restriction \u00e0 des travailleurs occasionnels et r\u00e9duire fortement les mesures d&#039;accompagnement des suppressions d&#039;emplois.<\/p><p>Fletcher Insulation est une entreprise rentable et les travailleurs, dont beaucoup sont employ\u00e9s depuis plus de trente ans, ont atteint de nouveaux records de productivit\u00e9. L&#039;entreprise a sollicit\u00e9 l&#039;arbitrage de la Fair Work Commission pour que soit r\u00e9sili\u00e9e la convention collective en vigueur. Cette convention est arriv\u00e9e \u00e0 expiration, mais ses conditions resteront inchang\u00e9es tant que sa r\u00e9siliation n&#039;est pas accept\u00e9e ou qu&#039;une nouvelle convention n&#039;est pas sign\u00e9e.<\/p><p>Les 90 adh\u00e9rents de l&#039;AWU de l&#039;usine ont rejet\u00e9 la proposition de la direction et un piquet de gr\u00e8ve est install\u00e9 devant l&#039;usine de Dandenong, pr\u00e8s de Melbourne, depuis 42 jours.<\/p><blockquote><p>&quot;La production a augment\u00e9 de 20% au dernier trimestre 2016 et pourtant, quelques semaines plus tard \u00e0 peine, les travailleurs s&#039;entendent dire qu&#039;ils ne m\u00e9ritent pas de hausse de salaire pendant quatre ans et que les conditions qu&#039;ils connaissent depuis si longtemps vont \u00eatre balay\u00e9es,&quot;<\/p><\/blockquote><p>d\u00e9clare le secr\u00e9taire de l&#039;AWU pour l&#039;\u00c9tat de Victoria, Ben Davis.<\/p><blockquote><p>&quot;C&#039;est injuste, c&#039;est illogique et on ne peut que conclure qu&#039;il s&#039;agit d&#039;une bataille id\u00e9ologique.&quot;<\/p><\/blockquote><p>Les travailleurs ne sont plus pay\u00e9s depuis le 17 f\u00e9vrier et ils ont organis\u00e9 un financement participatif (crowdfunding) pour alimenter un fonds de gr\u00e8ve qui aidera les gr\u00e9vistes \u00e0 tenir le coup.<\/p><p>Vous pouvez faire un don au fonds de gr\u00e8ve en cliquant <a href=\"https:\/\/www.gofundme.com\/awu-fletcher-insulation-strike\">ici<\/a><\/p><p>Dans un message de solidarit\u00e9 adress\u00e9 \u00e0 l&#039;AWU, le Secr\u00e9taire g\u00e9n\u00e9ral d&#039;IndustriALL Valter Sanches a \u00e9crit :<\/p><blockquote><p>&quot;IndustriALL Global Union condamne dans les termes les plus vifs l&#039;intransigeance de Fletcher Insulation Australia qui refuse de n\u00e9gocier de bonne foi avec le syndicat depuis le mois d&#039;ao\u00fbt 2016 pour se lancer au contraire dans une politique agressive qui aurait pour effet d&#039;entamer s\u00e9rieusement les droits fondamentaux des travailleurs et leurs avantages.&quot;<\/p><\/blockquote><p>Fletcher Insulation fabrique des produits d&#039;isolation acoustique, thermique et contre l&#039;incendie pour usage priv\u00e9 et commercial. Le groupe n\u00e9o-z\u00e9landais Fletcher a rachet\u00e9 l&#039;usine de Dandenong \u00e0 ACI Glass il y a plusieurs ann\u00e9es.<\/p>","protected":false},"featured_media":0,"template":"","issues":[],"companies":[],"regions":[155,157],"sectors":[487,484],"article_tags":[],"class_list":["post-149749","article","type-article","status-publish","hentry","regions-asia-pacific","regions-australia","sectors-glass","sectors-glass-cement-ceramic-and-associated-industries"],"acf":[],"yoast_head":"<!-- This site is optimized with the Yoast SEO Premium plugin v27.1 (Yoast SEO v27.1) - https:\/\/yoast.com\/product\/yoast-seo-premium-wordpress\/ -->\n<title>Les travailleurs de Fletcher Insulation d\u00e9termin\u00e9s \u00e0 poursuivre leur combat pour une convention \u00e9quitable - industriall-union<\/title>\n<meta name=\"description\" content=\"Ils ont recours au syst\u00e8me de l&#039;action revendicative prot\u00e9g\u00e9e contre le fabricant de laine de verre qui refuse d&#039;augmenter les salaires mais\" \/>\n<meta name=\"robots\" content=\"index, follow, max-snippet:-1, max-image-preview:large, max-video-preview:-1\" \/>\n<link rel=\"canonical\" href=\"https:\/\/admin.industriall-union.org\/fr\/les-travailleurs-de-fletcher-insulation-determines-a-poursuivre-leur-combat-pour-une-convention-equitable\/\" \/>\n<meta property=\"og:locale\" content=\"fr_FR\" \/>\n<meta property=\"og:type\" content=\"article\" \/>\n<meta property=\"og:title\" content=\"Les travailleurs de Fletcher Insulation d\u00e9termin\u00e9s \u00e0 poursuivre leur combat pour une convention \u00e9quitable\" \/>\n<meta property=\"og:description\" content=\"Ils ont recours au syst\u00e8me de l&#039;action revendicative prot\u00e9g\u00e9e contre le fabricant de laine de verre qui refuse d&#039;augmenter les salaires mais\" \/>\n<meta property=\"og:url\" content=\"https:\/\/admin.industriall-union.org\/fr\/les-travailleurs-de-fletcher-insulation-determines-a-poursuivre-leur-combat-pour-une-convention-equitable\/\" \/>\n<meta property=\"og:site_name\" content=\"industriall-union\" \/>\n<meta property=\"article:modified_time\" content=\"2025-02-05T13:41:41+00:00\" \/>\n<meta name=\"twitter:card\" content=\"summary_large_image\" \/>\n<meta name=\"twitter:label1\" content=\"Est. reading time\" \/>\n\t<meta name=\"twitter:data1\" content=\"2 minutes\" \/>\n<script type=\"application\/ld+json\" class=\"yoast-schema-graph\">{\"@context\":\"https:\/\/schema.org\",\"@graph\":[{\"@type\":\"WebPage\",\"@id\":\"https:\/\/admin.industriall-union.org\/fr\/les-travailleurs-de-fletcher-insulation-determines-a-poursuivre-leur-combat-pour-une-convention-equitable\/\",\"url\":\"https:\/\/admin.industriall-union.org\/fr\/les-travailleurs-de-fletcher-insulation-determines-a-poursuivre-leur-combat-pour-une-convention-equitable\/\",\"name\":\"Les travailleurs de Fletcher Insulation d\u00e9termin\u00e9s \u00e0 poursuivre leur combat pour une convention \u00e9quitable - industriall-union\",\"isPartOf\":{\"@id\":\"https:\/\/admin.industriall-union.org\/es\/#website\"},\"datePublished\":\"2017-03-30T09:20:27+00:00\",\"dateModified\":\"2025-02-05T13:41:41+00:00\",\"description\":\"Ils ont recours au syst\u00e8me de l&#039;action revendicative prot\u00e9g\u00e9e contre le fabricant de laine de verre qui refuse d&#039;augmenter les salaires mais\",\"breadcrumb\":{\"@id\":\"https:\/\/admin.industriall-union.org\/fr\/les-travailleurs-de-fletcher-insulation-determines-a-poursuivre-leur-combat-pour-une-convention-equitable\/#breadcrumb\"},\"inLanguage\":\"fr-FR\",\"potentialAction\":[{\"@type\":\"ReadAction\",\"target\":[\"https:\/\/admin.industriall-union.org\/fr\/les-travailleurs-de-fletcher-insulation-determines-a-poursuivre-leur-combat-pour-une-convention-equitable\/\"]}]},{\"@type\":\"BreadcrumbList\",\"@id\":\"https:\/\/admin.industriall-union.org\/fr\/les-travailleurs-de-fletcher-insulation-determines-a-poursuivre-leur-combat-pour-une-convention-equitable\/#breadcrumb\",\"itemListElement\":[{\"@type\":\"ListItem\",\"position\":1,\"name\":\"Home\",\"item\":\"https:\/\/admin.industriall-union.org\/es\/\"},{\"@type\":\"ListItem\",\"position\":2,\"name\":\"Articles\",\"item\":\"https:\/\/admin.industriall-union.org\/es\/article\/\"},{\"@type\":\"ListItem\",\"position\":3,\"name\":\"Les travailleurs de Fletcher Insulation d\u00e9termin\u00e9s \u00e0 poursuivre leur combat pour une convention \u00e9quitable\"}]},{\"@type\":\"WebSite\",\"@id\":\"https:\/\/admin.industriall-union.org\/es\/#website\",\"url\":\"https:\/\/admin.industriall-union.org\/es\/\",\"name\":\"industriall-union\",\"description\":\"\",\"potentialAction\":[{\"@type\":\"SearchAction\",\"target\":{\"@type\":\"EntryPoint\",\"urlTemplate\":\"https:\/\/admin.industriall-union.org\/es\/?s={search_term_string}\"},\"query-input\":{\"@type\":\"PropertyValueSpecification\",\"valueRequired\":true,\"valueName\":\"search_term_string\"}}],\"inLanguage\":\"fr-FR\"}]}<\/script>\n<!-- \/ Yoast SEO Premium plugin. -->","yoast_head_json":{"title":"Les travailleurs de Fletcher Insulation d\u00e9termin\u00e9s \u00e0 poursuivre leur combat pour une convention \u00e9quitable - industriall-union","description":"Ils ont recours au syst\u00e8me de l&#039;action revendicative prot\u00e9g\u00e9e contre le fabricant de laine de verre qui refuse d&#039;augmenter les salaires mais","robots":{"index":"index","follow":"follow","max-snippet":"max-snippet:-1","max-image-preview":"max-image-preview:large","max-video-preview":"max-video-preview:-1"},"canonical":"https:\/\/admin.industriall-union.org\/fr\/les-travailleurs-de-fletcher-insulation-determines-a-poursuivre-leur-combat-pour-une-convention-equitable\/","og_locale":"fr_FR","og_type":"article","og_title":"Les travailleurs de Fletcher Insulation d\u00e9termin\u00e9s \u00e0 poursuivre leur combat pour une convention \u00e9quitable","og_description":"Ils ont recours au syst\u00e8me de l&#039;action revendicative prot\u00e9g\u00e9e contre le fabricant de laine de verre qui refuse d&#039;augmenter les salaires mais","og_url":"https:\/\/admin.industriall-union.org\/fr\/les-travailleurs-de-fletcher-insulation-determines-a-poursuivre-leur-combat-pour-une-convention-equitable\/","og_site_name":"industriall-union","article_modified_time":"2025-02-05T13:41:41+00:00","twitter_card":"summary_large_image","twitter_misc":{"Est. reading time":"2 minutes"},"schema":{"@context":"https:\/\/schema.org","@graph":[{"@type":"WebPage","@id":"https:\/\/admin.industriall-union.org\/fr\/les-travailleurs-de-fletcher-insulation-determines-a-poursuivre-leur-combat-pour-une-convention-equitable\/","url":"https:\/\/admin.industriall-union.org\/fr\/les-travailleurs-de-fletcher-insulation-determines-a-poursuivre-leur-combat-pour-une-convention-equitable\/","name":"Les travailleurs de Fletcher Insulation d\u00e9termin\u00e9s \u00e0 poursuivre leur combat pour une convention \u00e9quitable - industriall-union","isPartOf":{"@id":"https:\/\/admin.industriall-union.org\/es\/#website"},"datePublished":"2017-03-30T09:20:27+00:00","dateModified":"2025-02-05T13:41:41+00:00","description":"Ils ont recours au syst\u00e8me de l&#039;action revendicative prot\u00e9g\u00e9e contre le fabricant de laine de verre qui refuse d&#039;augmenter les salaires mais","breadcrumb":{"@id":"https:\/\/admin.industriall-union.org\/fr\/les-travailleurs-de-fletcher-insulation-determines-a-poursuivre-leur-combat-pour-une-convention-equitable\/#breadcrumb"},"inLanguage":"fr-FR","potentialAction":[{"@type":"ReadAction","target":["https:\/\/admin.industriall-union.org\/fr\/les-travailleurs-de-fletcher-insulation-determines-a-poursuivre-leur-combat-pour-une-convention-equitable\/"]}]},{"@type":"BreadcrumbList","@id":"https:\/\/admin.industriall-union.org\/fr\/les-travailleurs-de-fletcher-insulation-determines-a-poursuivre-leur-combat-pour-une-convention-equitable\/#breadcrumb","itemListElement":[{"@type":"ListItem","position":1,"name":"Home","item":"https:\/\/admin.industriall-union.org\/es\/"},{"@type":"ListItem","position":2,"name":"Articles","item":"https:\/\/admin.industriall-union.org\/es\/article\/"},{"@type":"ListItem","position":3,"name":"Les travailleurs de Fletcher Insulation d\u00e9termin\u00e9s \u00e0 poursuivre leur combat pour une convention \u00e9quitable"}]},{"@type":"WebSite","@id":"https:\/\/admin.industriall-union.org\/es\/#website","url":"https:\/\/admin.industriall-union.org\/es\/","name":"industriall-union","description":"","potentialAction":[{"@type":"SearchAction","target":{"@type":"EntryPoint","urlTemplate":"https:\/\/admin.industriall-union.org\/es\/?s={search_term_string}"},"query-input":{"@type":"PropertyValueSpecification","valueRequired":true,"valueName":"search_term_string"}}],"inLanguage":"fr-FR"}]}},"_links":{"self":[{"href":"https:\/\/admin.industriall-union.org\/fr\/wp-json\/wp\/v2\/article\/149749","targetHints":{"allow":["GET"]}}],"collection":[{"href":"https:\/\/admin.industriall-union.org\/fr\/wp-json\/wp\/v2\/article"}],"about":[{"href":"https:\/\/admin.industriall-union.org\/fr\/wp-json\/wp\/v2\/types\/article"}],"wp:attachment":[{"href":"https:\/\/admin.industriall-union.org\/fr\/wp-json\/wp\/v2\/media?parent=149749"}],"wp:term":[{"taxonomy":"issues","embeddable":true,"href":"https:\/\/admin.industriall-union.org\/fr\/wp-json\/wp\/v2\/issues?post=149749"},{"taxonomy":"companies","embeddable":true,"href":"https:\/\/admin.industriall-union.org\/fr\/wp-json\/wp\/v2\/companies?post=149749"},{"taxonomy":"regions","embeddable":true,"href":"https:\/\/admin.industriall-union.org\/fr\/wp-json\/wp\/v2\/regions?post=149749"},{"taxonomy":"sectors","embeddable":true,"href":"https:\/\/admin.industriall-union.org\/fr\/wp-json\/wp\/v2\/sectors?post=149749"},{"taxonomy":"article_tags","embeddable":true,"href":"https:\/\/admin.industriall-union.org\/fr\/wp-json\/wp\/v2\/article_tags?post=149749"}],"curies":[{"name":"wp","href":"https:\/\/api.w.org\/{rel}","templated":true}]}}