{"id":149721,"date":"2017-04-25T15:49:06","date_gmt":"2017-04-25T15:49:06","guid":{"rendered":"https:\/\/admin.industriall-union.org\/les-travailleurs-de-thermo-fisher-luttent-pour-leurs-emplois-en-suisse\/"},"modified":"2025-02-05T13:00:26","modified_gmt":"2025-02-05T13:00:26","slug":"les-travailleurs-de-thermo-fisher-luttent-pour-leurs-emplois-en-suisse","status":"publish","type":"article","link":"https:\/\/admin.industriall-union.org\/fr\/les-travailleurs-de-thermo-fisher-luttent-pour-leurs-emplois-en-suisse\/","title":{"rendered":"Les travailleurs de Thermo Fisher luttent pour leurs emplois en Suisse"},"content":{"rendered":"<p>130 salari\u00e9s participent \u00e0 cette action.<\/p><p>L&#039;accord en question a \u00e9t\u00e9 n\u00e9goci\u00e9 avec le concours du service de l&#039;emploi du canton de Vaud, le 20 avril, et r\u00e9pond \u00e0 trois revendications du syndicat, \u00e0 savoir :<\/p><ul><li>UNIA doit \u00eatre reconnu comme partenaire pour la n\u00e9gociation;<\/li><\/ul><ul><li>La phase de consultation doit \u00eatre prolong\u00e9e jusqu&#039;\u00e0 la fin mai;<\/li><\/ul><ul><li>La direction doit fournir tous les \u00e9l\u00e9ments n\u00e9cessaires \u00e0 la formulation de contre-propositions \u00e0 la d\u00e9localisation du site, comme le pr\u00e9voit la loi.<\/li><\/ul><p>Le conseil d&#039;administration am\u00e9ricain de l&#039;entreprise a rejet\u00e9 l&#039;accord n\u00e9goci\u00e9 et refuse tout compromis. La direction am\u00e9ricaine du groupe n&#039;a fourni aucune explication ou justification pour cette d\u00e9cision. Cette absence de dialogue et la d\u00e9cision d\u00e9nu\u00e9e de fondement de la direction a pouss\u00e9 les travailleurs \u00e0 poursuivre leur gr\u00e8ve.<\/p><p>La premi\u00e8re action syndicale a eu lieu le 19 avril, apr\u00e8s que la direction ait annonc\u00e9 son intention de d\u00e9localiser la production et quitter la Suisse. Son site d&#039;\u00c9cublens est sp\u00e9cialis\u00e9 dans la fabrication de spectrom\u00e8tres \u00e0 rayons X et \u00e0 \u00e9mission optique et la direction veut d\u00e9localiser une partie de la production \u00e0 Brno, en R\u00e9publique tch\u00e8que, ce qui entra\u00eenerait la perte de 106 emplois sur les 165 d&#039;\u00c9cublens.<\/p><p>Le Secr\u00e9taire g\u00e9n\u00e9ral d&#039;IndustriALL, Valter Sanches, a \u00e9crit au <a href=\"\/wp-content\/uploads\/documents\/2017\/SWITZERLAND\/industriall_global_union_letter_to_thermo_fisher_scientific_ref_switzerland_25-04-20172.pdf\">conseil d&#039;administration am\u00e9ricain de Thermo Fisher Scientific<\/a> et demande avec insistance que la direction &quot;r\u00e9ponde aux revendications l\u00e9gitimes des travailleurs de l&#039;usine d&#039;\u00c9cublens et accepte l&#039;accord conclu localement, qui tient compte des n\u00e9gociations relatives au projet de d\u00e9localisation de la production d&#039;\u00c9cublens vers Brno, en R\u00e9publique tch\u00e8que, de l&#039;allongement de la phase de consultation afin de pr\u00e9parer des contre-propositions \u00e0 ces licenciements massifs, et de la n\u00e9cessit\u00e9 d&#039;informer et de consulter.&quot;<\/p><p>Valter Sanches a aussi exprim\u00e9 son soutien et sa solidarit\u00e9 sans r\u00e9serve aux travailleurs de Thermo Fisher Scientific et au syndicat qui les repr\u00e9sente, UNIA, dans leur combat pour les droits des travailleurs.<\/p>","protected":false},"featured_media":0,"template":"","issues":[424,425],"companies":[],"regions":[248],"sectors":[492],"article_tags":[],"class_list":["post-149721","article","type-article","status-publish","hentry","issues-violation","issues-workers-rights","regions-switzerland","sectors-electronics"],"acf":[],"yoast_head":"<!-- This site is optimized with the Yoast SEO Premium plugin v27.1 (Yoast SEO v27.1) - https:\/\/yoast.com\/product\/yoast-seo-premium-wordpress\/ -->\n<title>Les travailleurs de Thermo Fisher luttent pour leurs emplois en Suisse - industriall-union<\/title>\n<meta name=\"description\" content=\"130 salari\u00e9s participent \u00e0 cette action.L&#039;accord en question a \u00e9t\u00e9 n\u00e9goci\u00e9 avec le concours du service de l&#039;emploi du canton de Vaud, le 20\" \/>\n<meta name=\"robots\" content=\"index, follow, max-snippet:-1, max-image-preview:large, max-video-preview:-1\" \/>\n<link rel=\"canonical\" href=\"https:\/\/admin.industriall-union.org\/fr\/les-travailleurs-de-thermo-fisher-luttent-pour-leurs-emplois-en-suisse\/\" \/>\n<meta property=\"og:locale\" content=\"fr_FR\" \/>\n<meta property=\"og:type\" content=\"article\" \/>\n<meta property=\"og:title\" content=\"Les travailleurs de Thermo Fisher luttent pour leurs emplois en Suisse\" \/>\n<meta property=\"og:description\" content=\"130 salari\u00e9s participent \u00e0 cette action.L&#039;accord en question a \u00e9t\u00e9 n\u00e9goci\u00e9 avec le concours du service de l&#039;emploi du canton de Vaud, le 20\" \/>\n<meta property=\"og:url\" content=\"https:\/\/admin.industriall-union.org\/fr\/les-travailleurs-de-thermo-fisher-luttent-pour-leurs-emplois-en-suisse\/\" \/>\n<meta property=\"og:site_name\" content=\"industriall-union\" \/>\n<meta property=\"article:modified_time\" content=\"2025-02-05T13:00:26+00:00\" \/>\n<meta name=\"twitter:card\" content=\"summary_large_image\" \/>\n<meta name=\"twitter:label1\" content=\"Est. reading time\" \/>\n\t<meta name=\"twitter:data1\" content=\"2 minutes\" \/>\n<script type=\"application\/ld+json\" class=\"yoast-schema-graph\">{\"@context\":\"https:\/\/schema.org\",\"@graph\":[{\"@type\":\"WebPage\",\"@id\":\"https:\/\/admin.industriall-union.org\/fr\/les-travailleurs-de-thermo-fisher-luttent-pour-leurs-emplois-en-suisse\/\",\"url\":\"https:\/\/admin.industriall-union.org\/fr\/les-travailleurs-de-thermo-fisher-luttent-pour-leurs-emplois-en-suisse\/\",\"name\":\"Les travailleurs de Thermo Fisher luttent pour leurs emplois en Suisse - industriall-union\",\"isPartOf\":{\"@id\":\"https:\/\/admin.industriall-union.org\/#website\"},\"datePublished\":\"2017-04-25T15:49:06+00:00\",\"dateModified\":\"2025-02-05T13:00:26+00:00\",\"description\":\"130 salari\u00e9s participent \u00e0 cette action.L&#039;accord en question a \u00e9t\u00e9 n\u00e9goci\u00e9 avec le concours du service de l&#039;emploi du canton de Vaud, le 20\",\"breadcrumb\":{\"@id\":\"https:\/\/admin.industriall-union.org\/fr\/les-travailleurs-de-thermo-fisher-luttent-pour-leurs-emplois-en-suisse\/#breadcrumb\"},\"inLanguage\":\"fr-FR\",\"potentialAction\":[{\"@type\":\"ReadAction\",\"target\":[\"https:\/\/admin.industriall-union.org\/fr\/les-travailleurs-de-thermo-fisher-luttent-pour-leurs-emplois-en-suisse\/\"]}]},{\"@type\":\"BreadcrumbList\",\"@id\":\"https:\/\/admin.industriall-union.org\/fr\/les-travailleurs-de-thermo-fisher-luttent-pour-leurs-emplois-en-suisse\/#breadcrumb\",\"itemListElement\":[{\"@type\":\"ListItem\",\"position\":1,\"name\":\"Home\",\"item\":\"https:\/\/admin.industriall-union.org\/\"},{\"@type\":\"ListItem\",\"position\":2,\"name\":\"Articles\",\"item\":\"https:\/\/admin.industriall-union.org\/article\/\"},{\"@type\":\"ListItem\",\"position\":3,\"name\":\"Les travailleurs de Thermo Fisher luttent pour leurs emplois en Suisse\"}]},{\"@type\":\"WebSite\",\"@id\":\"https:\/\/admin.industriall-union.org\/#website\",\"url\":\"https:\/\/admin.industriall-union.org\/\",\"name\":\"industriall-union\",\"description\":\"\",\"potentialAction\":[{\"@type\":\"SearchAction\",\"target\":{\"@type\":\"EntryPoint\",\"urlTemplate\":\"https:\/\/admin.industriall-union.org\/?s={search_term_string}\"},\"query-input\":{\"@type\":\"PropertyValueSpecification\",\"valueRequired\":true,\"valueName\":\"search_term_string\"}}],\"inLanguage\":\"fr-FR\"}]}<\/script>\n<!-- \/ Yoast SEO Premium plugin. -->","yoast_head_json":{"title":"Les travailleurs de Thermo Fisher luttent pour leurs emplois en Suisse - industriall-union","description":"130 salari\u00e9s participent \u00e0 cette action.L&#039;accord en question a \u00e9t\u00e9 n\u00e9goci\u00e9 avec le concours du service de l&#039;emploi du canton de Vaud, le 20","robots":{"index":"index","follow":"follow","max-snippet":"max-snippet:-1","max-image-preview":"max-image-preview:large","max-video-preview":"max-video-preview:-1"},"canonical":"https:\/\/admin.industriall-union.org\/fr\/les-travailleurs-de-thermo-fisher-luttent-pour-leurs-emplois-en-suisse\/","og_locale":"fr_FR","og_type":"article","og_title":"Les travailleurs de Thermo Fisher luttent pour leurs emplois en Suisse","og_description":"130 salari\u00e9s participent \u00e0 cette action.L&#039;accord en question a \u00e9t\u00e9 n\u00e9goci\u00e9 avec le concours du service de l&#039;emploi du canton de Vaud, le 20","og_url":"https:\/\/admin.industriall-union.org\/fr\/les-travailleurs-de-thermo-fisher-luttent-pour-leurs-emplois-en-suisse\/","og_site_name":"industriall-union","article_modified_time":"2025-02-05T13:00:26+00:00","twitter_card":"summary_large_image","twitter_misc":{"Est. reading time":"2 minutes"},"schema":{"@context":"https:\/\/schema.org","@graph":[{"@type":"WebPage","@id":"https:\/\/admin.industriall-union.org\/fr\/les-travailleurs-de-thermo-fisher-luttent-pour-leurs-emplois-en-suisse\/","url":"https:\/\/admin.industriall-union.org\/fr\/les-travailleurs-de-thermo-fisher-luttent-pour-leurs-emplois-en-suisse\/","name":"Les travailleurs de Thermo Fisher luttent pour leurs emplois en Suisse - industriall-union","isPartOf":{"@id":"https:\/\/admin.industriall-union.org\/#website"},"datePublished":"2017-04-25T15:49:06+00:00","dateModified":"2025-02-05T13:00:26+00:00","description":"130 salari\u00e9s participent \u00e0 cette action.L&#039;accord en question a \u00e9t\u00e9 n\u00e9goci\u00e9 avec le concours du service de l&#039;emploi du canton de Vaud, le 20","breadcrumb":{"@id":"https:\/\/admin.industriall-union.org\/fr\/les-travailleurs-de-thermo-fisher-luttent-pour-leurs-emplois-en-suisse\/#breadcrumb"},"inLanguage":"fr-FR","potentialAction":[{"@type":"ReadAction","target":["https:\/\/admin.industriall-union.org\/fr\/les-travailleurs-de-thermo-fisher-luttent-pour-leurs-emplois-en-suisse\/"]}]},{"@type":"BreadcrumbList","@id":"https:\/\/admin.industriall-union.org\/fr\/les-travailleurs-de-thermo-fisher-luttent-pour-leurs-emplois-en-suisse\/#breadcrumb","itemListElement":[{"@type":"ListItem","position":1,"name":"Home","item":"https:\/\/admin.industriall-union.org\/"},{"@type":"ListItem","position":2,"name":"Articles","item":"https:\/\/admin.industriall-union.org\/article\/"},{"@type":"ListItem","position":3,"name":"Les travailleurs de Thermo Fisher luttent pour leurs emplois en Suisse"}]},{"@type":"WebSite","@id":"https:\/\/admin.industriall-union.org\/#website","url":"https:\/\/admin.industriall-union.org\/","name":"industriall-union","description":"","potentialAction":[{"@type":"SearchAction","target":{"@type":"EntryPoint","urlTemplate":"https:\/\/admin.industriall-union.org\/?s={search_term_string}"},"query-input":{"@type":"PropertyValueSpecification","valueRequired":true,"valueName":"search_term_string"}}],"inLanguage":"fr-FR"}]}},"_links":{"self":[{"href":"https:\/\/admin.industriall-union.org\/fr\/wp-json\/wp\/v2\/article\/149721","targetHints":{"allow":["GET"]}}],"collection":[{"href":"https:\/\/admin.industriall-union.org\/fr\/wp-json\/wp\/v2\/article"}],"about":[{"href":"https:\/\/admin.industriall-union.org\/fr\/wp-json\/wp\/v2\/types\/article"}],"wp:attachment":[{"href":"https:\/\/admin.industriall-union.org\/fr\/wp-json\/wp\/v2\/media?parent=149721"}],"wp:term":[{"taxonomy":"issues","embeddable":true,"href":"https:\/\/admin.industriall-union.org\/fr\/wp-json\/wp\/v2\/issues?post=149721"},{"taxonomy":"companies","embeddable":true,"href":"https:\/\/admin.industriall-union.org\/fr\/wp-json\/wp\/v2\/companies?post=149721"},{"taxonomy":"regions","embeddable":true,"href":"https:\/\/admin.industriall-union.org\/fr\/wp-json\/wp\/v2\/regions?post=149721"},{"taxonomy":"sectors","embeddable":true,"href":"https:\/\/admin.industriall-union.org\/fr\/wp-json\/wp\/v2\/sectors?post=149721"},{"taxonomy":"article_tags","embeddable":true,"href":"https:\/\/admin.industriall-union.org\/fr\/wp-json\/wp\/v2\/article_tags?post=149721"}],"curies":[{"name":"wp","href":"https:\/\/api.w.org\/{rel}","templated":true}]}}