{"id":149683,"date":"2017-05-10T09:17:28","date_gmt":"2017-05-10T09:17:28","guid":{"rendered":"https:\/\/admin.industriall-union.org\/l-ue-doit-faire-repondre-le-bangladesh-des-violations-des-droits-des-travailleurs\/"},"modified":"2025-02-05T12:31:29","modified_gmt":"2025-02-05T12:31:29","slug":"l-ue-doit-faire-repondre-le-bangladesh-des-violations-des-droits-des-travailleurs","status":"publish","type":"article","link":"https:\/\/admin.industriall-union.org\/fr\/l-ue-doit-faire-repondre-le-bangladesh-des-violations-des-droits-des-travailleurs\/","title":{"rendered":"L\u2019UE doit faire r\u00e9pondre le Bangladesh des violations des droits des travailleurs"},"content":{"rendered":"<p>Ce Pacte a \u00e9t\u00e9 institu\u00e9 entre l&rsquo;Union europ\u00e9enne (UE), le gouvernement du Bangladesh, les \u00c9tats-Unis, le Canada et l&rsquo;OIT, en vue d&rsquo;am\u00e9liorer les droits des travailleurs et la s\u00e9curit\u00e9 des usines dans l&rsquo;industrie de la confection, apr\u00e8s que plus de 1.100 travailleurs et travailleuses ont \u00e9t\u00e9 tu\u00e9s lors de l&rsquo;effondrement de l&rsquo;usine Rana Plaza le 24 avril 2013.<\/p><p>Pourtant, quatre ans plus tard, \u00e0 l&rsquo;occasion d&rsquo;une \u00e9valuation accablante, des f\u00e9d\u00e9rations syndicales internationales, parmi lesquelles figurent IndustriALL, la CSI et UNI, ont vertement critiqu\u00e9 les r\u00e9sultats de ce pacte alors que les droits des travailleurs au Bangladesh continuent \u00e0 se d\u00e9t\u00e9riorer.<\/p><p>Dans le document, publi\u00e9 ce mois, les syndicats \u00e9crivent&nbsp;:<\/p><p>&ldquo;Pour r\u00e9sumer, en d\u00e9pit du Pacte de d\u00e9veloppement durable, en d\u00e9pit des millions allou\u00e9s sous forme d&rsquo;assistance internationale aux fins d&rsquo;am\u00e9liorer les relations sociales et m\u00eame d&rsquo;efforts consentis par certaines enseignes, le gouvernement a d\u00e9montr\u00e9 sans qu&rsquo;il y ait le moindre doute que les m\u00e9canismes de dialogue permanents ont \u00e9chou\u00e9s et n&rsquo;apporteront, au mieux, que peu de choses pour am\u00e9liorer le sort des plus de quatre millions de travailleurs et travailleuses de la confection et de nombreux millions encore dans d&rsquo;autres secteurs.&rdquo;<\/p><p>De plus, les f\u00e9d\u00e9rations syndicales internationales exigent que l&rsquo;UE lance une enqu\u00eate sur le statut SPG du Bangladesh, qui accorde des pr\u00e9f\u00e9rences commerciales avec l&rsquo;Europe sous condition que le pays qui en b\u00e9n\u00e9ficie respecte certaines normes du travail.<\/p><p>Ann\u00e9e apr\u00e8s ann\u00e9e, le gouvernement du Bangladesh a failli \u00e0 honorer ses engagements concernant le pacte. La situation s&rsquo;est encore d\u00e9grad\u00e9e avec l&rsquo;arrestation et la d\u00e9tention arbitraires d&rsquo;au moins 35 travailleurs et militants syndicaux en d\u00e9cembre dernier. Plus de 1.600 travailleurs et travailleuses de la confection ont \u00e9t\u00e9 licenci\u00e9s et des leaders syndicaux ont \u00e9t\u00e9 menac\u00e9s et intimid\u00e9s par la police. Une campagne men\u00e9e par IndustriALL a aid\u00e9 \u00e0 obtenir la lib\u00e9ration des d\u00e9tenus, mais les charges contre eux sont maintenues.<\/p><p>Cette \u00e9valuation a \u00e9galement conclu que les engagements du pacte sur la libert\u00e9 syndicale et la n\u00e9gociation collective n&rsquo;ont pas \u00e9t\u00e9 tenus, la moiti\u00e9 des demandes d&rsquo;enregistrement de syndicats ayant \u00e9t\u00e9 refus\u00e9es. De plus, le gouvernement n&rsquo;a toujours pas recrut\u00e9 le nombre n\u00e9cessaire d&rsquo;agents pour les inspections des usines repris dans le pacte. Entretemps, le gouvernement a constamment ignor\u00e9 les plaintes des syndicats concernant les conditions de travail dangereuses sur les chantiers de d\u00e9molition de navires et au sein des tanneries.<\/p><p>La Secr\u00e9taire g\u00e9n\u00e9rale adjointe d&rsquo;IndustriALL, Jenny Holdcroft, a indiqu\u00e9&nbsp;:<\/p><p>&ldquo;L&rsquo;Union europ\u00e9enne est le plus important partenaire commercial du Bangladesh. Elle ne doit pas et ne peut pas fermer les yeux sur la situation en d\u00e9liquescence des travailleurs et des syndicats du pays. Une enqu\u00eate sur la pertinence du statut commercial pr\u00e9f\u00e9rentiel du Bangladesh avec l&rsquo;UE enverrait \u00e0 son gouvernement un message fort pour qu&rsquo;il balaie devant sa porte.&rdquo;<\/p><p>Vous pouvez consulter cette \u00e9valuation <a href=\"\/wp-content\/uploads\/documents\/2017\/BANGLADESH\/the_failure_of_the_bangladesh_sustainability_compact_2017.pdf\">ici<\/a>.<\/p>","protected":false},"featured_media":0,"template":"","issues":[414,396,402,422,425],"companies":[],"regions":[155,159],"sectors":[471,464],"article_tags":[511],"class_list":["post-149683","article","type-article","status-publish","hentry","issues-action-on-bangladesh","issues-building-strong-unions","issues-health-and-safety","issues-human-trade-union-rights","issues-workers-rights","regions-asia-pacific","regions-bangladesh","sectors-shipbreaking","sectors-textile-leather-garment-shoes-and-textile-services","article_tags-industriall"],"acf":[],"yoast_head":"<!-- This site is optimized with the Yoast SEO Premium plugin v27.1 (Yoast SEO v27.1) - https:\/\/yoast.com\/product\/yoast-seo-premium-wordpress\/ -->\n<title>L\u2019UE doit faire r\u00e9pondre le Bangladesh des violations des droits des travailleurs - industriall-union<\/title>\n<meta name=\"description\" content=\"Ce Pacte a \u00e9t\u00e9 institu\u00e9 entre l&rsquo;Union europ\u00e9enne (UE), le gouvernement du Bangladesh, les \u00c9tats-Unis, le Canada et l&rsquo;OIT, en vue\" \/>\n<meta name=\"robots\" content=\"index, follow, max-snippet:-1, max-image-preview:large, max-video-preview:-1\" \/>\n<link rel=\"canonical\" href=\"https:\/\/admin.industriall-union.org\/fr\/l-ue-doit-faire-repondre-le-bangladesh-des-violations-des-droits-des-travailleurs\/\" \/>\n<meta property=\"og:locale\" content=\"fr_FR\" \/>\n<meta property=\"og:type\" content=\"article\" \/>\n<meta property=\"og:title\" content=\"L\u2019UE doit faire r\u00e9pondre le Bangladesh des violations des droits des travailleurs\" \/>\n<meta property=\"og:description\" content=\"Ce Pacte a \u00e9t\u00e9 institu\u00e9 entre l&rsquo;Union europ\u00e9enne (UE), le gouvernement du Bangladesh, les \u00c9tats-Unis, le Canada et l&rsquo;OIT, en vue\" \/>\n<meta property=\"og:url\" content=\"https:\/\/admin.industriall-union.org\/fr\/l-ue-doit-faire-repondre-le-bangladesh-des-violations-des-droits-des-travailleurs\/\" \/>\n<meta property=\"og:site_name\" content=\"industriall-union\" \/>\n<meta property=\"article:modified_time\" content=\"2025-02-05T12:31:29+00:00\" \/>\n<meta name=\"twitter:card\" content=\"summary_large_image\" \/>\n<meta name=\"twitter:label1\" content=\"Est. reading time\" \/>\n\t<meta name=\"twitter:data1\" content=\"3 minutes\" \/>\n<script type=\"application\/ld+json\" class=\"yoast-schema-graph\">{\"@context\":\"https:\/\/schema.org\",\"@graph\":[{\"@type\":\"WebPage\",\"@id\":\"https:\/\/admin.industriall-union.org\/fr\/l-ue-doit-faire-repondre-le-bangladesh-des-violations-des-droits-des-travailleurs\/\",\"url\":\"https:\/\/admin.industriall-union.org\/fr\/l-ue-doit-faire-repondre-le-bangladesh-des-violations-des-droits-des-travailleurs\/\",\"name\":\"L\u2019UE doit faire r\u00e9pondre le Bangladesh des violations des droits des travailleurs - industriall-union\",\"isPartOf\":{\"@id\":\"https:\/\/admin.industriall-union.org\/#website\"},\"datePublished\":\"2017-05-10T09:17:28+00:00\",\"dateModified\":\"2025-02-05T12:31:29+00:00\",\"description\":\"Ce Pacte a \u00e9t\u00e9 institu\u00e9 entre l&rsquo;Union europ\u00e9enne (UE), le gouvernement du Bangladesh, les \u00c9tats-Unis, le Canada et l&rsquo;OIT, en vue\",\"breadcrumb\":{\"@id\":\"https:\/\/admin.industriall-union.org\/fr\/l-ue-doit-faire-repondre-le-bangladesh-des-violations-des-droits-des-travailleurs\/#breadcrumb\"},\"inLanguage\":\"fr-FR\",\"potentialAction\":[{\"@type\":\"ReadAction\",\"target\":[\"https:\/\/admin.industriall-union.org\/fr\/l-ue-doit-faire-repondre-le-bangladesh-des-violations-des-droits-des-travailleurs\/\"]}]},{\"@type\":\"BreadcrumbList\",\"@id\":\"https:\/\/admin.industriall-union.org\/fr\/l-ue-doit-faire-repondre-le-bangladesh-des-violations-des-droits-des-travailleurs\/#breadcrumb\",\"itemListElement\":[{\"@type\":\"ListItem\",\"position\":1,\"name\":\"Home\",\"item\":\"https:\/\/admin.industriall-union.org\/\"},{\"@type\":\"ListItem\",\"position\":2,\"name\":\"Articles\",\"item\":\"https:\/\/admin.industriall-union.org\/article\/\"},{\"@type\":\"ListItem\",\"position\":3,\"name\":\"L\u2019UE doit faire r\u00e9pondre le Bangladesh des violations des droits des travailleurs\"}]},{\"@type\":\"WebSite\",\"@id\":\"https:\/\/admin.industriall-union.org\/#website\",\"url\":\"https:\/\/admin.industriall-union.org\/\",\"name\":\"industriall-union\",\"description\":\"\",\"potentialAction\":[{\"@type\":\"SearchAction\",\"target\":{\"@type\":\"EntryPoint\",\"urlTemplate\":\"https:\/\/admin.industriall-union.org\/?s={search_term_string}\"},\"query-input\":{\"@type\":\"PropertyValueSpecification\",\"valueRequired\":true,\"valueName\":\"search_term_string\"}}],\"inLanguage\":\"fr-FR\"}]}<\/script>\n<!-- \/ Yoast SEO Premium plugin. -->","yoast_head_json":{"title":"L\u2019UE doit faire r\u00e9pondre le Bangladesh des violations des droits des travailleurs - industriall-union","description":"Ce Pacte a \u00e9t\u00e9 institu\u00e9 entre l&rsquo;Union europ\u00e9enne (UE), le gouvernement du Bangladesh, les \u00c9tats-Unis, le Canada et l&rsquo;OIT, en vue","robots":{"index":"index","follow":"follow","max-snippet":"max-snippet:-1","max-image-preview":"max-image-preview:large","max-video-preview":"max-video-preview:-1"},"canonical":"https:\/\/admin.industriall-union.org\/fr\/l-ue-doit-faire-repondre-le-bangladesh-des-violations-des-droits-des-travailleurs\/","og_locale":"fr_FR","og_type":"article","og_title":"L\u2019UE doit faire r\u00e9pondre le Bangladesh des violations des droits des travailleurs","og_description":"Ce Pacte a \u00e9t\u00e9 institu\u00e9 entre l&rsquo;Union europ\u00e9enne (UE), le gouvernement du Bangladesh, les \u00c9tats-Unis, le Canada et l&rsquo;OIT, en vue","og_url":"https:\/\/admin.industriall-union.org\/fr\/l-ue-doit-faire-repondre-le-bangladesh-des-violations-des-droits-des-travailleurs\/","og_site_name":"industriall-union","article_modified_time":"2025-02-05T12:31:29+00:00","twitter_card":"summary_large_image","twitter_misc":{"Est. reading time":"3 minutes"},"schema":{"@context":"https:\/\/schema.org","@graph":[{"@type":"WebPage","@id":"https:\/\/admin.industriall-union.org\/fr\/l-ue-doit-faire-repondre-le-bangladesh-des-violations-des-droits-des-travailleurs\/","url":"https:\/\/admin.industriall-union.org\/fr\/l-ue-doit-faire-repondre-le-bangladesh-des-violations-des-droits-des-travailleurs\/","name":"L\u2019UE doit faire r\u00e9pondre le Bangladesh des violations des droits des travailleurs - industriall-union","isPartOf":{"@id":"https:\/\/admin.industriall-union.org\/#website"},"datePublished":"2017-05-10T09:17:28+00:00","dateModified":"2025-02-05T12:31:29+00:00","description":"Ce Pacte a \u00e9t\u00e9 institu\u00e9 entre l&rsquo;Union europ\u00e9enne (UE), le gouvernement du Bangladesh, les \u00c9tats-Unis, le Canada et l&rsquo;OIT, en vue","breadcrumb":{"@id":"https:\/\/admin.industriall-union.org\/fr\/l-ue-doit-faire-repondre-le-bangladesh-des-violations-des-droits-des-travailleurs\/#breadcrumb"},"inLanguage":"fr-FR","potentialAction":[{"@type":"ReadAction","target":["https:\/\/admin.industriall-union.org\/fr\/l-ue-doit-faire-repondre-le-bangladesh-des-violations-des-droits-des-travailleurs\/"]}]},{"@type":"BreadcrumbList","@id":"https:\/\/admin.industriall-union.org\/fr\/l-ue-doit-faire-repondre-le-bangladesh-des-violations-des-droits-des-travailleurs\/#breadcrumb","itemListElement":[{"@type":"ListItem","position":1,"name":"Home","item":"https:\/\/admin.industriall-union.org\/"},{"@type":"ListItem","position":2,"name":"Articles","item":"https:\/\/admin.industriall-union.org\/article\/"},{"@type":"ListItem","position":3,"name":"L\u2019UE doit faire r\u00e9pondre le Bangladesh des violations des droits des travailleurs"}]},{"@type":"WebSite","@id":"https:\/\/admin.industriall-union.org\/#website","url":"https:\/\/admin.industriall-union.org\/","name":"industriall-union","description":"","potentialAction":[{"@type":"SearchAction","target":{"@type":"EntryPoint","urlTemplate":"https:\/\/admin.industriall-union.org\/?s={search_term_string}"},"query-input":{"@type":"PropertyValueSpecification","valueRequired":true,"valueName":"search_term_string"}}],"inLanguage":"fr-FR"}]}},"_links":{"self":[{"href":"https:\/\/admin.industriall-union.org\/fr\/wp-json\/wp\/v2\/article\/149683","targetHints":{"allow":["GET"]}}],"collection":[{"href":"https:\/\/admin.industriall-union.org\/fr\/wp-json\/wp\/v2\/article"}],"about":[{"href":"https:\/\/admin.industriall-union.org\/fr\/wp-json\/wp\/v2\/types\/article"}],"wp:attachment":[{"href":"https:\/\/admin.industriall-union.org\/fr\/wp-json\/wp\/v2\/media?parent=149683"}],"wp:term":[{"taxonomy":"issues","embeddable":true,"href":"https:\/\/admin.industriall-union.org\/fr\/wp-json\/wp\/v2\/issues?post=149683"},{"taxonomy":"companies","embeddable":true,"href":"https:\/\/admin.industriall-union.org\/fr\/wp-json\/wp\/v2\/companies?post=149683"},{"taxonomy":"regions","embeddable":true,"href":"https:\/\/admin.industriall-union.org\/fr\/wp-json\/wp\/v2\/regions?post=149683"},{"taxonomy":"sectors","embeddable":true,"href":"https:\/\/admin.industriall-union.org\/fr\/wp-json\/wp\/v2\/sectors?post=149683"},{"taxonomy":"article_tags","embeddable":true,"href":"https:\/\/admin.industriall-union.org\/fr\/wp-json\/wp\/v2\/article_tags?post=149683"}],"curies":[{"name":"wp","href":"https:\/\/api.w.org\/{rel}","templated":true}]}}