{"id":149676,"date":"2017-05-10T15:53:19","date_gmt":"2017-05-10T15:53:19","guid":{"rendered":"https:\/\/admin.industriall-union.org\/le-dirigeant-syndical-algerien-fait-appel-de-sa-peine-de-prison\/"},"modified":"2025-02-05T12:23:53","modified_gmt":"2025-02-05T12:23:53","slug":"le-dirigeant-syndical-algerien-fait-appel-de-sa-peine-de-prison","status":"publish","type":"article","link":"https:\/\/admin.industriall-union.org\/fr\/le-dirigeant-syndical-algerien-fait-appel-de-sa-peine-de-prison\/","title":{"rendered":"Le dirigeant syndical alg\u00e9rien fait appel de sa peine de prison"},"content":{"rendered":"<p>Mellal Raouf, qui est Pr\u00e9sident de l&rsquo;affili\u00e9 d&rsquo;IndustriALL, le syndicat des travailleurs de l&rsquo;\u00e9lectricit\u00e9 et du gaz SNATEGS, a \u00e9t\u00e9 condamn\u00e9 par d\u00e9faut le 16 d\u00e9cembre 2016 \u00e0 six mois de prison et \u00e0 une amende de 50.000 dinars alg\u00e9riens (US$455), apr\u00e8s avoir \u00e9t\u00e9 accus\u00e9 s&rsquo;\u00eatre procur\u00e9 ill\u00e9galement certains documents. Ceux-ci, qui \u00e9taient librement accessibles en ligne, mettaient en lumi\u00e8re l&rsquo;inflation illicite des factures d&rsquo;\u00e9lectricit\u00e9 pratiqu\u00e9e par Sonelgaz sur une p\u00e9riode de 10 ans et affectant huit millions de consommateurs.<\/p><p>IndustriALL a de nouveau \u00e9crit au Pr\u00e9sident de l&rsquo;Alg\u00e9rie pour condamner la sentence. &quot;De toute \u00e9vidence, cette pers\u00e9cution judiciaire est incompatible avec la l\u00e9gislation nationale et, en particulier, avec les droits fondamentaux stipul\u00e9s par l&rsquo;Organisation internationale du travail&rdquo; a \u00e9crit le Secr\u00e9taire g\u00e9n\u00e9ral d&rsquo;IndustriALL, Valter Sanches, qui ajoute&nbsp;: &ldquo;Nous vous prions de lever imm\u00e9diatement et inconditionnellement toutes les charges port\u00e9es contre lui.&rdquo;<\/p><p>Les travailleurs et travailleuses de Sonelgaz m\u00e8nent actuellement une gr\u00e8ve nationale de trois jours du 9 au 11 mai. Les gr\u00e9vistes revendiquent des libert\u00e9s syndicales et soutiennent l&rsquo;appel interjet\u00e9 par le Pr\u00e9sident du SNATEGS, Mellal Raouf.<\/p><p>Les dirigeants et adh\u00e9rents du SNATEGS sont constamment confront\u00e9s \u00e0 du harc\u00e8lement physique et \u00e0 de la pers\u00e9cution, comme le d\u00e9montre la r\u00e9cente vague d&rsquo;arrestations, qui a fait suite aux manifestations pacifiques tenues entre le 21 et le 23 mars, au cours de laquelle plus de 240 dirigeants et adh\u00e9rents du syndicat ont \u00e9t\u00e9 arr\u00eat\u00e9s et 30 femmes agress\u00e9es physiquement.<\/p><p>Plus r\u00e9cemment, environ 40 d\u00e9l\u00e9gu\u00e9s syndicaux du SNATEGS de cinq provinces diff\u00e9rentes ont \u00e9t\u00e9 convoqu\u00e9s \u00e0 des audiences disciplinaires par Sonelgaz pour s&rsquo;\u00eatre lanc\u00e9s dans des actions de gr\u00e8ve l\u00e9gitimes.<\/p><p>En 2015, Mellal Raouf a \u00e9t\u00e9 licenci\u00e9 abusivement en raison de ses activit\u00e9s syndicales et il continue \u00e0 subir la r\u00e9pression de Sonelgaz, qui a tr\u00e8s r\u00e9cemment d\u00e9pos\u00e9 une plainte contre lui aupr\u00e8s de l&rsquo;Ordre des Avocats, en vertu de laquelle il risque d&rsquo;\u00eatre radi\u00e9 du Barreau. Mellal Raouf a r\u00e9ussi \u00e0 implanter le SNATEGS au sein de 27 r\u00e9gions \u00e0 travers l&rsquo;Alg\u00e9rie et \u00e0 recruter syndicalement environ 30.000 travailleurs et travailleuses.<\/p>","protected":false},"featured_media":0,"template":"","issues":[422],"companies":[],"regions":[289,288],"sectors":[483],"article_tags":[],"class_list":["post-149676","article","type-article","status-publish","hentry","issues-human-trade-union-rights","regions-algeria","regions-middle-east-and-north-africa","sectors-energy-oil-gas-electricity-and-nuclear"],"acf":[],"yoast_head":"<!-- This site is optimized with the Yoast SEO Premium plugin v27.1 (Yoast SEO v27.1) - https:\/\/yoast.com\/product\/yoast-seo-premium-wordpress\/ -->\n<title>Le dirigeant syndical alg\u00e9rien fait appel de sa peine de prison - industriall-union<\/title>\n<meta name=\"description\" content=\"Mellal Raouf, qui est Pr\u00e9sident de l&rsquo;affili\u00e9 d&rsquo;IndustriALL, le syndicat des travailleurs de l&rsquo;\u00e9lectricit\u00e9 et du gaz SNATEGS, a \u00e9t\u00e9\" \/>\n<meta name=\"robots\" content=\"index, follow, max-snippet:-1, max-image-preview:large, max-video-preview:-1\" \/>\n<link rel=\"canonical\" href=\"https:\/\/admin.industriall-union.org\/fr\/le-dirigeant-syndical-algerien-fait-appel-de-sa-peine-de-prison\/\" \/>\n<meta property=\"og:locale\" content=\"fr_FR\" \/>\n<meta property=\"og:type\" content=\"article\" \/>\n<meta property=\"og:title\" content=\"Le dirigeant syndical alg\u00e9rien fait appel de sa peine de prison\" \/>\n<meta property=\"og:description\" content=\"Mellal Raouf, qui est Pr\u00e9sident de l&rsquo;affili\u00e9 d&rsquo;IndustriALL, le syndicat des travailleurs de l&rsquo;\u00e9lectricit\u00e9 et du gaz SNATEGS, a \u00e9t\u00e9\" \/>\n<meta property=\"og:url\" content=\"https:\/\/admin.industriall-union.org\/fr\/le-dirigeant-syndical-algerien-fait-appel-de-sa-peine-de-prison\/\" \/>\n<meta property=\"og:site_name\" content=\"industriall-union\" \/>\n<meta property=\"article:modified_time\" content=\"2025-02-05T12:23:53+00:00\" \/>\n<meta name=\"twitter:card\" content=\"summary_large_image\" \/>\n<meta name=\"twitter:label1\" content=\"Est. reading time\" \/>\n\t<meta name=\"twitter:data1\" content=\"2 minutes\" \/>\n<script type=\"application\/ld+json\" class=\"yoast-schema-graph\">{\"@context\":\"https:\/\/schema.org\",\"@graph\":[{\"@type\":\"WebPage\",\"@id\":\"https:\/\/admin.industriall-union.org\/fr\/le-dirigeant-syndical-algerien-fait-appel-de-sa-peine-de-prison\/\",\"url\":\"https:\/\/admin.industriall-union.org\/fr\/le-dirigeant-syndical-algerien-fait-appel-de-sa-peine-de-prison\/\",\"name\":\"Le dirigeant syndical alg\u00e9rien fait appel de sa peine de prison - industriall-union\",\"isPartOf\":{\"@id\":\"https:\/\/admin.industriall-union.org\/#website\"},\"datePublished\":\"2017-05-10T15:53:19+00:00\",\"dateModified\":\"2025-02-05T12:23:53+00:00\",\"description\":\"Mellal Raouf, qui est Pr\u00e9sident de l&rsquo;affili\u00e9 d&rsquo;IndustriALL, le syndicat des travailleurs de l&rsquo;\u00e9lectricit\u00e9 et du gaz SNATEGS, a \u00e9t\u00e9\",\"breadcrumb\":{\"@id\":\"https:\/\/admin.industriall-union.org\/fr\/le-dirigeant-syndical-algerien-fait-appel-de-sa-peine-de-prison\/#breadcrumb\"},\"inLanguage\":\"fr-FR\",\"potentialAction\":[{\"@type\":\"ReadAction\",\"target\":[\"https:\/\/admin.industriall-union.org\/fr\/le-dirigeant-syndical-algerien-fait-appel-de-sa-peine-de-prison\/\"]}]},{\"@type\":\"BreadcrumbList\",\"@id\":\"https:\/\/admin.industriall-union.org\/fr\/le-dirigeant-syndical-algerien-fait-appel-de-sa-peine-de-prison\/#breadcrumb\",\"itemListElement\":[{\"@type\":\"ListItem\",\"position\":1,\"name\":\"Home\",\"item\":\"https:\/\/admin.industriall-union.org\/\"},{\"@type\":\"ListItem\",\"position\":2,\"name\":\"Articles\",\"item\":\"https:\/\/admin.industriall-union.org\/article\/\"},{\"@type\":\"ListItem\",\"position\":3,\"name\":\"Le dirigeant syndical alg\u00e9rien fait appel de sa peine de prison\"}]},{\"@type\":\"WebSite\",\"@id\":\"https:\/\/admin.industriall-union.org\/#website\",\"url\":\"https:\/\/admin.industriall-union.org\/\",\"name\":\"industriall-union\",\"description\":\"\",\"potentialAction\":[{\"@type\":\"SearchAction\",\"target\":{\"@type\":\"EntryPoint\",\"urlTemplate\":\"https:\/\/admin.industriall-union.org\/?s={search_term_string}\"},\"query-input\":{\"@type\":\"PropertyValueSpecification\",\"valueRequired\":true,\"valueName\":\"search_term_string\"}}],\"inLanguage\":\"fr-FR\"}]}<\/script>\n<!-- \/ Yoast SEO Premium plugin. -->","yoast_head_json":{"title":"Le dirigeant syndical alg\u00e9rien fait appel de sa peine de prison - industriall-union","description":"Mellal Raouf, qui est Pr\u00e9sident de l&rsquo;affili\u00e9 d&rsquo;IndustriALL, le syndicat des travailleurs de l&rsquo;\u00e9lectricit\u00e9 et du gaz SNATEGS, a \u00e9t\u00e9","robots":{"index":"index","follow":"follow","max-snippet":"max-snippet:-1","max-image-preview":"max-image-preview:large","max-video-preview":"max-video-preview:-1"},"canonical":"https:\/\/admin.industriall-union.org\/fr\/le-dirigeant-syndical-algerien-fait-appel-de-sa-peine-de-prison\/","og_locale":"fr_FR","og_type":"article","og_title":"Le dirigeant syndical alg\u00e9rien fait appel de sa peine de prison","og_description":"Mellal Raouf, qui est Pr\u00e9sident de l&rsquo;affili\u00e9 d&rsquo;IndustriALL, le syndicat des travailleurs de l&rsquo;\u00e9lectricit\u00e9 et du gaz SNATEGS, a \u00e9t\u00e9","og_url":"https:\/\/admin.industriall-union.org\/fr\/le-dirigeant-syndical-algerien-fait-appel-de-sa-peine-de-prison\/","og_site_name":"industriall-union","article_modified_time":"2025-02-05T12:23:53+00:00","twitter_card":"summary_large_image","twitter_misc":{"Est. reading time":"2 minutes"},"schema":{"@context":"https:\/\/schema.org","@graph":[{"@type":"WebPage","@id":"https:\/\/admin.industriall-union.org\/fr\/le-dirigeant-syndical-algerien-fait-appel-de-sa-peine-de-prison\/","url":"https:\/\/admin.industriall-union.org\/fr\/le-dirigeant-syndical-algerien-fait-appel-de-sa-peine-de-prison\/","name":"Le dirigeant syndical alg\u00e9rien fait appel de sa peine de prison - industriall-union","isPartOf":{"@id":"https:\/\/admin.industriall-union.org\/#website"},"datePublished":"2017-05-10T15:53:19+00:00","dateModified":"2025-02-05T12:23:53+00:00","description":"Mellal Raouf, qui est Pr\u00e9sident de l&rsquo;affili\u00e9 d&rsquo;IndustriALL, le syndicat des travailleurs de l&rsquo;\u00e9lectricit\u00e9 et du gaz SNATEGS, a \u00e9t\u00e9","breadcrumb":{"@id":"https:\/\/admin.industriall-union.org\/fr\/le-dirigeant-syndical-algerien-fait-appel-de-sa-peine-de-prison\/#breadcrumb"},"inLanguage":"fr-FR","potentialAction":[{"@type":"ReadAction","target":["https:\/\/admin.industriall-union.org\/fr\/le-dirigeant-syndical-algerien-fait-appel-de-sa-peine-de-prison\/"]}]},{"@type":"BreadcrumbList","@id":"https:\/\/admin.industriall-union.org\/fr\/le-dirigeant-syndical-algerien-fait-appel-de-sa-peine-de-prison\/#breadcrumb","itemListElement":[{"@type":"ListItem","position":1,"name":"Home","item":"https:\/\/admin.industriall-union.org\/"},{"@type":"ListItem","position":2,"name":"Articles","item":"https:\/\/admin.industriall-union.org\/article\/"},{"@type":"ListItem","position":3,"name":"Le dirigeant syndical alg\u00e9rien fait appel de sa peine de prison"}]},{"@type":"WebSite","@id":"https:\/\/admin.industriall-union.org\/#website","url":"https:\/\/admin.industriall-union.org\/","name":"industriall-union","description":"","potentialAction":[{"@type":"SearchAction","target":{"@type":"EntryPoint","urlTemplate":"https:\/\/admin.industriall-union.org\/?s={search_term_string}"},"query-input":{"@type":"PropertyValueSpecification","valueRequired":true,"valueName":"search_term_string"}}],"inLanguage":"fr-FR"}]}},"_links":{"self":[{"href":"https:\/\/admin.industriall-union.org\/fr\/wp-json\/wp\/v2\/article\/149676","targetHints":{"allow":["GET"]}}],"collection":[{"href":"https:\/\/admin.industriall-union.org\/fr\/wp-json\/wp\/v2\/article"}],"about":[{"href":"https:\/\/admin.industriall-union.org\/fr\/wp-json\/wp\/v2\/types\/article"}],"wp:attachment":[{"href":"https:\/\/admin.industriall-union.org\/fr\/wp-json\/wp\/v2\/media?parent=149676"}],"wp:term":[{"taxonomy":"issues","embeddable":true,"href":"https:\/\/admin.industriall-union.org\/fr\/wp-json\/wp\/v2\/issues?post=149676"},{"taxonomy":"companies","embeddable":true,"href":"https:\/\/admin.industriall-union.org\/fr\/wp-json\/wp\/v2\/companies?post=149676"},{"taxonomy":"regions","embeddable":true,"href":"https:\/\/admin.industriall-union.org\/fr\/wp-json\/wp\/v2\/regions?post=149676"},{"taxonomy":"sectors","embeddable":true,"href":"https:\/\/admin.industriall-union.org\/fr\/wp-json\/wp\/v2\/sectors?post=149676"},{"taxonomy":"article_tags","embeddable":true,"href":"https:\/\/admin.industriall-union.org\/fr\/wp-json\/wp\/v2\/article_tags?post=149676"}],"curies":[{"name":"wp","href":"https:\/\/api.w.org\/{rel}","templated":true}]}}