{"id":149655,"date":"2017-05-12T15:56:06","date_gmt":"2017-05-12T15:56:06","guid":{"rendered":"https:\/\/admin.industriall-union.org\/les-syndicats-du-secteur-pharmaceutique-renforcent-la-solidarite-internationale\/"},"modified":"2025-02-05T11:59:26","modified_gmt":"2025-02-05T11:59:26","slug":"les-syndicats-du-secteur-pharmaceutique-renforcent-la-solidarite-internationale","status":"publish","type":"article","link":"https:\/\/admin.industriall-union.org\/fr\/les-syndicats-du-secteur-pharmaceutique-renforcent-la-solidarite-internationale\/","title":{"rendered":"Les syndicats du secteur pharmaceutique renforcent la solidarit\u00e9 internationale"},"content":{"rendered":"<p>Des d\u00e9l\u00e9gu\u00e9s syndicaux se sont joints \u00e0 la quatri\u00e8me r\u00e9union du R\u00e9seau syndical mondial de la pharmacie d&#039;IndustriALL, qui se tenait les 6 et 7 avril 2017 \u00e0 Tokyo, \u00e0 l&#039;invitation de la F\u00e9d\u00e9ration des affili\u00e9s japonais des secteurs de la chimie et de l&#039;\u00e9nergie d&#039;IndustriALL (IndustriALL-JAF).<\/p><p>Les participants ont pu entendre des interventions de repr\u00e9sentants du bureau de la Politique de sant\u00e9 du d\u00e9partement des Affaires \u00e9conomiques du minist\u00e8re japonais de la Sant\u00e9, du Travail et du Bien-\u00eatre et de l&#039;Association japonaise des fabricants de produits pharmaceutiques, \u00e0 propos de l&#039;\u00e9volution de l&#039;industrie et des relations du travail dans le pays.<\/p><p>Ils ont analys\u00e9 l&#039;industrie pharmaceutique mondiale, qui se distingue actuellement par sa volatilit\u00e9 mais dont la croissance devrait se maintenir en 2017.<\/p><p>Les d\u00e9penses de sant\u00e9 sont \u00e0 la hausse et la demande de m\u00e9dicaments augmente. Avec le d\u00e9veloppement de la classe moyenne dans les pays en d\u00e9veloppement et le vieillissement de la population mondiale, les perspectives de l&#039;industrie sont \u00e9normes. Par ailleurs, du fait des prix \u00e9lev\u00e9s des m\u00e9dicaments, la demande de g\u00e9n\u00e9riques ne cesse d&#039;augmenter.<\/p><p>La syndicalisation et les politiques de n\u00e9gociation \u00e9taient deux des th\u00e8mes majeurs discut\u00e9s pendant cette r\u00e9union.<\/p><p>Les participants japonais ont mis en lumi\u00e8re les d\u00e9fis actuels, comme la pression sur les d\u00e9penses de m\u00e9dicaments, la r\u00e9duction du personnel et le recul de l&#039;emploi. Ils ont soulign\u00e9 la n\u00e9cessit\u00e9 d&#039;une coordination des politiques, d&#039;une sensibilisation des adh\u00e9rents, d&#039;un renforcement de l&#039;unit\u00e9, et d&#039;une organisation des usines dont les syndicats sont absents avec une strat\u00e9gie dot\u00e9e d&#039;objectifs concrets.<\/p><p>Le Br\u00e9sil a un taux de syndicalisation de 25%, un des plus \u00e9lev\u00e9s, propice \u00e0 un dialogue social de qualit\u00e9 entre les syndicats et les employeurs. Les participants br\u00e9siliens ont annonc\u00e9 avoir obtenu la semaine de 40 heures par la n\u00e9gociation collective, un cong\u00e9 de maternit\u00e9 de 180 jours, des dispositions particuli\u00e8res pour l&#039;obtention de m\u00e9dicaments et une ouverture des lieux de travail aux repr\u00e9sentants syndicaux.<\/p><p>L&#039;innovation et les effets de la num\u00e9risation et du concept d&#039;Industrie 4.0 ont \u00e9t\u00e9 au centre des d\u00e9bats sur le programme de politique industrielle durable d&#039;IndustriALL. Les d\u00e9l\u00e9gu\u00e9s ont pris note de la transformation num\u00e9rique du secteur avec, en particulier, un basculement vers la gestion mondiale des stocks, l&#039;int\u00e9gration de l&#039;intelligence artificielle, du &quot;big data&quot; et des technologies du &quot;cloud&quot;.<\/p><p>Les participants ont \u00e9valu\u00e9 l&#039;impact sur l&#039;emploi de la transformation de l&#039;industrie, avec de nouvelles m\u00e9thodes d&#039;utilisation des dossiers m\u00e9dicaux, la cr\u00e9ation de diff\u00e9rents r\u00e9seaux d&#039;entreprises et une nouvelle phase d&#039;implantation des TIC.<\/p><p>L&#039;exp\u00e9rience su\u00e9doise a montr\u00e9 que l&#039;automatisation n&#039;est pas synonyme de disparition d&#039;emplois. Les cons\u00e9quences de la num\u00e9risation sur le travail semblent \u00eatre un \u00e9largissement des t\u00e2ches, des horaires comprim\u00e9s, un travail en continu et davantage d&#039;autonomie, tout en n\u00e9cessitant un effort de perfectionnement des comp\u00e9tences.<\/p><p>En France, la num\u00e9risation est porteuse \u00e0 la fois de richesse et d&#039;illusion. L&#039;acc\u00e9l\u00e9ration des cycles de recherche devrait ouvrir une nouvelle \u00e8re de la recherche et du d\u00e9veloppement, volet important de l&#039;industrie pharmaceutique. La m\u00e9decine personnalis\u00e9e, les th\u00e9rapies cibl\u00e9es et leurs impacts potentiels sur l&#039;emploi seront au programme des syndicats pour la p\u00e9riode \u00e0 venir.<\/p><p>La r\u00e9pression et les pressions sur les syndicats en Cor\u00e9e du Sud, en Turquie et au Br\u00e9sil ont \u00e9t\u00e9 discut\u00e9es par les participants qui ont exprim\u00e9 leur solidarit\u00e9 et leur soutien aux luttes en cours.<\/p><p>L&#039;externalisation et le travail int\u00e9rimaire sont vus comme un probl\u00e8me majeur, en particulier dans des pays comme l&#039;Indon\u00e9sie, le Bangladesh et le Pakistan o\u00f9 90% de la main-d&rsquo;\u0153uvre serait en situation pr\u00e9caire. Les participants ont insist\u00e9 sur l&#039;acc\u00e8s aux m\u00e9dicaments et les responsabilit\u00e9s des syndicats.<\/p><p>La question des r\u00e9seaux d&#039;entreprise mondiaux et r\u00e9gionaux a \u00e9t\u00e9 \u00e9tudi\u00e9e, et les exemples de Sanofi et Takeda examin\u00e9s en d\u00e9tail. Des participants de France, du Japon et du Br\u00e9sil ont fait part de leur exp\u00e9rience des r\u00e9seaux syndicaux, avec les \u00e9changes d&#039;informations et d&#039;exp\u00e9riences et les mouvements de solidarit\u00e9 en cas de difficult\u00e9s dans diff\u00e9rents pays.<\/p><p>Les participants se sont r\u00e9jouis de la volont\u00e9 de cr\u00e9er un r\u00e9seau syndical mondial chez Sanofi apr\u00e8s l&#039;exp\u00e9rience positive des r\u00e9seaux r\u00e9gionaux en Asie-Pacifique et en Am\u00e9rique latine. La premi\u00e8re r\u00e9union du r\u00e9seau mondial de Sanofi est pr\u00e9vue pour le mois de d\u00e9cembre 2017.<\/p><blockquote><p>&quot;L&#039;engagement, la d\u00e9termination et l&#039;\u00e9nergie de nos r\u00e9seaux syndicaux mondiaux de la pharmacie ont commenc\u00e9 \u00e0 produire leurs effets pour la solidarit\u00e9 mondiale dans ce secteur,&quot;<\/p><\/blockquote><p>a d\u00e9clar\u00e9 le Secr\u00e9taire g\u00e9n\u00e9ral adjoint d&#039;IndustriALL Global Union Kemal \u00d6zkan.<\/p><blockquote><p>&quot;Compte tenu des difficult\u00e9s propres au secteur, nous poursuivrons nos efforts afin de donner davantage de pouvoir aux syndicats de l&#039;industrie pharmaceutique du monde entier par un effort de syndicalisation&quot;.<\/p><\/blockquote>","protected":false},"featured_media":0,"template":"","issues":[396],"companies":[],"regions":[155,168],"sectors":[476,479],"article_tags":[],"class_list":["post-149655","article","type-article","status-publish","hentry","issues-building-strong-unions","regions-asia-pacific","regions-japan","sectors-chemical-pharmaceutical-bio-science","sectors-pharmaceutical"],"acf":[],"yoast_head":"<!-- This site is optimized with the Yoast SEO Premium plugin v27.1 (Yoast SEO v27.1) - https:\/\/yoast.com\/product\/yoast-seo-premium-wordpress\/ -->\n<title>Les syndicats du secteur pharmaceutique renforcent la solidarit\u00e9 internationale - industriall-union<\/title>\n<meta name=\"description\" content=\"Des d\u00e9l\u00e9gu\u00e9s syndicaux se sont joints \u00e0 la quatri\u00e8me r\u00e9union du R\u00e9seau syndical mondial de la pharmacie d&#039;IndustriALL, qui se tenait les 6 et 7 avril\" \/>\n<meta name=\"robots\" content=\"index, follow, max-snippet:-1, max-image-preview:large, max-video-preview:-1\" \/>\n<link rel=\"canonical\" href=\"https:\/\/admin.industriall-union.org\/fr\/les-syndicats-du-secteur-pharmaceutique-renforcent-la-solidarite-internationale\/\" \/>\n<meta property=\"og:locale\" content=\"fr_FR\" \/>\n<meta property=\"og:type\" content=\"article\" \/>\n<meta property=\"og:title\" content=\"Les syndicats du secteur pharmaceutique renforcent la solidarit\u00e9 internationale\" \/>\n<meta property=\"og:description\" content=\"Des d\u00e9l\u00e9gu\u00e9s syndicaux se sont joints \u00e0 la quatri\u00e8me r\u00e9union du R\u00e9seau syndical mondial de la pharmacie d&#039;IndustriALL, qui se tenait les 6 et 7 avril\" \/>\n<meta property=\"og:url\" content=\"https:\/\/admin.industriall-union.org\/fr\/les-syndicats-du-secteur-pharmaceutique-renforcent-la-solidarite-internationale\/\" \/>\n<meta property=\"og:site_name\" content=\"industriall-union\" \/>\n<meta property=\"article:modified_time\" content=\"2025-02-05T11:59:26+00:00\" \/>\n<meta name=\"twitter:card\" content=\"summary_large_image\" \/>\n<meta name=\"twitter:label1\" content=\"Est. reading time\" \/>\n\t<meta name=\"twitter:data1\" content=\"5 minutes\" \/>\n<script type=\"application\/ld+json\" class=\"yoast-schema-graph\">{\"@context\":\"https:\/\/schema.org\",\"@graph\":[{\"@type\":\"WebPage\",\"@id\":\"https:\/\/admin.industriall-union.org\/fr\/les-syndicats-du-secteur-pharmaceutique-renforcent-la-solidarite-internationale\/\",\"url\":\"https:\/\/admin.industriall-union.org\/fr\/les-syndicats-du-secteur-pharmaceutique-renforcent-la-solidarite-internationale\/\",\"name\":\"Les syndicats du secteur pharmaceutique renforcent la solidarit\u00e9 internationale - industriall-union\",\"isPartOf\":{\"@id\":\"https:\/\/admin.industriall-union.org\/#website\"},\"datePublished\":\"2017-05-12T15:56:06+00:00\",\"dateModified\":\"2025-02-05T11:59:26+00:00\",\"description\":\"Des d\u00e9l\u00e9gu\u00e9s syndicaux se sont joints \u00e0 la quatri\u00e8me r\u00e9union du R\u00e9seau syndical mondial de la pharmacie d&#039;IndustriALL, qui se tenait les 6 et 7 avril\",\"breadcrumb\":{\"@id\":\"https:\/\/admin.industriall-union.org\/fr\/les-syndicats-du-secteur-pharmaceutique-renforcent-la-solidarite-internationale\/#breadcrumb\"},\"inLanguage\":\"fr-FR\",\"potentialAction\":[{\"@type\":\"ReadAction\",\"target\":[\"https:\/\/admin.industriall-union.org\/fr\/les-syndicats-du-secteur-pharmaceutique-renforcent-la-solidarite-internationale\/\"]}]},{\"@type\":\"BreadcrumbList\",\"@id\":\"https:\/\/admin.industriall-union.org\/fr\/les-syndicats-du-secteur-pharmaceutique-renforcent-la-solidarite-internationale\/#breadcrumb\",\"itemListElement\":[{\"@type\":\"ListItem\",\"position\":1,\"name\":\"Home\",\"item\":\"https:\/\/admin.industriall-union.org\/\"},{\"@type\":\"ListItem\",\"position\":2,\"name\":\"Articles\",\"item\":\"https:\/\/admin.industriall-union.org\/article\/\"},{\"@type\":\"ListItem\",\"position\":3,\"name\":\"Les syndicats du secteur pharmaceutique renforcent la solidarit\u00e9 internationale\"}]},{\"@type\":\"WebSite\",\"@id\":\"https:\/\/admin.industriall-union.org\/#website\",\"url\":\"https:\/\/admin.industriall-union.org\/\",\"name\":\"industriall-union\",\"description\":\"\",\"potentialAction\":[{\"@type\":\"SearchAction\",\"target\":{\"@type\":\"EntryPoint\",\"urlTemplate\":\"https:\/\/admin.industriall-union.org\/?s={search_term_string}\"},\"query-input\":{\"@type\":\"PropertyValueSpecification\",\"valueRequired\":true,\"valueName\":\"search_term_string\"}}],\"inLanguage\":\"fr-FR\"}]}<\/script>\n<!-- \/ Yoast SEO Premium plugin. -->","yoast_head_json":{"title":"Les syndicats du secteur pharmaceutique renforcent la solidarit\u00e9 internationale - industriall-union","description":"Des d\u00e9l\u00e9gu\u00e9s syndicaux se sont joints \u00e0 la quatri\u00e8me r\u00e9union du R\u00e9seau syndical mondial de la pharmacie d&#039;IndustriALL, qui se tenait les 6 et 7 avril","robots":{"index":"index","follow":"follow","max-snippet":"max-snippet:-1","max-image-preview":"max-image-preview:large","max-video-preview":"max-video-preview:-1"},"canonical":"https:\/\/admin.industriall-union.org\/fr\/les-syndicats-du-secteur-pharmaceutique-renforcent-la-solidarite-internationale\/","og_locale":"fr_FR","og_type":"article","og_title":"Les syndicats du secteur pharmaceutique renforcent la solidarit\u00e9 internationale","og_description":"Des d\u00e9l\u00e9gu\u00e9s syndicaux se sont joints \u00e0 la quatri\u00e8me r\u00e9union du R\u00e9seau syndical mondial de la pharmacie d&#039;IndustriALL, qui se tenait les 6 et 7 avril","og_url":"https:\/\/admin.industriall-union.org\/fr\/les-syndicats-du-secteur-pharmaceutique-renforcent-la-solidarite-internationale\/","og_site_name":"industriall-union","article_modified_time":"2025-02-05T11:59:26+00:00","twitter_card":"summary_large_image","twitter_misc":{"Est. reading time":"5 minutes"},"schema":{"@context":"https:\/\/schema.org","@graph":[{"@type":"WebPage","@id":"https:\/\/admin.industriall-union.org\/fr\/les-syndicats-du-secteur-pharmaceutique-renforcent-la-solidarite-internationale\/","url":"https:\/\/admin.industriall-union.org\/fr\/les-syndicats-du-secteur-pharmaceutique-renforcent-la-solidarite-internationale\/","name":"Les syndicats du secteur pharmaceutique renforcent la solidarit\u00e9 internationale - industriall-union","isPartOf":{"@id":"https:\/\/admin.industriall-union.org\/#website"},"datePublished":"2017-05-12T15:56:06+00:00","dateModified":"2025-02-05T11:59:26+00:00","description":"Des d\u00e9l\u00e9gu\u00e9s syndicaux se sont joints \u00e0 la quatri\u00e8me r\u00e9union du R\u00e9seau syndical mondial de la pharmacie d&#039;IndustriALL, qui se tenait les 6 et 7 avril","breadcrumb":{"@id":"https:\/\/admin.industriall-union.org\/fr\/les-syndicats-du-secteur-pharmaceutique-renforcent-la-solidarite-internationale\/#breadcrumb"},"inLanguage":"fr-FR","potentialAction":[{"@type":"ReadAction","target":["https:\/\/admin.industriall-union.org\/fr\/les-syndicats-du-secteur-pharmaceutique-renforcent-la-solidarite-internationale\/"]}]},{"@type":"BreadcrumbList","@id":"https:\/\/admin.industriall-union.org\/fr\/les-syndicats-du-secteur-pharmaceutique-renforcent-la-solidarite-internationale\/#breadcrumb","itemListElement":[{"@type":"ListItem","position":1,"name":"Home","item":"https:\/\/admin.industriall-union.org\/"},{"@type":"ListItem","position":2,"name":"Articles","item":"https:\/\/admin.industriall-union.org\/article\/"},{"@type":"ListItem","position":3,"name":"Les syndicats du secteur pharmaceutique renforcent la solidarit\u00e9 internationale"}]},{"@type":"WebSite","@id":"https:\/\/admin.industriall-union.org\/#website","url":"https:\/\/admin.industriall-union.org\/","name":"industriall-union","description":"","potentialAction":[{"@type":"SearchAction","target":{"@type":"EntryPoint","urlTemplate":"https:\/\/admin.industriall-union.org\/?s={search_term_string}"},"query-input":{"@type":"PropertyValueSpecification","valueRequired":true,"valueName":"search_term_string"}}],"inLanguage":"fr-FR"}]}},"_links":{"self":[{"href":"https:\/\/admin.industriall-union.org\/fr\/wp-json\/wp\/v2\/article\/149655","targetHints":{"allow":["GET"]}}],"collection":[{"href":"https:\/\/admin.industriall-union.org\/fr\/wp-json\/wp\/v2\/article"}],"about":[{"href":"https:\/\/admin.industriall-union.org\/fr\/wp-json\/wp\/v2\/types\/article"}],"wp:attachment":[{"href":"https:\/\/admin.industriall-union.org\/fr\/wp-json\/wp\/v2\/media?parent=149655"}],"wp:term":[{"taxonomy":"issues","embeddable":true,"href":"https:\/\/admin.industriall-union.org\/fr\/wp-json\/wp\/v2\/issues?post=149655"},{"taxonomy":"companies","embeddable":true,"href":"https:\/\/admin.industriall-union.org\/fr\/wp-json\/wp\/v2\/companies?post=149655"},{"taxonomy":"regions","embeddable":true,"href":"https:\/\/admin.industriall-union.org\/fr\/wp-json\/wp\/v2\/regions?post=149655"},{"taxonomy":"sectors","embeddable":true,"href":"https:\/\/admin.industriall-union.org\/fr\/wp-json\/wp\/v2\/sectors?post=149655"},{"taxonomy":"article_tags","embeddable":true,"href":"https:\/\/admin.industriall-union.org\/fr\/wp-json\/wp\/v2\/article_tags?post=149655"}],"curies":[{"name":"wp","href":"https:\/\/api.w.org\/{rel}","templated":true}]}}