{"id":149645,"date":"2017-05-22T14:07:42","date_gmt":"2017-05-22T14:07:42","guid":{"rendered":"https:\/\/admin.industriall-union.org\/les-dirigeants-syndicaux-fixent-des-exigences-aux-membres-du-g20\/"},"modified":"2025-02-05T11:27:30","modified_gmt":"2025-02-05T11:27:30","slug":"les-dirigeants-syndicaux-fixent-des-exigences-aux-membres-du-g20","status":"publish","type":"article","link":"https:\/\/admin.industriall-union.org\/fr\/les-dirigeants-syndicaux-fixent-des-exigences-aux-membres-du-g20\/","title":{"rendered":"Les dirigeants syndicaux fixent des exigences aux membres du G20"},"content":{"rendered":"<p>Dans une <a href=\"\/wp-content\/uploads\/documents\/2017\/GERMANY\/L20_statement\/2017_l20_statement_lemm_en.pdf\" target=\"_blank\">d\u00e9claration<\/a> remise \u00e0 la Chanceli\u00e8re allemande et pr\u00e9sidente du <a href=\"https:\/\/www.ituc-csi.org\/glossary#531\">G20<\/a>, Angela Merkel, les dirigeants du L20 r\u00e9clament un mod\u00e8le \u00e9conomique alternatif caract\u00e9ris\u00e9 par des investissements dans les infrastructures publiques et les services, une r\u00e9forme fiscale et des politiques \u00e9conomiques r\u00e9pondant \u00e0 la transition vers une \u00e9conomie \u00e0 faible \u00e9mission de carbone.<\/p><p>Le Secr\u00e9taire g\u00e9n\u00e9ral d&rsquo;IndustriALL Global Union, Valter Sanches, a d\u00e9clar\u00e9:<\/p><p>&laquo;&nbsp;Le L20 offre une opportunit\u00e9 aux travailleurs de parler d&rsquo;une seule voix. Nous voulons mettre en place un commerce international plus \u00e9quitable qui respecte les droits des travailleurs. Le G20 doit adopter une position commune sur les in\u00e9galit\u00e9s et la concentration des richesses. Le respect des droits syndicaux, notamment les Conventions n<sup>os<\/sup>&nbsp;87 et 98 de l&rsquo;OIT sur la libert\u00e9 syndicale et la n\u00e9gociation collective, est le point de d\u00e9part \u00e0 l&rsquo;obtention de meilleurs salaires, de meilleures conditions de travail et d&rsquo;heures de travail plus justes&nbsp;&raquo;.<\/p><p>La d\u00e9claration du L20 adress\u00e9e \u00e0 la r\u00e9union des ministres du Travail et de l&rsquo;Emploi du G20, tenue les 18 et 19 mai, \u00e0 Bad Neuenahr, d\u00e9crit le pi\u00e8ge d&rsquo;une faible croissance due \u00e0 la stagnation de la performance \u00e9conomique:<\/p><p>&laquo;&nbsp;Les in\u00e9galit\u00e9s \u00e9lev\u00e9es et croissantes engendrent de nombreux laiss\u00e9s pour compte, attisent la m\u00e9fiance publique et alimentent le rejet populaire des gouvernements et des institutions pr\u00e9sent\u00e9s comme favorisant les int\u00e9r\u00eats de l&rsquo;&quot;\u00e9lite&quot;. La concentration des richesses et les freins appliqu\u00e9s aux d\u00e9penses publiques contribuent \u00e0 cette m\u00e9fiance&nbsp;&raquo;.<\/p><p>Lors de son intervention devant les dirigeants du L20, \u00e0 la r\u00e9union de Berlin, Angela Merkel, a indiqu\u00e9 que les entreprises doivent respecter les droits des travailleurs et prendre la responsabilit\u00e9 de leurs cha\u00eenes d&rsquo;approvisionnement, afin que les trag\u00e9dies, telles que l&rsquo;affaissement du Rana Plaza, au Bangladesh, ne puissent jamais se reproduire.<\/p><p>La Chanceli\u00e8re allemande a \u00e9galement reconnu le r\u00f4le des accords-cadres mondiaux et s&rsquo;est f\u00e9licit\u00e9e de la contribution du L20 \u00e0 une croissance plus \u00e9quitable: &laquo;&nbsp;C&rsquo;est seulement en collaborant que nous pouvons fa\u00e7onner et \u0153uvrer \u00e0 une mondialisation \u00e9quitable &raquo;, a-t-elle indiqu\u00e9.<\/p><p>Angela Merkel a entendu le t\u00e9moignage de Jyotiben Macwan, membre de l&rsquo;affili\u00e9 indien \u00e0 IndustriALL, l&rsquo;Association des femmes exer\u00e7ant une activit\u00e9 ind\u00e9pendante (SEWA), qui d\u00e9fend les droits des travailleurs du secteur informel dans l&rsquo;\u00e9conomie mondiale.<\/p><p>La r\u00e9union du L20 \u00e9tait organis\u00e9e par la Conf\u00e9d\u00e9ration syndicale internationale (CSI) et la Commission syndicale consultative aupr\u00e8s de l&rsquo;OCDE (TUAC). Sharan Burrow, Secr\u00e9taire g\u00e9n\u00e9rale de la CSI, a d\u00e9clar\u00e9:<\/p><p>&laquo;&nbsp;Lorsque les normes internationales du travail sont respect\u00e9es, les travailleurs sont en mesure de s&rsquo;organiser et de n\u00e9gocier des salaires d\u00e9cents et un milieu de travail s\u00e9curitaire. En mettant en place des param\u00e8tres macro\u00e9conomiques corrects, les in\u00e9galit\u00e9s et l&rsquo;ins\u00e9curit\u00e9 qui caract\u00e9risent l&rsquo;\u00e9chec du mod\u00e8le de mondialisation actuel pourraient appartenir au pass\u00e9 &raquo;.<\/p>","protected":false},"featured_media":0,"template":"","issues":[425],"companies":[],"regions":[219],"sectors":[],"article_tags":[517],"class_list":["post-149645","article","type-article","status-publish","hentry","issues-workers-rights","regions-germany","article_tags-oecd"],"acf":[],"yoast_head":"<!-- This site is optimized with the Yoast SEO Premium plugin v27.1 (Yoast SEO v27.1) - https:\/\/yoast.com\/product\/yoast-seo-premium-wordpress\/ -->\n<title>Les dirigeants syndicaux fixent des exigences aux membres du G20 - industriall-union<\/title>\n<meta name=\"description\" content=\"Dans une d\u00e9claration remise \u00e0 la Chanceli\u00e8re allemande et pr\u00e9sidente du G20, Angela Merkel, les dirigeants du L20 r\u00e9clament un mod\u00e8le \u00e9conomique\" \/>\n<meta name=\"robots\" content=\"index, follow, max-snippet:-1, max-image-preview:large, max-video-preview:-1\" \/>\n<link rel=\"canonical\" href=\"https:\/\/admin.industriall-union.org\/fr\/les-dirigeants-syndicaux-fixent-des-exigences-aux-membres-du-g20\/\" \/>\n<meta property=\"og:locale\" content=\"fr_FR\" \/>\n<meta property=\"og:type\" content=\"article\" \/>\n<meta property=\"og:title\" content=\"Les dirigeants syndicaux fixent des exigences aux membres du G20\" \/>\n<meta property=\"og:description\" content=\"Dans une d\u00e9claration remise \u00e0 la Chanceli\u00e8re allemande et pr\u00e9sidente du G20, Angela Merkel, les dirigeants du L20 r\u00e9clament un mod\u00e8le \u00e9conomique\" \/>\n<meta property=\"og:url\" content=\"https:\/\/admin.industriall-union.org\/fr\/les-dirigeants-syndicaux-fixent-des-exigences-aux-membres-du-g20\/\" \/>\n<meta property=\"og:site_name\" content=\"industriall-union\" \/>\n<meta property=\"article:modified_time\" content=\"2025-02-05T11:27:30+00:00\" \/>\n<meta name=\"twitter:card\" content=\"summary_large_image\" \/>\n<meta name=\"twitter:label1\" content=\"Est. reading time\" \/>\n\t<meta name=\"twitter:data1\" content=\"3 minutes\" \/>\n<script type=\"application\/ld+json\" class=\"yoast-schema-graph\">{\"@context\":\"https:\/\/schema.org\",\"@graph\":[{\"@type\":\"WebPage\",\"@id\":\"https:\/\/admin.industriall-union.org\/fr\/les-dirigeants-syndicaux-fixent-des-exigences-aux-membres-du-g20\/\",\"url\":\"https:\/\/admin.industriall-union.org\/fr\/les-dirigeants-syndicaux-fixent-des-exigences-aux-membres-du-g20\/\",\"name\":\"Les dirigeants syndicaux fixent des exigences aux membres du G20 - industriall-union\",\"isPartOf\":{\"@id\":\"https:\/\/admin.industriall-union.org\/#website\"},\"datePublished\":\"2017-05-22T14:07:42+00:00\",\"dateModified\":\"2025-02-05T11:27:30+00:00\",\"description\":\"Dans une d\u00e9claration remise \u00e0 la Chanceli\u00e8re allemande et pr\u00e9sidente du G20, Angela Merkel, les dirigeants du L20 r\u00e9clament un mod\u00e8le \u00e9conomique\",\"breadcrumb\":{\"@id\":\"https:\/\/admin.industriall-union.org\/fr\/les-dirigeants-syndicaux-fixent-des-exigences-aux-membres-du-g20\/#breadcrumb\"},\"inLanguage\":\"fr-FR\",\"potentialAction\":[{\"@type\":\"ReadAction\",\"target\":[\"https:\/\/admin.industriall-union.org\/fr\/les-dirigeants-syndicaux-fixent-des-exigences-aux-membres-du-g20\/\"]}]},{\"@type\":\"BreadcrumbList\",\"@id\":\"https:\/\/admin.industriall-union.org\/fr\/les-dirigeants-syndicaux-fixent-des-exigences-aux-membres-du-g20\/#breadcrumb\",\"itemListElement\":[{\"@type\":\"ListItem\",\"position\":1,\"name\":\"Home\",\"item\":\"https:\/\/admin.industriall-union.org\/\"},{\"@type\":\"ListItem\",\"position\":2,\"name\":\"Articles\",\"item\":\"https:\/\/admin.industriall-union.org\/article\/\"},{\"@type\":\"ListItem\",\"position\":3,\"name\":\"Les dirigeants syndicaux fixent des exigences aux membres du G20\"}]},{\"@type\":\"WebSite\",\"@id\":\"https:\/\/admin.industriall-union.org\/#website\",\"url\":\"https:\/\/admin.industriall-union.org\/\",\"name\":\"industriall-union\",\"description\":\"\",\"potentialAction\":[{\"@type\":\"SearchAction\",\"target\":{\"@type\":\"EntryPoint\",\"urlTemplate\":\"https:\/\/admin.industriall-union.org\/?s={search_term_string}\"},\"query-input\":{\"@type\":\"PropertyValueSpecification\",\"valueRequired\":true,\"valueName\":\"search_term_string\"}}],\"inLanguage\":\"fr-FR\"}]}<\/script>\n<!-- \/ Yoast SEO Premium plugin. -->","yoast_head_json":{"title":"Les dirigeants syndicaux fixent des exigences aux membres du G20 - industriall-union","description":"Dans une d\u00e9claration remise \u00e0 la Chanceli\u00e8re allemande et pr\u00e9sidente du G20, Angela Merkel, les dirigeants du L20 r\u00e9clament un mod\u00e8le \u00e9conomique","robots":{"index":"index","follow":"follow","max-snippet":"max-snippet:-1","max-image-preview":"max-image-preview:large","max-video-preview":"max-video-preview:-1"},"canonical":"https:\/\/admin.industriall-union.org\/fr\/les-dirigeants-syndicaux-fixent-des-exigences-aux-membres-du-g20\/","og_locale":"fr_FR","og_type":"article","og_title":"Les dirigeants syndicaux fixent des exigences aux membres du G20","og_description":"Dans une d\u00e9claration remise \u00e0 la Chanceli\u00e8re allemande et pr\u00e9sidente du G20, Angela Merkel, les dirigeants du L20 r\u00e9clament un mod\u00e8le \u00e9conomique","og_url":"https:\/\/admin.industriall-union.org\/fr\/les-dirigeants-syndicaux-fixent-des-exigences-aux-membres-du-g20\/","og_site_name":"industriall-union","article_modified_time":"2025-02-05T11:27:30+00:00","twitter_card":"summary_large_image","twitter_misc":{"Est. reading time":"3 minutes"},"schema":{"@context":"https:\/\/schema.org","@graph":[{"@type":"WebPage","@id":"https:\/\/admin.industriall-union.org\/fr\/les-dirigeants-syndicaux-fixent-des-exigences-aux-membres-du-g20\/","url":"https:\/\/admin.industriall-union.org\/fr\/les-dirigeants-syndicaux-fixent-des-exigences-aux-membres-du-g20\/","name":"Les dirigeants syndicaux fixent des exigences aux membres du G20 - industriall-union","isPartOf":{"@id":"https:\/\/admin.industriall-union.org\/#website"},"datePublished":"2017-05-22T14:07:42+00:00","dateModified":"2025-02-05T11:27:30+00:00","description":"Dans une d\u00e9claration remise \u00e0 la Chanceli\u00e8re allemande et pr\u00e9sidente du G20, Angela Merkel, les dirigeants du L20 r\u00e9clament un mod\u00e8le \u00e9conomique","breadcrumb":{"@id":"https:\/\/admin.industriall-union.org\/fr\/les-dirigeants-syndicaux-fixent-des-exigences-aux-membres-du-g20\/#breadcrumb"},"inLanguage":"fr-FR","potentialAction":[{"@type":"ReadAction","target":["https:\/\/admin.industriall-union.org\/fr\/les-dirigeants-syndicaux-fixent-des-exigences-aux-membres-du-g20\/"]}]},{"@type":"BreadcrumbList","@id":"https:\/\/admin.industriall-union.org\/fr\/les-dirigeants-syndicaux-fixent-des-exigences-aux-membres-du-g20\/#breadcrumb","itemListElement":[{"@type":"ListItem","position":1,"name":"Home","item":"https:\/\/admin.industriall-union.org\/"},{"@type":"ListItem","position":2,"name":"Articles","item":"https:\/\/admin.industriall-union.org\/article\/"},{"@type":"ListItem","position":3,"name":"Les dirigeants syndicaux fixent des exigences aux membres du G20"}]},{"@type":"WebSite","@id":"https:\/\/admin.industriall-union.org\/#website","url":"https:\/\/admin.industriall-union.org\/","name":"industriall-union","description":"","potentialAction":[{"@type":"SearchAction","target":{"@type":"EntryPoint","urlTemplate":"https:\/\/admin.industriall-union.org\/?s={search_term_string}"},"query-input":{"@type":"PropertyValueSpecification","valueRequired":true,"valueName":"search_term_string"}}],"inLanguage":"fr-FR"}]}},"_links":{"self":[{"href":"https:\/\/admin.industriall-union.org\/fr\/wp-json\/wp\/v2\/article\/149645","targetHints":{"allow":["GET"]}}],"collection":[{"href":"https:\/\/admin.industriall-union.org\/fr\/wp-json\/wp\/v2\/article"}],"about":[{"href":"https:\/\/admin.industriall-union.org\/fr\/wp-json\/wp\/v2\/types\/article"}],"wp:attachment":[{"href":"https:\/\/admin.industriall-union.org\/fr\/wp-json\/wp\/v2\/media?parent=149645"}],"wp:term":[{"taxonomy":"issues","embeddable":true,"href":"https:\/\/admin.industriall-union.org\/fr\/wp-json\/wp\/v2\/issues?post=149645"},{"taxonomy":"companies","embeddable":true,"href":"https:\/\/admin.industriall-union.org\/fr\/wp-json\/wp\/v2\/companies?post=149645"},{"taxonomy":"regions","embeddable":true,"href":"https:\/\/admin.industriall-union.org\/fr\/wp-json\/wp\/v2\/regions?post=149645"},{"taxonomy":"sectors","embeddable":true,"href":"https:\/\/admin.industriall-union.org\/fr\/wp-json\/wp\/v2\/sectors?post=149645"},{"taxonomy":"article_tags","embeddable":true,"href":"https:\/\/admin.industriall-union.org\/fr\/wp-json\/wp\/v2\/article_tags?post=149645"}],"curies":[{"name":"wp","href":"https:\/\/api.w.org\/{rel}","templated":true}]}}