{"id":149601,"date":"2017-06-22T14:29:04","date_gmt":"2017-06-22T14:29:04","guid":{"rendered":"https:\/\/admin.industriall-union.org\/les-communicants-syndicaux-se-retrouvent-a-budapest\/"},"modified":"2025-02-05T09:36:44","modified_gmt":"2025-02-05T09:36:44","slug":"les-communicants-syndicaux-se-retrouvent-a-budapest","status":"publish","type":"article","link":"https:\/\/admin.industriall-union.org\/fr\/les-communicants-syndicaux-se-retrouvent-a-budapest\/","title":{"rendered":"Les communicants syndicaux se retrouvent \u00e0 Budapest"},"content":{"rendered":"<p>Cette r\u00e9union s&#039;est tenue les 19 et 20 juin, en pr\u00e9sence de 54 participants des quatre coins de l&#039;Europe, et notamment du Kosovo, de Turquie, de Russie, de Bulgarie, de Finlande, de France, de Belgique et d&#039;Allemagne. Dans une tentative innovante pour atteindre une audience aussi large que possible, cette manifestation a \u00e9t\u00e9 diffus\u00e9e en direct sur Facebook o\u00f9 elle a \u00e9t\u00e9 suivie par des milliers de personnes.<\/p><p>La r\u00e9union a \u00e9t\u00e9 ouverte par Valter Sanches, Luc Triangle et Tam\u00e1s Sz\u00e9kely, les Secr\u00e9taires g\u00e9n\u00e9raux des organisations h\u00f4tes. Le premier a \u00e9voqu\u00e9 l&#039;\u00e9ternelle rengaine des messages antisyndicaux diffus\u00e9s sur les m\u00e9dias traditionnels de tout le continent ainsi que l&#039;urgente n\u00e9cessit\u00e9 pour les syndicats de faire preuve d&#039;innovation pour faire passer leur message aupr\u00e8s du grand public.<\/p><blockquote><p>&quot;Nous vivons une \u00e9poque compliqu\u00e9e, et nous assistons \u00e0 la mont\u00e9e du nationalisme populiste. Huit hommes blancs sont aussi riches que la moiti\u00e9 du monde. Le propri\u00e9taire d&#039;Inditex, une firme avec laquelle nous n\u00e9gocions, est un de ces huit.<\/p><p>&quot;Cela ne va pas du tout.<\/p><p>&quot;Nous pouvons compter sur les doigts de la main les pays o\u00f9 les syndicats sont les bienvenus. Les m\u00e9dias sont contr\u00f4l\u00e9s par les entreprises et nous entendons bien des contre-v\u00e9rit\u00e9s sur les m\u00e9faits des syndicats. C&#039;est pourquoi nous avons besoin de nos propres m\u00e9dias.&quot;<\/p><\/blockquote><p><strong>S\u00e9ance inaugurale<\/strong><\/p><p><\/p><p>Apr\u00e8s que les participants se soient pr\u00e9sent\u00e9s et aient expliqu\u00e9 ce qu&#039;ils attendaient de la r\u00e9union, le militant irlandais Eugene Flynn a pr\u00e9sent\u00e9 une session intitul\u00e9e &quot;Donner le point de vue des syndicats&nbsp; &#8211; comment p\u00e9n\u00e9trer les m\u00e9dias traditionnels ?&quot; Il faut comprendre la mani\u00e8re dont les m\u00e9dias rendent compte pour pouvoir infiltrer nos arguments.<\/p><blockquote class=\"twitter-tweet\" data-lang=\"en\"><p dir=\"ltr\" lang=\"en\">Ask people to imagine a world without unions &#8211; no maternity cover, no weekend, no paid holiday, no 40-hour week <a href=\"https:\/\/twitter.com\/eugeneflynn\">@eugeneflynn<\/a> <a href=\"https:\/\/twitter.com\/hashtag\/ALLComms?src=hash\">#ALLComms<\/a> <a href=\"https:\/\/t.co\/pfZsNHWJDS\">pic.twitter.com\/pfZsNHWJDS<\/a><\/p>&mdash; IndustriALL (@IndustriALL_GU) <a href=\"https:\/\/twitter.com\/IndustriALL_GU\/status\/876731826106183680\">June 19, 2017<\/a><\/blockquote><p>Flinn explique:<\/p><blockquote><p>&quot;On convainc les gens en agissant sur leurs \u00e9motions. Ils recherchent alors des faits pour \u00e9tayer leurs convictions. Si le but de notre communication est de les faire adh\u00e9rer \u00e0 notre point de vue, il faut s&#039;en souvenir et faire appel \u00e0 l&#039;aspect universel et humain de la narration.&quot;<\/p><\/blockquote><p><strong>Pr\u00e9sentation des participants<\/strong><\/p><p><\/p><p><strong>Eugene Flynn<\/strong><\/p><p><\/p><p><\/p><p>Consultante en m\u00e9dias et ancienne pr\u00e9sidente du Syndicat national des journalistes, Scarlett MccGwire a parl\u00e9 des r\u00e9centes \u00e9lections l\u00e9gislatives au Royaume-Uni et de la campagne de Jeremy Corbyn qui a bien saisi l&#039;\u00e9tat d&#039;esprit g\u00e9n\u00e9ral et a su pr\u00e9senter avec clart\u00e9 une nouvelle politique, progressiste.<\/p><p><strong>Scarlett MccGwire<\/strong><\/p><p><\/p><p><strong>Observations finales<\/strong><\/p><p><\/p><p>Le second jour, le responsable de la communication de la Conf\u00e9d\u00e9ration europ\u00e9enne des syndicats, Daniele Melli, a parl\u00e9 de <a href=\"http:\/\/payrise.eu\/\">la campagne pour une hausse des salaires<\/a> des travailleurs en Europe.<\/p><blockquote class=\"twitter-tweet\" data-lang=\"en\"><p dir=\"ltr\" lang=\"en\">Trickle down doesn&#039;t work. But with <a href=\"https:\/\/twitter.com\/hashtag\/OurPayRise?src=hash\">#OurPayRise<\/a>, wealth will perculate up. Europe needs a pay rise. It&#039;s time for our recovery <a href=\"https:\/\/twitter.com\/hashtag\/ALLComms?src=hash\">#ALLComms<\/a> <a href=\"https:\/\/t.co\/fuG31oXhiV\">pic.twitter.com\/fuG31oXhiV<\/a><\/p>&mdash; IndustriALL (@IndustriALL_GU) <a href=\"https:\/\/twitter.com\/IndustriALL_GU\/status\/877069239110291456\">June 20, 2017<\/a><\/blockquote><p>Les participants ont exprim\u00e9 leur soutien \u00e0 cette campagne.<\/p><blockquote class=\"twitter-tweet\" data-lang=\"en\"><p dir=\"ltr\" lang=\"en\">Participants at <a href=\"https:\/\/twitter.com\/hashtag\/ALLComms?src=hash\">#ALLComms<\/a> show their support for the <a href=\"https:\/\/twitter.com\/etuc_ces\">@etuc_ces<\/a> <a href=\"https:\/\/twitter.com\/hashtag\/OurPayRise?src=hash\">#OurPayRise<\/a> campaign. <a href=\"https:\/\/t.co\/n0hoAMJVOj\">pic.twitter.com\/n0hoAMJVOj<\/a><\/p>&mdash; IndustriALL (@IndustriALL_GU) <a href=\"https:\/\/twitter.com\/IndustriALL_GU\/status\/877097900655992832\">June 20, 2017<\/a><\/blockquote><blockquote><p>&quot;Les miettes ne servent \u00e0 rien,&quot; a-t-il d\u00e9clar\u00e9.<\/p><p>&quot;Mais une hausse des salaires fera remonter le niveau g\u00e9n\u00e9ral. Des r\u00e9mun\u00e9rations et des conditions de travail d\u00e9centes sont une excellente formule pour bloquer la mont\u00e9e du populisme r\u00e9actionnaire et nationaliste.&quot;<\/p><\/blockquote><p><strong>Daniele Melli<\/strong><\/p><p><\/p><p>Scarlett MccGwire a ensuite parl\u00e9 de l&#039;adaptation \u00e0 un avenir num\u00e9rique et les participants ont discut\u00e9 de ce qui fonctionne le mieux dans leurs syndicats.<\/p><blockquote class=\"twitter-tweet\" data-lang=\"en\"><p dir=\"ltr\" lang=\"en\">Scarlett MccGwire: &quot;The future is digital. So is the present. We don&#039;t live in a paper world. We need to be where our members are&quot; <a href=\"https:\/\/twitter.com\/hashtag\/ALLComms?src=hash\">#ALLComms<\/a> <a href=\"https:\/\/t.co\/cSkeFjfQPG\">pic.twitter.com\/cSkeFjfQPG<\/a><\/p>&mdash; IndustriALL (@IndustriALL_GU) <a href=\"https:\/\/twitter.com\/IndustriALL_GU\/status\/877093531256594433\">June 20, 2017<\/a><\/blockquote><blockquote class=\"twitter-tweet\" data-lang=\"en\"><p dir=\"ltr\" lang=\"en\">Martina Helmerich, <a href=\"https:\/\/twitter.com\/IGMetall\">@IGMetall<\/a>: &quot;We have had great success using WhatsApp groups in collective bargaining negotiations.&quot; <a href=\"https:\/\/twitter.com\/hashtag\/ALLComms?src=hash\">#ALLComms<\/a> <a href=\"https:\/\/t.co\/mFDAXrvrNa\">pic.twitter.com\/mFDAXrvrNa<\/a><\/p>&mdash; IndustriALL (@IndustriALL_GU) <a href=\"https:\/\/twitter.com\/IndustriALL_GU\/status\/877092697437347840\">June 20, 2017<\/a><\/blockquote><p><strong>Qu&#039;est-ce qui fonctionne bien pour votre syndicat ? &nbsp;&nbsp;<\/strong><\/p><p><\/p><p>Ce fut ensuite un expos\u00e9 sur l&#039;action men\u00e9e par les syndicats IndustriALL Global et IndustriALL Europe et sur les r\u00e9sultats obtenus par les campagnes communes.<\/p><p><strong>IndustriALL Global Union et IndustriALL Europe : qui sommes-nous et comment travaillons-nous ensemble ?<\/strong><\/p><p><\/p><p>La journ\u00e9e s&#039;est achev\u00e9e par un expos\u00e9 sur la force d&#039;un r\u00e9seau&nbsp; et un exercice pratique dans lequel les affili\u00e9s ont discut\u00e9 des fa\u00e7ons les plus efficaces d&#039;\u00e9changer des informations et de mettre en place une structure qui leur permettra de r\u00e9agir rapidement aux appels \u00e0 la solidarit\u00e9, tout en collaborant dans des campagnes.<\/p><p><strong>La force d&#039;un r\u00e9seau<\/strong><\/p><p><\/p>","protected":false},"featured_media":0,"template":"","issues":[],"companies":[],"regions":[202,221],"sectors":[],"article_tags":[],"class_list":["post-149601","article","type-article","status-publish","hentry","regions-europe","regions-hungary"],"acf":[],"yoast_head":"<!-- This site is optimized with the Yoast SEO Premium plugin v27.1 (Yoast SEO v27.1) - https:\/\/yoast.com\/product\/yoast-seo-premium-wordpress\/ -->\n<title>Les communicants syndicaux se retrouvent \u00e0 Budapest - industriall-union<\/title>\n<meta name=\"description\" content=\"Cette r\u00e9union s&#039;est tenue les 19 et 20 juin, en pr\u00e9sence de 54 participants des quatre coins de l&#039;Europe, et notamment du Kosovo, de Turquie, de\" \/>\n<meta name=\"robots\" content=\"index, follow, max-snippet:-1, max-image-preview:large, max-video-preview:-1\" \/>\n<link rel=\"canonical\" href=\"https:\/\/admin.industriall-union.org\/fr\/les-communicants-syndicaux-se-retrouvent-a-budapest\/\" \/>\n<meta property=\"og:locale\" content=\"fr_FR\" \/>\n<meta property=\"og:type\" content=\"article\" \/>\n<meta property=\"og:title\" content=\"Les communicants syndicaux se retrouvent \u00e0 Budapest\" \/>\n<meta property=\"og:description\" content=\"Cette r\u00e9union s&#039;est tenue les 19 et 20 juin, en pr\u00e9sence de 54 participants des quatre coins de l&#039;Europe, et notamment du Kosovo, de Turquie, de\" \/>\n<meta property=\"og:url\" content=\"https:\/\/admin.industriall-union.org\/fr\/les-communicants-syndicaux-se-retrouvent-a-budapest\/\" \/>\n<meta property=\"og:site_name\" content=\"industriall-union\" \/>\n<meta property=\"article:modified_time\" content=\"2025-02-05T09:36:44+00:00\" \/>\n<meta name=\"twitter:card\" content=\"summary_large_image\" \/>\n<meta name=\"twitter:label1\" content=\"Est. reading time\" \/>\n\t<meta name=\"twitter:data1\" content=\"4 minutes\" \/>\n<script type=\"application\/ld+json\" class=\"yoast-schema-graph\">{\"@context\":\"https:\/\/schema.org\",\"@graph\":[{\"@type\":\"WebPage\",\"@id\":\"https:\/\/admin.industriall-union.org\/fr\/les-communicants-syndicaux-se-retrouvent-a-budapest\/\",\"url\":\"https:\/\/admin.industriall-union.org\/fr\/les-communicants-syndicaux-se-retrouvent-a-budapest\/\",\"name\":\"Les communicants syndicaux se retrouvent \u00e0 Budapest - industriall-union\",\"isPartOf\":{\"@id\":\"https:\/\/admin.industriall-union.org\/#website\"},\"datePublished\":\"2017-06-22T14:29:04+00:00\",\"dateModified\":\"2025-02-05T09:36:44+00:00\",\"description\":\"Cette r\u00e9union s&#039;est tenue les 19 et 20 juin, en pr\u00e9sence de 54 participants des quatre coins de l&#039;Europe, et notamment du Kosovo, de Turquie, de\",\"breadcrumb\":{\"@id\":\"https:\/\/admin.industriall-union.org\/fr\/les-communicants-syndicaux-se-retrouvent-a-budapest\/#breadcrumb\"},\"inLanguage\":\"fr-FR\",\"potentialAction\":[{\"@type\":\"ReadAction\",\"target\":[\"https:\/\/admin.industriall-union.org\/fr\/les-communicants-syndicaux-se-retrouvent-a-budapest\/\"]}]},{\"@type\":\"BreadcrumbList\",\"@id\":\"https:\/\/admin.industriall-union.org\/fr\/les-communicants-syndicaux-se-retrouvent-a-budapest\/#breadcrumb\",\"itemListElement\":[{\"@type\":\"ListItem\",\"position\":1,\"name\":\"Home\",\"item\":\"https:\/\/admin.industriall-union.org\/\"},{\"@type\":\"ListItem\",\"position\":2,\"name\":\"Articles\",\"item\":\"https:\/\/admin.industriall-union.org\/article\/\"},{\"@type\":\"ListItem\",\"position\":3,\"name\":\"Les communicants syndicaux se retrouvent \u00e0 Budapest\"}]},{\"@type\":\"WebSite\",\"@id\":\"https:\/\/admin.industriall-union.org\/#website\",\"url\":\"https:\/\/admin.industriall-union.org\/\",\"name\":\"industriall-union\",\"description\":\"\",\"potentialAction\":[{\"@type\":\"SearchAction\",\"target\":{\"@type\":\"EntryPoint\",\"urlTemplate\":\"https:\/\/admin.industriall-union.org\/?s={search_term_string}\"},\"query-input\":{\"@type\":\"PropertyValueSpecification\",\"valueRequired\":true,\"valueName\":\"search_term_string\"}}],\"inLanguage\":\"fr-FR\"}]}<\/script>\n<!-- \/ Yoast SEO Premium plugin. -->","yoast_head_json":{"title":"Les communicants syndicaux se retrouvent \u00e0 Budapest - industriall-union","description":"Cette r\u00e9union s&#039;est tenue les 19 et 20 juin, en pr\u00e9sence de 54 participants des quatre coins de l&#039;Europe, et notamment du Kosovo, de Turquie, de","robots":{"index":"index","follow":"follow","max-snippet":"max-snippet:-1","max-image-preview":"max-image-preview:large","max-video-preview":"max-video-preview:-1"},"canonical":"https:\/\/admin.industriall-union.org\/fr\/les-communicants-syndicaux-se-retrouvent-a-budapest\/","og_locale":"fr_FR","og_type":"article","og_title":"Les communicants syndicaux se retrouvent \u00e0 Budapest","og_description":"Cette r\u00e9union s&#039;est tenue les 19 et 20 juin, en pr\u00e9sence de 54 participants des quatre coins de l&#039;Europe, et notamment du Kosovo, de Turquie, de","og_url":"https:\/\/admin.industriall-union.org\/fr\/les-communicants-syndicaux-se-retrouvent-a-budapest\/","og_site_name":"industriall-union","article_modified_time":"2025-02-05T09:36:44+00:00","twitter_card":"summary_large_image","twitter_misc":{"Est. reading time":"4 minutes"},"schema":{"@context":"https:\/\/schema.org","@graph":[{"@type":"WebPage","@id":"https:\/\/admin.industriall-union.org\/fr\/les-communicants-syndicaux-se-retrouvent-a-budapest\/","url":"https:\/\/admin.industriall-union.org\/fr\/les-communicants-syndicaux-se-retrouvent-a-budapest\/","name":"Les communicants syndicaux se retrouvent \u00e0 Budapest - industriall-union","isPartOf":{"@id":"https:\/\/admin.industriall-union.org\/#website"},"datePublished":"2017-06-22T14:29:04+00:00","dateModified":"2025-02-05T09:36:44+00:00","description":"Cette r\u00e9union s&#039;est tenue les 19 et 20 juin, en pr\u00e9sence de 54 participants des quatre coins de l&#039;Europe, et notamment du Kosovo, de Turquie, de","breadcrumb":{"@id":"https:\/\/admin.industriall-union.org\/fr\/les-communicants-syndicaux-se-retrouvent-a-budapest\/#breadcrumb"},"inLanguage":"fr-FR","potentialAction":[{"@type":"ReadAction","target":["https:\/\/admin.industriall-union.org\/fr\/les-communicants-syndicaux-se-retrouvent-a-budapest\/"]}]},{"@type":"BreadcrumbList","@id":"https:\/\/admin.industriall-union.org\/fr\/les-communicants-syndicaux-se-retrouvent-a-budapest\/#breadcrumb","itemListElement":[{"@type":"ListItem","position":1,"name":"Home","item":"https:\/\/admin.industriall-union.org\/"},{"@type":"ListItem","position":2,"name":"Articles","item":"https:\/\/admin.industriall-union.org\/article\/"},{"@type":"ListItem","position":3,"name":"Les communicants syndicaux se retrouvent \u00e0 Budapest"}]},{"@type":"WebSite","@id":"https:\/\/admin.industriall-union.org\/#website","url":"https:\/\/admin.industriall-union.org\/","name":"industriall-union","description":"","potentialAction":[{"@type":"SearchAction","target":{"@type":"EntryPoint","urlTemplate":"https:\/\/admin.industriall-union.org\/?s={search_term_string}"},"query-input":{"@type":"PropertyValueSpecification","valueRequired":true,"valueName":"search_term_string"}}],"inLanguage":"fr-FR"}]}},"_links":{"self":[{"href":"https:\/\/admin.industriall-union.org\/fr\/wp-json\/wp\/v2\/article\/149601","targetHints":{"allow":["GET"]}}],"collection":[{"href":"https:\/\/admin.industriall-union.org\/fr\/wp-json\/wp\/v2\/article"}],"about":[{"href":"https:\/\/admin.industriall-union.org\/fr\/wp-json\/wp\/v2\/types\/article"}],"wp:attachment":[{"href":"https:\/\/admin.industriall-union.org\/fr\/wp-json\/wp\/v2\/media?parent=149601"}],"wp:term":[{"taxonomy":"issues","embeddable":true,"href":"https:\/\/admin.industriall-union.org\/fr\/wp-json\/wp\/v2\/issues?post=149601"},{"taxonomy":"companies","embeddable":true,"href":"https:\/\/admin.industriall-union.org\/fr\/wp-json\/wp\/v2\/companies?post=149601"},{"taxonomy":"regions","embeddable":true,"href":"https:\/\/admin.industriall-union.org\/fr\/wp-json\/wp\/v2\/regions?post=149601"},{"taxonomy":"sectors","embeddable":true,"href":"https:\/\/admin.industriall-union.org\/fr\/wp-json\/wp\/v2\/sectors?post=149601"},{"taxonomy":"article_tags","embeddable":true,"href":"https:\/\/admin.industriall-union.org\/fr\/wp-json\/wp\/v2\/article_tags?post=149601"}],"curies":[{"name":"wp","href":"https:\/\/api.w.org\/{rel}","templated":true}]}}