{"id":149600,"date":"2017-06-22T16:46:27","date_gmt":"2017-06-22T16:46:27","guid":{"rendered":"https:\/\/admin.industriall-union.org\/en-turquie-diam-congedie-80-syndiques-par-texto\/"},"modified":"2025-02-05T09:36:38","modified_gmt":"2025-02-05T09:36:38","slug":"en-turquie-diam-congedie-80-syndiques-par-texto","status":"publish","type":"article","link":"https:\/\/admin.industriall-union.org\/fr\/en-turquie-diam-congedie-80-syndiques-par-texto\/","title":{"rendered":"En Turquie, DIAM cong\u00e9die 80 syndiqu\u00e9s par texto"},"content":{"rendered":"<blockquote><p>&quot;Nous croyons savoir que vous avez particip\u00e9 \u00e0 la gr\u00e8ve ill\u00e9gale dans l&#039;\u00e9tablissement pendant 7-9 jours. Vous avez arr\u00eat\u00e9 le travail. Vous avez tent\u00e9 de persuader d&#039;autres travailleurs d&#039;arr\u00eater le travail. Vous avez viol\u00e9 leur libert\u00e9 de travailler. Du fait de vos agissements ill\u00e9gaux, votre contrat de travail est r\u00e9sili\u00e9 au 15 juin 2017.&quot;<\/p><\/blockquote><p>Tel est le sinistre message que DIAM a envoy\u00e9 par texto pour licencier les travailleurs syndiqu\u00e9s de son usine de Turquie o\u00f9 sont fabriqu\u00e9s des pr\u00e9sentoirs pour de grandes marques.<\/p><p>Les travailleurs s&#039;\u00e9taient mis en gr\u00e8ve apr\u00e8s que leurs coll\u00e8gues eurent \u00e9t\u00e9 renvoy\u00e9s pendant une campagne de syndicalisation de notre affili\u00e9 Birle\u015fik Metal-\u0130\u015f.<\/p><p>Comme c&#039;est devenu la r\u00e8gle en Turquie, Birle\u015fik Metal-\u0130\u015f a organis\u00e9 les travailleurs et a \u00e9t\u00e9 homologu\u00e9 par le minist\u00e8re du Travail, ce qui lui donne le droit de repr\u00e9senter les travailleurs. Mais, plut\u00f4t que de n\u00e9gocier avec les repr\u00e9sentants des travailleurs, la filiale turque de DIAM, Diam Vitrin Tasar\u0131m Hizmetleri Ambalaj San. Tic. Ltd. \u015eti, a licenci\u00e9 cinq dirigeants syndicaux.<\/p><p>IndustriALL Global Union et IndustriALL Europe ont <a href=\"\/wp-content\/uploads\/documents\/2017\/TURKEY\/industriall_europe_and_industriall_global_union_letter_to_diam_internati.pdf\">\u00e9crit \u00e0 la soci\u00e9t\u00e9-m\u00e8re en France<\/a> pour lui demander de faire en sorte que sa filiale respecte les normes fondamentales de l&#039;OIT sur le droit d&#039;organisation et r\u00e9int\u00e8gre les travailleurs licenci\u00e9s.<\/p><p>Au lieu de cela, l&#039;entreprise a licenci\u00e9 dix autres travailleurs et contest\u00e9 l&#039;homologation du syndicat devant la justice. Lorsque les travailleurs se sont mis en gr\u00e8ve pour protester contre les licenciements, ils ont \u00e9t\u00e9 licenci\u00e9s par texto.<\/p><p>DIAM est une multinationale sp\u00e9cialis\u00e9e dans la fabrication de pr\u00e9sentoirs et de vitrines pour produits cosm\u00e9tiques vendus en magasins. Parmi ses clients figurent Chanel, Cartier, Calvin Klein, Clinique, Dior, Est\u00e9e Lauder, Dolce Gabana, Gucci, Givenchy, Maybelline, Guerlain, Lanc\u00f4me, Louis Vuitton et Valentina.<\/p><p>L&#039;usine turque produit principalement pour L&#039;Or\u00e9al et Dior.<\/p><p>Pour le Secr\u00e9taire g\u00e9n\u00e9ral adjoint d&#039;IndustriALL Kemal \u00d6zkan :<\/p><blockquote><p>&quot;Les multinationales qui produisent pour le march\u00e9 europ\u00e9en ont pris l&#039;habitude de se fournir en Turquie en raison de sa proximit\u00e9 avec l&#039;Union europ\u00e9enne et de ses normes de fabrication.<\/p><\/blockquote><blockquote><p>&quot;Il est aussi courant que ces firmes respectent les droits au travail dans leur pays d&#039;origine mais participent \u00e0 une r\u00e9pression brutale en Turquie. Elles externalisent la r\u00e9pression syndicale, avec la complicit\u00e9 d&#039;un gouvernement hostile aux syndicats.<\/p><\/blockquote><blockquote><p>&quot;Nous ne pouvons le tol\u00e9rer. IndustriALL va cibler les marques dont les articles sont produits par DIAM en Turquie et d\u00e9noncer la r\u00e9pression des syndiqu\u00e9s.&quot;<\/p><\/blockquote>","protected":false},"featured_media":0,"template":"","issues":[425],"companies":[],"regions":[202,250],"sectors":[476,479],"article_tags":[],"class_list":["post-149600","article","type-article","status-publish","hentry","issues-workers-rights","regions-europe","regions-turkiye","sectors-chemical-pharmaceutical-bio-science","sectors-pharmaceutical"],"acf":[],"yoast_head":"<!-- This site is optimized with the Yoast SEO Premium plugin v27.1 (Yoast SEO v27.1) - https:\/\/yoast.com\/product\/yoast-seo-premium-wordpress\/ -->\n<title>En Turquie, DIAM cong\u00e9die 80 syndiqu\u00e9s par texto - industriall-union<\/title>\n<meta name=\"description\" content=\"&quot;Nous croyons savoir que vous avez particip\u00e9 \u00e0 la gr\u00e8ve ill\u00e9gale dans l&#039;\u00e9tablissement pendant 7-9 jours. Vous avez arr\u00eat\u00e9 le travail. Vous avez\" \/>\n<meta name=\"robots\" content=\"index, follow, max-snippet:-1, max-image-preview:large, max-video-preview:-1\" \/>\n<link rel=\"canonical\" href=\"https:\/\/admin.industriall-union.org\/fr\/en-turquie-diam-congedie-80-syndiques-par-texto\/\" \/>\n<meta property=\"og:locale\" content=\"fr_FR\" \/>\n<meta property=\"og:type\" content=\"article\" \/>\n<meta property=\"og:title\" content=\"En Turquie, DIAM cong\u00e9die 80 syndiqu\u00e9s par texto\" \/>\n<meta property=\"og:description\" content=\"&quot;Nous croyons savoir que vous avez particip\u00e9 \u00e0 la gr\u00e8ve ill\u00e9gale dans l&#039;\u00e9tablissement pendant 7-9 jours. Vous avez arr\u00eat\u00e9 le travail. Vous avez\" \/>\n<meta property=\"og:url\" content=\"https:\/\/admin.industriall-union.org\/fr\/en-turquie-diam-congedie-80-syndiques-par-texto\/\" \/>\n<meta property=\"og:site_name\" content=\"industriall-union\" \/>\n<meta property=\"article:modified_time\" content=\"2025-02-05T09:36:38+00:00\" \/>\n<meta name=\"twitter:card\" content=\"summary_large_image\" \/>\n<meta name=\"twitter:label1\" content=\"Est. reading time\" \/>\n\t<meta name=\"twitter:data1\" content=\"2 minutes\" \/>\n<script type=\"application\/ld+json\" class=\"yoast-schema-graph\">{\"@context\":\"https:\/\/schema.org\",\"@graph\":[{\"@type\":\"WebPage\",\"@id\":\"https:\/\/admin.industriall-union.org\/fr\/en-turquie-diam-congedie-80-syndiques-par-texto\/\",\"url\":\"https:\/\/admin.industriall-union.org\/fr\/en-turquie-diam-congedie-80-syndiques-par-texto\/\",\"name\":\"En Turquie, DIAM cong\u00e9die 80 syndiqu\u00e9s par texto - industriall-union\",\"isPartOf\":{\"@id\":\"https:\/\/admin.industriall-union.org\/#website\"},\"datePublished\":\"2017-06-22T16:46:27+00:00\",\"dateModified\":\"2025-02-05T09:36:38+00:00\",\"description\":\"&quot;Nous croyons savoir que vous avez particip\u00e9 \u00e0 la gr\u00e8ve ill\u00e9gale dans l&#039;\u00e9tablissement pendant 7-9 jours. Vous avez arr\u00eat\u00e9 le travail. Vous avez\",\"breadcrumb\":{\"@id\":\"https:\/\/admin.industriall-union.org\/fr\/en-turquie-diam-congedie-80-syndiques-par-texto\/#breadcrumb\"},\"inLanguage\":\"fr-FR\",\"potentialAction\":[{\"@type\":\"ReadAction\",\"target\":[\"https:\/\/admin.industriall-union.org\/fr\/en-turquie-diam-congedie-80-syndiques-par-texto\/\"]}]},{\"@type\":\"BreadcrumbList\",\"@id\":\"https:\/\/admin.industriall-union.org\/fr\/en-turquie-diam-congedie-80-syndiques-par-texto\/#breadcrumb\",\"itemListElement\":[{\"@type\":\"ListItem\",\"position\":1,\"name\":\"Home\",\"item\":\"https:\/\/admin.industriall-union.org\/\"},{\"@type\":\"ListItem\",\"position\":2,\"name\":\"Articles\",\"item\":\"https:\/\/admin.industriall-union.org\/article\/\"},{\"@type\":\"ListItem\",\"position\":3,\"name\":\"En Turquie, DIAM cong\u00e9die 80 syndiqu\u00e9s par texto\"}]},{\"@type\":\"WebSite\",\"@id\":\"https:\/\/admin.industriall-union.org\/#website\",\"url\":\"https:\/\/admin.industriall-union.org\/\",\"name\":\"industriall-union\",\"description\":\"\",\"potentialAction\":[{\"@type\":\"SearchAction\",\"target\":{\"@type\":\"EntryPoint\",\"urlTemplate\":\"https:\/\/admin.industriall-union.org\/?s={search_term_string}\"},\"query-input\":{\"@type\":\"PropertyValueSpecification\",\"valueRequired\":true,\"valueName\":\"search_term_string\"}}],\"inLanguage\":\"fr-FR\"}]}<\/script>\n<!-- \/ Yoast SEO Premium plugin. -->","yoast_head_json":{"title":"En Turquie, DIAM cong\u00e9die 80 syndiqu\u00e9s par texto - industriall-union","description":"&quot;Nous croyons savoir que vous avez particip\u00e9 \u00e0 la gr\u00e8ve ill\u00e9gale dans l&#039;\u00e9tablissement pendant 7-9 jours. Vous avez arr\u00eat\u00e9 le travail. Vous avez","robots":{"index":"index","follow":"follow","max-snippet":"max-snippet:-1","max-image-preview":"max-image-preview:large","max-video-preview":"max-video-preview:-1"},"canonical":"https:\/\/admin.industriall-union.org\/fr\/en-turquie-diam-congedie-80-syndiques-par-texto\/","og_locale":"fr_FR","og_type":"article","og_title":"En Turquie, DIAM cong\u00e9die 80 syndiqu\u00e9s par texto","og_description":"&quot;Nous croyons savoir que vous avez particip\u00e9 \u00e0 la gr\u00e8ve ill\u00e9gale dans l&#039;\u00e9tablissement pendant 7-9 jours. Vous avez arr\u00eat\u00e9 le travail. Vous avez","og_url":"https:\/\/admin.industriall-union.org\/fr\/en-turquie-diam-congedie-80-syndiques-par-texto\/","og_site_name":"industriall-union","article_modified_time":"2025-02-05T09:36:38+00:00","twitter_card":"summary_large_image","twitter_misc":{"Est. reading time":"2 minutes"},"schema":{"@context":"https:\/\/schema.org","@graph":[{"@type":"WebPage","@id":"https:\/\/admin.industriall-union.org\/fr\/en-turquie-diam-congedie-80-syndiques-par-texto\/","url":"https:\/\/admin.industriall-union.org\/fr\/en-turquie-diam-congedie-80-syndiques-par-texto\/","name":"En Turquie, DIAM cong\u00e9die 80 syndiqu\u00e9s par texto - industriall-union","isPartOf":{"@id":"https:\/\/admin.industriall-union.org\/#website"},"datePublished":"2017-06-22T16:46:27+00:00","dateModified":"2025-02-05T09:36:38+00:00","description":"&quot;Nous croyons savoir que vous avez particip\u00e9 \u00e0 la gr\u00e8ve ill\u00e9gale dans l&#039;\u00e9tablissement pendant 7-9 jours. Vous avez arr\u00eat\u00e9 le travail. Vous avez","breadcrumb":{"@id":"https:\/\/admin.industriall-union.org\/fr\/en-turquie-diam-congedie-80-syndiques-par-texto\/#breadcrumb"},"inLanguage":"fr-FR","potentialAction":[{"@type":"ReadAction","target":["https:\/\/admin.industriall-union.org\/fr\/en-turquie-diam-congedie-80-syndiques-par-texto\/"]}]},{"@type":"BreadcrumbList","@id":"https:\/\/admin.industriall-union.org\/fr\/en-turquie-diam-congedie-80-syndiques-par-texto\/#breadcrumb","itemListElement":[{"@type":"ListItem","position":1,"name":"Home","item":"https:\/\/admin.industriall-union.org\/"},{"@type":"ListItem","position":2,"name":"Articles","item":"https:\/\/admin.industriall-union.org\/article\/"},{"@type":"ListItem","position":3,"name":"En Turquie, DIAM cong\u00e9die 80 syndiqu\u00e9s par texto"}]},{"@type":"WebSite","@id":"https:\/\/admin.industriall-union.org\/#website","url":"https:\/\/admin.industriall-union.org\/","name":"industriall-union","description":"","potentialAction":[{"@type":"SearchAction","target":{"@type":"EntryPoint","urlTemplate":"https:\/\/admin.industriall-union.org\/?s={search_term_string}"},"query-input":{"@type":"PropertyValueSpecification","valueRequired":true,"valueName":"search_term_string"}}],"inLanguage":"fr-FR"}]}},"_links":{"self":[{"href":"https:\/\/admin.industriall-union.org\/fr\/wp-json\/wp\/v2\/article\/149600","targetHints":{"allow":["GET"]}}],"collection":[{"href":"https:\/\/admin.industriall-union.org\/fr\/wp-json\/wp\/v2\/article"}],"about":[{"href":"https:\/\/admin.industriall-union.org\/fr\/wp-json\/wp\/v2\/types\/article"}],"wp:attachment":[{"href":"https:\/\/admin.industriall-union.org\/fr\/wp-json\/wp\/v2\/media?parent=149600"}],"wp:term":[{"taxonomy":"issues","embeddable":true,"href":"https:\/\/admin.industriall-union.org\/fr\/wp-json\/wp\/v2\/issues?post=149600"},{"taxonomy":"companies","embeddable":true,"href":"https:\/\/admin.industriall-union.org\/fr\/wp-json\/wp\/v2\/companies?post=149600"},{"taxonomy":"regions","embeddable":true,"href":"https:\/\/admin.industriall-union.org\/fr\/wp-json\/wp\/v2\/regions?post=149600"},{"taxonomy":"sectors","embeddable":true,"href":"https:\/\/admin.industriall-union.org\/fr\/wp-json\/wp\/v2\/sectors?post=149600"},{"taxonomy":"article_tags","embeddable":true,"href":"https:\/\/admin.industriall-union.org\/fr\/wp-json\/wp\/v2\/article_tags?post=149600"}],"curies":[{"name":"wp","href":"https:\/\/api.w.org\/{rel}","templated":true}]}}