{"id":149590,"date":"2017-07-03T14:03:25","date_gmt":"2017-07-03T14:03:25","guid":{"rendered":"https:\/\/admin.industriall-union.org\/faire-reculer-le-travail-precaire-au-senegal\/"},"modified":"2025-02-05T09:17:52","modified_gmt":"2025-02-05T09:17:52","slug":"faire-reculer-le-travail-precaire-au-senegal","status":"publish","type":"article","link":"https:\/\/admin.industriall-union.org\/fr\/faire-reculer-le-travail-precaire-au-senegal\/","title":{"rendered":"Faire reculer le travail pr\u00e9caire au S\u00e9n\u00e9gal"},"content":{"rendered":"<div><div><p>65 journaliers sur 287 ont obtenu un emploi permanent chez Gandour, un fabriquant de parfums et de produits cosm\u00e9tiques; 58 emplois sur 90 ont \u00e9galement \u00e9t\u00e9 transform\u00e9s en emplois permanents chez le fabricant de mati\u00e8res plastiques, Polyplast.<\/p><p>Si cette tendance se poursuit, davantage d&rsquo;emplois dans l&rsquo;industrie manufacturi\u00e8re deviendront stables. Cette \u00e9volution rev\u00eatait une importance pour les secteurs chimiques et de la construction, alors en croissance et donc, plus \u00e0 m\u00eame de cr\u00e9er des emplois.<\/p><p>Les affili\u00e9s \u00e0 IndustriALL ont fait campagne pour mettre fin au travail pr\u00e9caire au S\u00e9n\u00e9gal au cours de ces trois derni\u00e8res ann\u00e9es, et continent de lutter pour la cr\u00e9ation d&rsquo;emplois d\u00e9cents.<\/p><p>La campagne contre le travail pr\u00e9caire, qui a eu lieu aux niveaux national, sectoriel et entrepreneurial, \u00e9tait adress\u00e9e aux employeurs pr\u00e9f\u00e9rant offrir des emplois aux travailleurs temporaires plut\u00f4t que des emplois permanents s\u00e9curis\u00e9s. Par exemple, les travailleurs journaliers recevaient des salaires inf\u00e9rieurs \u00e0 ceux des travailleurs permanents pour un travail identique. En outre, ils ne b\u00e9n\u00e9ficiaient pas de la s\u00e9curit\u00e9 sociale en d\u00e9pit du fait qu&rsquo;ils \u00e9taient expos\u00e9s \u00e0 des risques d&rsquo;accidents du travail et des maladies professionnelles.<\/p><p>Le coordinateur d&rsquo;IndustriALL du projet relatif au travail pr\u00e9caire en Afrique sub-saharienne, Augustin Adakou, a d\u00e9clar\u00e9 que le gouvernement s\u00e9n\u00e9galais devrait abroger la l\u00e9gislation du travail, dont le D\u00e9cret 70-183 sur l&rsquo;emploi des travailleurs journaliers et saisonniers de 1970, car cette l\u00e9gislation obsol\u00e8te n&rsquo;incitait pas \u00e0 cr\u00e9er des emplois d\u00e9cents.<\/p><p>Figuraient parmi les autres pays ayant particip\u00e9 \u00e0 la campagne pour mettre fin au travail pr\u00e9caire, le Cameroun, le Burkina Faso et le Nigeria, o\u00f9 des efforts similaires ont \u00e9t\u00e9 d\u00e9ploy\u00e9s pour favoriser la cr\u00e9ation d&rsquo;emplois plus stables.<\/p><p>Gr\u00e2ce \u00e0 cette campagne, les affili\u00e9s \u00e0 IndustriALL dans les pays participant au projet, ont syndiqu\u00e9, en 2016, 4&nbsp;500 travailleurs pr\u00e9caires; plus de 1&nbsp;500 emplois temporaires sont \u00e9galement devenus permanents au cours de cette m\u00eame ann\u00e9e. En outre, des ateliers ont \u00e9t\u00e9 organis\u00e9s sur le droit du travail, les techniques de n\u00e9gociation et la n\u00e9gociation collective. Les affili\u00e9s ont organis\u00e9 les travailleurs dans les secteurs des mat\u00e9riaux de construction, des produits chimiques, de l&rsquo;\u00e9nergie, des m\u00e9taux, des mines, du p\u00e9trole et du gaz, du caoutchouc, de la p\u00e2te \u00e0 papier et du papier, des textiles et des v\u00eatements, ainsi que du cuir et des chaussures.<\/p><\/div><\/div>","protected":false},"featured_media":0,"template":"","issues":[415],"companies":[],"regions":[346,311],"sectors":[476],"article_tags":[],"class_list":["post-149590","article","type-article","status-publish","hentry","issues-stop-precarious-work","regions-senegal","regions-sub-saharan-africa","sectors-chemical-pharmaceutical-bio-science"],"acf":[],"yoast_head":"<!-- This site is optimized with the Yoast SEO Premium plugin v27.1 (Yoast SEO v27.1) - https:\/\/yoast.com\/product\/yoast-seo-premium-wordpress\/ -->\n<title>Faire reculer le travail pr\u00e9caire au S\u00e9n\u00e9gal - industriall-union<\/title>\n<meta name=\"description\" content=\"65 journaliers sur 287 ont obtenu un emploi permanent chez Gandour, un fabriquant de parfums et de produits cosm\u00e9tiques; 58 emplois sur 90 ont \u00e9galement\" \/>\n<meta name=\"robots\" content=\"index, follow, max-snippet:-1, max-image-preview:large, max-video-preview:-1\" \/>\n<link rel=\"canonical\" href=\"https:\/\/admin.industriall-union.org\/fr\/faire-reculer-le-travail-precaire-au-senegal\/\" \/>\n<meta property=\"og:locale\" content=\"fr_FR\" \/>\n<meta property=\"og:type\" content=\"article\" \/>\n<meta property=\"og:title\" content=\"Faire reculer le travail pr\u00e9caire au S\u00e9n\u00e9gal\" \/>\n<meta property=\"og:description\" content=\"65 journaliers sur 287 ont obtenu un emploi permanent chez Gandour, un fabriquant de parfums et de produits cosm\u00e9tiques; 58 emplois sur 90 ont \u00e9galement\" \/>\n<meta property=\"og:url\" content=\"https:\/\/admin.industriall-union.org\/fr\/faire-reculer-le-travail-precaire-au-senegal\/\" \/>\n<meta property=\"og:site_name\" content=\"industriall-union\" \/>\n<meta property=\"article:modified_time\" content=\"2025-02-05T09:17:52+00:00\" \/>\n<meta name=\"twitter:card\" content=\"summary_large_image\" \/>\n<meta name=\"twitter:label1\" content=\"Est. reading time\" \/>\n\t<meta name=\"twitter:data1\" content=\"2 minutes\" \/>\n<script type=\"application\/ld+json\" class=\"yoast-schema-graph\">{\"@context\":\"https:\/\/schema.org\",\"@graph\":[{\"@type\":\"WebPage\",\"@id\":\"https:\/\/admin.industriall-union.org\/fr\/faire-reculer-le-travail-precaire-au-senegal\/\",\"url\":\"https:\/\/admin.industriall-union.org\/fr\/faire-reculer-le-travail-precaire-au-senegal\/\",\"name\":\"Faire reculer le travail pr\u00e9caire au S\u00e9n\u00e9gal - industriall-union\",\"isPartOf\":{\"@id\":\"https:\/\/admin.industriall-union.org\/#website\"},\"datePublished\":\"2017-07-03T14:03:25+00:00\",\"dateModified\":\"2025-02-05T09:17:52+00:00\",\"description\":\"65 journaliers sur 287 ont obtenu un emploi permanent chez Gandour, un fabriquant de parfums et de produits cosm\u00e9tiques; 58 emplois sur 90 ont \u00e9galement\",\"breadcrumb\":{\"@id\":\"https:\/\/admin.industriall-union.org\/fr\/faire-reculer-le-travail-precaire-au-senegal\/#breadcrumb\"},\"inLanguage\":\"fr-FR\",\"potentialAction\":[{\"@type\":\"ReadAction\",\"target\":[\"https:\/\/admin.industriall-union.org\/fr\/faire-reculer-le-travail-precaire-au-senegal\/\"]}]},{\"@type\":\"BreadcrumbList\",\"@id\":\"https:\/\/admin.industriall-union.org\/fr\/faire-reculer-le-travail-precaire-au-senegal\/#breadcrumb\",\"itemListElement\":[{\"@type\":\"ListItem\",\"position\":1,\"name\":\"Home\",\"item\":\"https:\/\/admin.industriall-union.org\/\"},{\"@type\":\"ListItem\",\"position\":2,\"name\":\"Articles\",\"item\":\"https:\/\/admin.industriall-union.org\/article\/\"},{\"@type\":\"ListItem\",\"position\":3,\"name\":\"Faire reculer le travail pr\u00e9caire au S\u00e9n\u00e9gal\"}]},{\"@type\":\"WebSite\",\"@id\":\"https:\/\/admin.industriall-union.org\/#website\",\"url\":\"https:\/\/admin.industriall-union.org\/\",\"name\":\"industriall-union\",\"description\":\"\",\"potentialAction\":[{\"@type\":\"SearchAction\",\"target\":{\"@type\":\"EntryPoint\",\"urlTemplate\":\"https:\/\/admin.industriall-union.org\/?s={search_term_string}\"},\"query-input\":{\"@type\":\"PropertyValueSpecification\",\"valueRequired\":true,\"valueName\":\"search_term_string\"}}],\"inLanguage\":\"fr-FR\"}]}<\/script>\n<!-- \/ Yoast SEO Premium plugin. -->","yoast_head_json":{"title":"Faire reculer le travail pr\u00e9caire au S\u00e9n\u00e9gal - industriall-union","description":"65 journaliers sur 287 ont obtenu un emploi permanent chez Gandour, un fabriquant de parfums et de produits cosm\u00e9tiques; 58 emplois sur 90 ont \u00e9galement","robots":{"index":"index","follow":"follow","max-snippet":"max-snippet:-1","max-image-preview":"max-image-preview:large","max-video-preview":"max-video-preview:-1"},"canonical":"https:\/\/admin.industriall-union.org\/fr\/faire-reculer-le-travail-precaire-au-senegal\/","og_locale":"fr_FR","og_type":"article","og_title":"Faire reculer le travail pr\u00e9caire au S\u00e9n\u00e9gal","og_description":"65 journaliers sur 287 ont obtenu un emploi permanent chez Gandour, un fabriquant de parfums et de produits cosm\u00e9tiques; 58 emplois sur 90 ont \u00e9galement","og_url":"https:\/\/admin.industriall-union.org\/fr\/faire-reculer-le-travail-precaire-au-senegal\/","og_site_name":"industriall-union","article_modified_time":"2025-02-05T09:17:52+00:00","twitter_card":"summary_large_image","twitter_misc":{"Est. reading time":"2 minutes"},"schema":{"@context":"https:\/\/schema.org","@graph":[{"@type":"WebPage","@id":"https:\/\/admin.industriall-union.org\/fr\/faire-reculer-le-travail-precaire-au-senegal\/","url":"https:\/\/admin.industriall-union.org\/fr\/faire-reculer-le-travail-precaire-au-senegal\/","name":"Faire reculer le travail pr\u00e9caire au S\u00e9n\u00e9gal - industriall-union","isPartOf":{"@id":"https:\/\/admin.industriall-union.org\/#website"},"datePublished":"2017-07-03T14:03:25+00:00","dateModified":"2025-02-05T09:17:52+00:00","description":"65 journaliers sur 287 ont obtenu un emploi permanent chez Gandour, un fabriquant de parfums et de produits cosm\u00e9tiques; 58 emplois sur 90 ont \u00e9galement","breadcrumb":{"@id":"https:\/\/admin.industriall-union.org\/fr\/faire-reculer-le-travail-precaire-au-senegal\/#breadcrumb"},"inLanguage":"fr-FR","potentialAction":[{"@type":"ReadAction","target":["https:\/\/admin.industriall-union.org\/fr\/faire-reculer-le-travail-precaire-au-senegal\/"]}]},{"@type":"BreadcrumbList","@id":"https:\/\/admin.industriall-union.org\/fr\/faire-reculer-le-travail-precaire-au-senegal\/#breadcrumb","itemListElement":[{"@type":"ListItem","position":1,"name":"Home","item":"https:\/\/admin.industriall-union.org\/"},{"@type":"ListItem","position":2,"name":"Articles","item":"https:\/\/admin.industriall-union.org\/article\/"},{"@type":"ListItem","position":3,"name":"Faire reculer le travail pr\u00e9caire au S\u00e9n\u00e9gal"}]},{"@type":"WebSite","@id":"https:\/\/admin.industriall-union.org\/#website","url":"https:\/\/admin.industriall-union.org\/","name":"industriall-union","description":"","potentialAction":[{"@type":"SearchAction","target":{"@type":"EntryPoint","urlTemplate":"https:\/\/admin.industriall-union.org\/?s={search_term_string}"},"query-input":{"@type":"PropertyValueSpecification","valueRequired":true,"valueName":"search_term_string"}}],"inLanguage":"fr-FR"}]}},"_links":{"self":[{"href":"https:\/\/admin.industriall-union.org\/fr\/wp-json\/wp\/v2\/article\/149590","targetHints":{"allow":["GET"]}}],"collection":[{"href":"https:\/\/admin.industriall-union.org\/fr\/wp-json\/wp\/v2\/article"}],"about":[{"href":"https:\/\/admin.industriall-union.org\/fr\/wp-json\/wp\/v2\/types\/article"}],"wp:attachment":[{"href":"https:\/\/admin.industriall-union.org\/fr\/wp-json\/wp\/v2\/media?parent=149590"}],"wp:term":[{"taxonomy":"issues","embeddable":true,"href":"https:\/\/admin.industriall-union.org\/fr\/wp-json\/wp\/v2\/issues?post=149590"},{"taxonomy":"companies","embeddable":true,"href":"https:\/\/admin.industriall-union.org\/fr\/wp-json\/wp\/v2\/companies?post=149590"},{"taxonomy":"regions","embeddable":true,"href":"https:\/\/admin.industriall-union.org\/fr\/wp-json\/wp\/v2\/regions?post=149590"},{"taxonomy":"sectors","embeddable":true,"href":"https:\/\/admin.industriall-union.org\/fr\/wp-json\/wp\/v2\/sectors?post=149590"},{"taxonomy":"article_tags","embeddable":true,"href":"https:\/\/admin.industriall-union.org\/fr\/wp-json\/wp\/v2\/article_tags?post=149590"}],"curies":[{"name":"wp","href":"https:\/\/api.w.org\/{rel}","templated":true}]}}