{"id":149554,"date":"2017-07-18T12:56:27","date_gmt":"2017-07-18T12:56:27","guid":{"rendered":"https:\/\/admin.industriall-union.org\/le-combat-pour-de-futurs-emplois-paie\/"},"modified":"2025-02-04T23:27:52","modified_gmt":"2025-02-04T23:27:52","slug":"le-combat-pour-de-futurs-emplois-paie","status":"publish","type":"article","link":"https:\/\/admin.industriall-union.org\/fr\/le-combat-pour-de-futurs-emplois-paie\/","title":{"rendered":"Le combat pour de futurs emplois paie"},"content":{"rendered":"<p>Les travailleurs et travailleuses de l&rsquo;usine Mercedes-Benz d&rsquo;Untert\u00fcrkheim avaient <a href=\"http:\/\/www.industriall-union.org\/workers-at-daimler-in-germany-fight-for-their-future-jobs\">refus\u00e9 la prestation d&rsquo;heures suppl\u00e9mentaires \u00e0 partir du 1er juillet<\/a>, craignant que la nouvelle usine de batteries ne conduise \u00e0 la perte d&rsquo;emplois.<\/p><p>Mais avec la conclusion d&rsquo;une nouvelle convention, plusieurs milliards d&rsquo;euros vont \u00eatre investis dans le futur d\u00e9veloppement du site d&rsquo;Untert\u00fcrkheim au cours des prochaines ann\u00e9es. Au total, la convention marque la cr\u00e9ation de 250 nouveaux postes dans le domaine de l&rsquo;e-mobilit\u00e9 et comporte des effets \u00e0 long terme pour la sauvegarde des emplois sur le site.<\/p><p>Pour assurer la comp\u00e9titivit\u00e9, la convention d&rsquo;entreprise conclue entre la direction de l&rsquo;usine et le conseil d&rsquo;entreprise comprend des mesures pour favoriser la flexibilit\u00e9 et l&rsquo;efficacit\u00e9. Ceci concerne par exemple l&rsquo;optimisation du temps d&rsquo;utilisation des infrastructures ainsi que des mod\u00e8les de travail post\u00e9 variables et de d\u00e9ploiement flexible de la main d&rsquo;\u0153uvre.<\/p><blockquote><p>Untert\u00fcrkheim fait un grand pas en direction de la mobilit\u00e9 \u00e9lectrique et du renforcement de nos comp\u00e9tences s&rsquo;agissant d&rsquo;alternatives en mati\u00e8re de syst\u00e8mes de propulsion. Ce sont des signaux positifs pour l&rsquo;usine d&rsquo;Untert\u00fcrkheim,<\/p><\/blockquote><p>indique Wolfgang Nieke, Pr\u00e9sident du Conseil d&rsquo;Entreprise de l&rsquo;usine Mercedes-Benz d&rsquo;Untert\u00fcrkheim.<\/p><p>Mercedes-Benz Untert\u00fcrkheim est l&rsquo;usine principale au plan mondial pour la production de groupes de propulsion et le si\u00e8ge de Daimler. Avec plus de 19.000 salari\u00e9s, l&rsquo;usine produit des moteurs, des essieux, des transmissions et des composants.<\/p><p>Helmut Lense, directeur du d\u00e9partement d&rsquo;IndustriALL pour l&rsquo;industrie automobile indique&nbsp;:<\/p><blockquote><p>Avec le passage aux voitures \u00e9lectriques, beaucoup de composants ne sont plus n\u00e9cessaires. Cette convention est un pas important dans la cr\u00e9ation de nouveaux lieux de travail venant compenser la perte de ceux existant.<\/p><\/blockquote>","protected":false},"featured_media":0,"template":"","issues":[396,398],"companies":[],"regions":[219],"sectors":[482],"article_tags":[],"class_list":["post-149554","article","type-article","status-publish","hentry","issues-building-strong-unions","issues-union-win","regions-germany","sectors-automotive"],"acf":[],"yoast_head":"<!-- This site is optimized with the Yoast SEO Premium plugin v27.1 (Yoast SEO v27.1) - https:\/\/yoast.com\/product\/yoast-seo-premium-wordpress\/ -->\n<title>Le combat pour de futurs emplois paie - industriall-union<\/title>\n<meta name=\"description\" content=\"Les travailleurs et travailleuses de l&rsquo;usine Mercedes-Benz d&rsquo;Untert\u00fcrkheim avaient refus\u00e9 la prestation d&rsquo;heures suppl\u00e9mentaires \u00e0\" \/>\n<meta name=\"robots\" content=\"index, follow, max-snippet:-1, max-image-preview:large, max-video-preview:-1\" \/>\n<link rel=\"canonical\" href=\"https:\/\/admin.industriall-union.org\/fr\/le-combat-pour-de-futurs-emplois-paie\/\" \/>\n<meta property=\"og:locale\" content=\"fr_FR\" \/>\n<meta property=\"og:type\" content=\"article\" \/>\n<meta property=\"og:title\" content=\"Le combat pour de futurs emplois paie\" \/>\n<meta property=\"og:description\" content=\"Les travailleurs et travailleuses de l&rsquo;usine Mercedes-Benz d&rsquo;Untert\u00fcrkheim avaient refus\u00e9 la prestation d&rsquo;heures suppl\u00e9mentaires \u00e0\" \/>\n<meta property=\"og:url\" content=\"https:\/\/admin.industriall-union.org\/fr\/le-combat-pour-de-futurs-emplois-paie\/\" \/>\n<meta property=\"og:site_name\" content=\"industriall-union\" \/>\n<meta property=\"article:modified_time\" content=\"2025-02-04T23:27:52+00:00\" \/>\n<meta name=\"twitter:card\" content=\"summary_large_image\" \/>\n<meta name=\"twitter:label1\" content=\"Est. reading time\" \/>\n\t<meta name=\"twitter:data1\" content=\"2 minutes\" \/>\n<script type=\"application\/ld+json\" class=\"yoast-schema-graph\">{\"@context\":\"https:\/\/schema.org\",\"@graph\":[{\"@type\":\"WebPage\",\"@id\":\"https:\/\/admin.industriall-union.org\/fr\/le-combat-pour-de-futurs-emplois-paie\/\",\"url\":\"https:\/\/admin.industriall-union.org\/fr\/le-combat-pour-de-futurs-emplois-paie\/\",\"name\":\"Le combat pour de futurs emplois paie - industriall-union\",\"isPartOf\":{\"@id\":\"https:\/\/admin.industriall-union.org\/#website\"},\"datePublished\":\"2017-07-18T12:56:27+00:00\",\"dateModified\":\"2025-02-04T23:27:52+00:00\",\"description\":\"Les travailleurs et travailleuses de l&rsquo;usine Mercedes-Benz d&rsquo;Untert\u00fcrkheim avaient refus\u00e9 la prestation d&rsquo;heures suppl\u00e9mentaires \u00e0\",\"breadcrumb\":{\"@id\":\"https:\/\/admin.industriall-union.org\/fr\/le-combat-pour-de-futurs-emplois-paie\/#breadcrumb\"},\"inLanguage\":\"fr-FR\",\"potentialAction\":[{\"@type\":\"ReadAction\",\"target\":[\"https:\/\/admin.industriall-union.org\/fr\/le-combat-pour-de-futurs-emplois-paie\/\"]}]},{\"@type\":\"BreadcrumbList\",\"@id\":\"https:\/\/admin.industriall-union.org\/fr\/le-combat-pour-de-futurs-emplois-paie\/#breadcrumb\",\"itemListElement\":[{\"@type\":\"ListItem\",\"position\":1,\"name\":\"Home\",\"item\":\"https:\/\/admin.industriall-union.org\/\"},{\"@type\":\"ListItem\",\"position\":2,\"name\":\"Articles\",\"item\":\"https:\/\/admin.industriall-union.org\/article\/\"},{\"@type\":\"ListItem\",\"position\":3,\"name\":\"Le combat pour de futurs emplois paie\"}]},{\"@type\":\"WebSite\",\"@id\":\"https:\/\/admin.industriall-union.org\/#website\",\"url\":\"https:\/\/admin.industriall-union.org\/\",\"name\":\"industriall-union\",\"description\":\"\",\"potentialAction\":[{\"@type\":\"SearchAction\",\"target\":{\"@type\":\"EntryPoint\",\"urlTemplate\":\"https:\/\/admin.industriall-union.org\/?s={search_term_string}\"},\"query-input\":{\"@type\":\"PropertyValueSpecification\",\"valueRequired\":true,\"valueName\":\"search_term_string\"}}],\"inLanguage\":\"fr-FR\"}]}<\/script>\n<!-- \/ Yoast SEO Premium plugin. -->","yoast_head_json":{"title":"Le combat pour de futurs emplois paie - industriall-union","description":"Les travailleurs et travailleuses de l&rsquo;usine Mercedes-Benz d&rsquo;Untert\u00fcrkheim avaient refus\u00e9 la prestation d&rsquo;heures suppl\u00e9mentaires \u00e0","robots":{"index":"index","follow":"follow","max-snippet":"max-snippet:-1","max-image-preview":"max-image-preview:large","max-video-preview":"max-video-preview:-1"},"canonical":"https:\/\/admin.industriall-union.org\/fr\/le-combat-pour-de-futurs-emplois-paie\/","og_locale":"fr_FR","og_type":"article","og_title":"Le combat pour de futurs emplois paie","og_description":"Les travailleurs et travailleuses de l&rsquo;usine Mercedes-Benz d&rsquo;Untert\u00fcrkheim avaient refus\u00e9 la prestation d&rsquo;heures suppl\u00e9mentaires \u00e0","og_url":"https:\/\/admin.industriall-union.org\/fr\/le-combat-pour-de-futurs-emplois-paie\/","og_site_name":"industriall-union","article_modified_time":"2025-02-04T23:27:52+00:00","twitter_card":"summary_large_image","twitter_misc":{"Est. reading time":"2 minutes"},"schema":{"@context":"https:\/\/schema.org","@graph":[{"@type":"WebPage","@id":"https:\/\/admin.industriall-union.org\/fr\/le-combat-pour-de-futurs-emplois-paie\/","url":"https:\/\/admin.industriall-union.org\/fr\/le-combat-pour-de-futurs-emplois-paie\/","name":"Le combat pour de futurs emplois paie - industriall-union","isPartOf":{"@id":"https:\/\/admin.industriall-union.org\/#website"},"datePublished":"2017-07-18T12:56:27+00:00","dateModified":"2025-02-04T23:27:52+00:00","description":"Les travailleurs et travailleuses de l&rsquo;usine Mercedes-Benz d&rsquo;Untert\u00fcrkheim avaient refus\u00e9 la prestation d&rsquo;heures suppl\u00e9mentaires \u00e0","breadcrumb":{"@id":"https:\/\/admin.industriall-union.org\/fr\/le-combat-pour-de-futurs-emplois-paie\/#breadcrumb"},"inLanguage":"fr-FR","potentialAction":[{"@type":"ReadAction","target":["https:\/\/admin.industriall-union.org\/fr\/le-combat-pour-de-futurs-emplois-paie\/"]}]},{"@type":"BreadcrumbList","@id":"https:\/\/admin.industriall-union.org\/fr\/le-combat-pour-de-futurs-emplois-paie\/#breadcrumb","itemListElement":[{"@type":"ListItem","position":1,"name":"Home","item":"https:\/\/admin.industriall-union.org\/"},{"@type":"ListItem","position":2,"name":"Articles","item":"https:\/\/admin.industriall-union.org\/article\/"},{"@type":"ListItem","position":3,"name":"Le combat pour de futurs emplois paie"}]},{"@type":"WebSite","@id":"https:\/\/admin.industriall-union.org\/#website","url":"https:\/\/admin.industriall-union.org\/","name":"industriall-union","description":"","potentialAction":[{"@type":"SearchAction","target":{"@type":"EntryPoint","urlTemplate":"https:\/\/admin.industriall-union.org\/?s={search_term_string}"},"query-input":{"@type":"PropertyValueSpecification","valueRequired":true,"valueName":"search_term_string"}}],"inLanguage":"fr-FR"}]}},"_links":{"self":[{"href":"https:\/\/admin.industriall-union.org\/fr\/wp-json\/wp\/v2\/article\/149554","targetHints":{"allow":["GET"]}}],"collection":[{"href":"https:\/\/admin.industriall-union.org\/fr\/wp-json\/wp\/v2\/article"}],"about":[{"href":"https:\/\/admin.industriall-union.org\/fr\/wp-json\/wp\/v2\/types\/article"}],"wp:attachment":[{"href":"https:\/\/admin.industriall-union.org\/fr\/wp-json\/wp\/v2\/media?parent=149554"}],"wp:term":[{"taxonomy":"issues","embeddable":true,"href":"https:\/\/admin.industriall-union.org\/fr\/wp-json\/wp\/v2\/issues?post=149554"},{"taxonomy":"companies","embeddable":true,"href":"https:\/\/admin.industriall-union.org\/fr\/wp-json\/wp\/v2\/companies?post=149554"},{"taxonomy":"regions","embeddable":true,"href":"https:\/\/admin.industriall-union.org\/fr\/wp-json\/wp\/v2\/regions?post=149554"},{"taxonomy":"sectors","embeddable":true,"href":"https:\/\/admin.industriall-union.org\/fr\/wp-json\/wp\/v2\/sectors?post=149554"},{"taxonomy":"article_tags","embeddable":true,"href":"https:\/\/admin.industriall-union.org\/fr\/wp-json\/wp\/v2\/article_tags?post=149554"}],"curies":[{"name":"wp","href":"https:\/\/api.w.org\/{rel}","templated":true}]}}