{"id":149553,"date":"2017-07-19T11:50:33","date_gmt":"2017-07-19T11:50:33","guid":{"rendered":"https:\/\/admin.industriall-union.org\/le-combat-contre-le-travail-precaire-continue\/"},"modified":"2025-02-04T23:27:29","modified_gmt":"2025-02-04T23:27:29","slug":"le-combat-contre-le-travail-precaire-continue","status":"publish","type":"article","link":"https:\/\/admin.industriall-union.org\/fr\/le-combat-contre-le-travail-precaire-continue\/","title":{"rendered":"Le combat contre le travail pr\u00e9caire continue"},"content":{"rendered":"<p>Une <a href=\"https:\/\/www.theguardian.com\/uk-news\/2017\/jul\/05\/zero-hours-contracts-affect-young-peoples-health-study-finds\">\u00e9tude<\/a> r\u00e9cente au Royaume-Uni montre que les jeunes gens employ\u00e9s sous le r\u00e9gime de contrats z\u00e9ro heure sont davantage susceptibles d&rsquo;avoir une sant\u00e9 mentale et physique d\u00e9grad\u00e9e par rapport \u00e0 leurs semblables jouissant d&rsquo;un emploi plus stable. Parmi les impacts n\u00e9gatifs des contrats z\u00e9ro heure sur la sant\u00e9, on retrouve la pression financi\u00e8re et l&rsquo;anxi\u00e9t\u00e9.<\/p><p>En novembre 2016, les contrats z\u00e9ro heure constituaient 6% des formules d&rsquo;emploi au Royaume-Uni. 43% des travailleurs et travailleuses au Royaume-Uni sont tributaires d&rsquo;un emploi pr\u00e9caire. Au sein de l&rsquo;Union Europ\u00e9enne, l&rsquo;emploi type sur base de contrats permanents \u00e0 temps plein n&rsquo;a cess\u00e9 de diminuer au cours des dix derni\u00e8res ann\u00e9es, passant de 62 \u00e0 59%. La crise a conduit \u00e0 l&rsquo;augmentation de l&rsquo;emploi temporaire et \u00e0 temps partiel sur base non-volontaire.<\/p><blockquote><p>&ldquo;Il est temps de se d\u00e9barrasser de l&rsquo;aberration en termes de dignit\u00e9 humaine que sont les contrats z\u00e9ro heure.&rdquo; `<\/p><\/blockquote><p>a martel\u00e9 Len McCluskey, Secr\u00e9taire g\u00e9n\u00e9ral du Syndicat Unite, ce 8 juillet 2017.<\/p><p><strong>Les syndicats r\u00e9agissent fermement<\/strong>.<\/p><p>Au Royaume-Uni, les syndicats m\u00e8nent des actions contre le travail pr\u00e9caire, notamment en insistant aupr\u00e8s du gouvernement pour qu&rsquo;il interdise les contrats z\u00e9ro heure abusifs.<\/p><p>En Allemagne, IG Metall a n\u00e9goci\u00e9 en mai un accord avec les associations d&rsquo;employeurs qui permettra aux travailleurs et travailleuses int\u00e9rimaires occup\u00e9s dans les industries du m\u00e9tal et de l&rsquo;\u00e9lectricit\u00e9 de percevoir un suppl\u00e9ment de 65%, de sorte \u00e0 atteindre la m\u00eame r\u00e9mun\u00e9ration que les salari\u00e9s permanents. La nouvelle convention permet \u00e9galement aux travailleurs et travailleuses int\u00e9rimaires d&rsquo;acc\u00e9der plus facilement au statut de salari\u00e9 permanent au bout de 24 mois.<\/p><p>Le parlement europ\u00e9en a r\u00e9cemment adopt\u00e9 diff\u00e9rentes r\u00e9solutions qui soulignent le d\u00e9clin de la qualit\u00e9 des emplois en raison du travail pr\u00e9caire. Le 4 juillet, les membres du Parlement europ\u00e9en ont adopt\u00e9 une nouvelle <a href=\"http:\/\/www.europarl.europa.eu\/sides\/getDoc.do?pubRef=-\/\/EP\/\/TEXT+REPORT+A8-2017-0224+0+DOC+XML+V0\/\/FR\">r\u00e9solution<\/a><u> n<\/u><a href=\"http:\/\/www.europarl.europa.eu\/sides\/getDoc.do?type=REPORT&amp;reference=A8-2017-0224&amp;language=EN\">on l\u00e9gislative<\/a> recommandant des am\u00e9liorations des conditions de travail et s&rsquo;attaquant \u00e0 la probl\u00e9matique de l&rsquo;emploi pr\u00e9caire, y compris le travail non d\u00e9clar\u00e9 et les faux ind\u00e9pendants.<\/p><p>Ces recommandations reprennent le respect d&rsquo;une s\u00e9rie de normes minimales de protection sociale, un salaire minimum et l&rsquo;acc\u00e8s \u00e0 de la formation pour am\u00e9liorer la qualit\u00e9 des emplois non conventionnels, des efforts redoubl\u00e9s pour combattre le travail au noir, les faux ind\u00e9pendants et toute forme ill\u00e9gale d&rsquo;emploi, ainsi que des mesures pour pr\u00e9venir les contrats z\u00e9ro heure.<\/p><p>En Australie, un emploi permanent \u00e0 temps plein est maintenant l&rsquo;apanage de moins de 50% de la population active du pays. 23% des travailleurs et travailleuses du secteur manufacturier sont maintenant occasionnels alors que dans les ann\u00e9es 1980, le ph\u00e9nom\u00e8ne \u00e9tait virtuellement inexistant. Les salari\u00e9s occasionnels du secteur manufacturier jouissent du &ldquo;droit \u00e0 r\u00e9clamer&rdquo; la conversion en statut permanent depuis pr\u00e8s de vingt ans.<\/p><p>Cependant, la plupart des salari\u00e9s sont dans l&rsquo;ignorance de ce droit, sachant que les employeurs n&rsquo;ont aucune obligation de les en informer. Quand bien m\u00eame, ces travailleurs et travailleuses craignent de perdre leur emploi en cas d&rsquo;exercice de ce droit.<\/p><p>Les syndicats ont lanc\u00e9 des proc\u00e9dures aupr\u00e8s de la Commission pour l&rsquo;Emploi \u00e9quitable afin de tenter d&rsquo;am\u00e9liorer les perspectives d&rsquo;emploi permanent pour les occasionnels du secteur manufacturier, en rendant obligatoire le statut permanent au bout de six mois de prestations r\u00e9guli\u00e8res et d&rsquo;\u00e9tendre ce droit aux travailleurs d&rsquo;autres secteurs.<\/p><p>Ce 5 juillet, la Commission australienne pour l&rsquo;Emploi \u00e9quitable a act\u00e9 une d\u00e9cision sur l&rsquo;emploi occasionnel qui laisse les droits des salari\u00e9s du secteur manufacturier plus ou moins inchang\u00e9s mais avec la diff\u00e9rence que la Commission peut faire une recommandation dans le cas o\u00f9 un travailleur ou une travailleuse occasionnel(le) se verrait refuser le droit au statut permanent. Cependant, les employeurs confront\u00e9s \u00e0 une telle recommandation ne sont pas oblig\u00e9s de la suivre.<\/p><p>M\u00eame si cette d\u00e9cision ne prend pas en compte de nombreuses revendications des syndicats, elle a donn\u00e9 un plus grand allant \u00e0 la campagne des syndicats australiens en vue Changer les R\u00e8gles. Les affili\u00e9s d&rsquo;IndustriALL vont mener campagne pour Changer les R\u00e8gles d&rsquo;ici aux prochaines \u00e9lections (f\u00e9d\u00e9rales) de 2019, et au-del\u00e0.<\/p><p>Le travail occasionnel et en sous-traitance reste une probl\u00e9matique significative et en augmentation en Asie. Aux Philippines, les syndicats font campagne pour l\u00e9gif\u00e9rer contre le ph\u00e9nom\u00e8ne du passage \u00e0 la sous-traitance dans le pays.<\/p><p>Ce 1er mai, plus de 3.000 travailleurs et travailleurs ont men\u00e9 une mobilisation. Des dirigeants syndicaux ont \u00e9t\u00e9 invit\u00e9s \u00e0 un d\u00e9bat organis\u00e9 par le Cabinet du Pr\u00e9sident, qui s&rsquo;est tenu \u00e0 Davao, dans la r\u00e9gion de Mindanao. Un nouveau D\u00e9cret (DO 174-2017) a \u00e9t\u00e9 publi\u00e9 par le Minist\u00e8re de l&rsquo;Emploi et du Travail en mars 2017. Ce nouveau D\u00e9cret l\u00e9gitime en partie le recrutement de salari\u00e9s sous-traitants par le biais d&rsquo;agences. Ceci a amen\u00e9 les syndicats \u00e0 en appeler au Pr\u00e9sident des Philippines pour qu&rsquo;il publie un D\u00e9cret pr\u00e9sidentiel interdisant la conversion \u00e0 la sous-traitance.<\/p><p>Dans le cadre de ce dialogue, le Pr\u00e9sident a demand\u00e9 aux syndicats de r\u00e9diger un projet de D\u00e9cret pr\u00e9sidentiel interdisant la conversion \u00e0 la sous-traitance. Ce projet a depuis \u00e9t\u00e9 soumis au Cabinet du Pr\u00e9sident pour examen et plus ample d\u00e9bat.<\/p><p>Les syndicats attendent toujours les commentaires du Pr\u00e9sident sur leur projet. Ils font \u00e9galement campagne pour l&rsquo;adoption d&rsquo;une loi sur la s\u00e9curit\u00e9 d&rsquo;occupation afin de restreindre le travail pr\u00e9caire et les contrats \u00e0 court terme ainsi que le travail int\u00e9rimaire, qui est examin\u00e9e au Parlement depuis plusieurs ann\u00e9es.<\/p><blockquote><p>&ldquo;Agissons ce 7 octobre partout dans le monde pour afficher \u00e0 nouveau notre engagement uni \u00e0 stopper le travail pr\u00e9caire. Les syndicats doivent continuer \u00e0 mobiliser et \u00e0 r\u00e9agir fermement par rapport \u00e0 l&rsquo;augmentation du travail pr\u00e9caire de par le monde. Avec le d\u00e9veloppement des mod\u00e8les de cha\u00eenes mondiales d&rsquo;approvisionnement et la num\u00e9risation, le probl\u00e8me pourrait s&rsquo;\u00e9tendre de mani\u00e8re incontr\u00f4lable,&rdquo;<\/p><\/blockquote><p>a indiqu\u00e9 Valter Sanches, Secr\u00e9taire g\u00e9n\u00e9ral d&rsquo;IndustriALL<\/p>","protected":false},"featured_media":0,"template":"","issues":[415],"companies":[],"regions":[157,202,219,184,251],"sectors":[],"article_tags":[535],"class_list":["post-149553","article","type-article","status-publish","hentry","issues-stop-precarious-work","regions-australia","regions-europe","regions-germany","regions-philippines","regions-united-kingdom","article_tags-world-day-for-decent-work-wddw"],"acf":[],"yoast_head":"<!-- This site is optimized with the Yoast SEO Premium plugin v27.1 (Yoast SEO v27.1) - https:\/\/yoast.com\/product\/yoast-seo-premium-wordpress\/ -->\n<title>Le combat contre le travail pr\u00e9caire continue - industriall-union<\/title>\n<meta name=\"description\" content=\"Une \u00e9tude r\u00e9cente au Royaume-Uni montre que les jeunes gens employ\u00e9s sous le r\u00e9gime de contrats z\u00e9ro heure sont davantage susceptibles d&rsquo;avoir une\" \/>\n<meta name=\"robots\" content=\"index, follow, max-snippet:-1, max-image-preview:large, max-video-preview:-1\" \/>\n<link rel=\"canonical\" href=\"https:\/\/admin.industriall-union.org\/fr\/le-combat-contre-le-travail-precaire-continue\/\" \/>\n<meta property=\"og:locale\" content=\"fr_FR\" \/>\n<meta property=\"og:type\" content=\"article\" \/>\n<meta property=\"og:title\" content=\"Le combat contre le travail pr\u00e9caire continue\" \/>\n<meta property=\"og:description\" content=\"Une \u00e9tude r\u00e9cente au Royaume-Uni montre que les jeunes gens employ\u00e9s sous le r\u00e9gime de contrats z\u00e9ro heure sont davantage susceptibles d&rsquo;avoir une\" \/>\n<meta property=\"og:url\" content=\"https:\/\/admin.industriall-union.org\/fr\/le-combat-contre-le-travail-precaire-continue\/\" \/>\n<meta property=\"og:site_name\" content=\"industriall-union\" \/>\n<meta property=\"article:modified_time\" content=\"2025-02-04T23:27:29+00:00\" \/>\n<meta name=\"twitter:card\" content=\"summary_large_image\" \/>\n<meta name=\"twitter:label1\" content=\"Est. reading time\" \/>\n\t<meta name=\"twitter:data1\" content=\"6 minutes\" \/>\n<script type=\"application\/ld+json\" class=\"yoast-schema-graph\">{\"@context\":\"https:\/\/schema.org\",\"@graph\":[{\"@type\":\"WebPage\",\"@id\":\"https:\/\/admin.industriall-union.org\/fr\/le-combat-contre-le-travail-precaire-continue\/\",\"url\":\"https:\/\/admin.industriall-union.org\/fr\/le-combat-contre-le-travail-precaire-continue\/\",\"name\":\"Le combat contre le travail pr\u00e9caire continue - industriall-union\",\"isPartOf\":{\"@id\":\"https:\/\/admin.industriall-union.org\/#website\"},\"datePublished\":\"2017-07-19T11:50:33+00:00\",\"dateModified\":\"2025-02-04T23:27:29+00:00\",\"description\":\"Une \u00e9tude r\u00e9cente au Royaume-Uni montre que les jeunes gens employ\u00e9s sous le r\u00e9gime de contrats z\u00e9ro heure sont davantage susceptibles d&rsquo;avoir une\",\"breadcrumb\":{\"@id\":\"https:\/\/admin.industriall-union.org\/fr\/le-combat-contre-le-travail-precaire-continue\/#breadcrumb\"},\"inLanguage\":\"fr-FR\",\"potentialAction\":[{\"@type\":\"ReadAction\",\"target\":[\"https:\/\/admin.industriall-union.org\/fr\/le-combat-contre-le-travail-precaire-continue\/\"]}]},{\"@type\":\"BreadcrumbList\",\"@id\":\"https:\/\/admin.industriall-union.org\/fr\/le-combat-contre-le-travail-precaire-continue\/#breadcrumb\",\"itemListElement\":[{\"@type\":\"ListItem\",\"position\":1,\"name\":\"Home\",\"item\":\"https:\/\/admin.industriall-union.org\/\"},{\"@type\":\"ListItem\",\"position\":2,\"name\":\"Articles\",\"item\":\"https:\/\/admin.industriall-union.org\/article\/\"},{\"@type\":\"ListItem\",\"position\":3,\"name\":\"Le combat contre le travail pr\u00e9caire continue\"}]},{\"@type\":\"WebSite\",\"@id\":\"https:\/\/admin.industriall-union.org\/#website\",\"url\":\"https:\/\/admin.industriall-union.org\/\",\"name\":\"industriall-union\",\"description\":\"\",\"potentialAction\":[{\"@type\":\"SearchAction\",\"target\":{\"@type\":\"EntryPoint\",\"urlTemplate\":\"https:\/\/admin.industriall-union.org\/?s={search_term_string}\"},\"query-input\":{\"@type\":\"PropertyValueSpecification\",\"valueRequired\":true,\"valueName\":\"search_term_string\"}}],\"inLanguage\":\"fr-FR\"}]}<\/script>\n<!-- \/ Yoast SEO Premium plugin. -->","yoast_head_json":{"title":"Le combat contre le travail pr\u00e9caire continue - industriall-union","description":"Une \u00e9tude r\u00e9cente au Royaume-Uni montre que les jeunes gens employ\u00e9s sous le r\u00e9gime de contrats z\u00e9ro heure sont davantage susceptibles d&rsquo;avoir une","robots":{"index":"index","follow":"follow","max-snippet":"max-snippet:-1","max-image-preview":"max-image-preview:large","max-video-preview":"max-video-preview:-1"},"canonical":"https:\/\/admin.industriall-union.org\/fr\/le-combat-contre-le-travail-precaire-continue\/","og_locale":"fr_FR","og_type":"article","og_title":"Le combat contre le travail pr\u00e9caire continue","og_description":"Une \u00e9tude r\u00e9cente au Royaume-Uni montre que les jeunes gens employ\u00e9s sous le r\u00e9gime de contrats z\u00e9ro heure sont davantage susceptibles d&rsquo;avoir une","og_url":"https:\/\/admin.industriall-union.org\/fr\/le-combat-contre-le-travail-precaire-continue\/","og_site_name":"industriall-union","article_modified_time":"2025-02-04T23:27:29+00:00","twitter_card":"summary_large_image","twitter_misc":{"Est. reading time":"6 minutes"},"schema":{"@context":"https:\/\/schema.org","@graph":[{"@type":"WebPage","@id":"https:\/\/admin.industriall-union.org\/fr\/le-combat-contre-le-travail-precaire-continue\/","url":"https:\/\/admin.industriall-union.org\/fr\/le-combat-contre-le-travail-precaire-continue\/","name":"Le combat contre le travail pr\u00e9caire continue - industriall-union","isPartOf":{"@id":"https:\/\/admin.industriall-union.org\/#website"},"datePublished":"2017-07-19T11:50:33+00:00","dateModified":"2025-02-04T23:27:29+00:00","description":"Une \u00e9tude r\u00e9cente au Royaume-Uni montre que les jeunes gens employ\u00e9s sous le r\u00e9gime de contrats z\u00e9ro heure sont davantage susceptibles d&rsquo;avoir une","breadcrumb":{"@id":"https:\/\/admin.industriall-union.org\/fr\/le-combat-contre-le-travail-precaire-continue\/#breadcrumb"},"inLanguage":"fr-FR","potentialAction":[{"@type":"ReadAction","target":["https:\/\/admin.industriall-union.org\/fr\/le-combat-contre-le-travail-precaire-continue\/"]}]},{"@type":"BreadcrumbList","@id":"https:\/\/admin.industriall-union.org\/fr\/le-combat-contre-le-travail-precaire-continue\/#breadcrumb","itemListElement":[{"@type":"ListItem","position":1,"name":"Home","item":"https:\/\/admin.industriall-union.org\/"},{"@type":"ListItem","position":2,"name":"Articles","item":"https:\/\/admin.industriall-union.org\/article\/"},{"@type":"ListItem","position":3,"name":"Le combat contre le travail pr\u00e9caire continue"}]},{"@type":"WebSite","@id":"https:\/\/admin.industriall-union.org\/#website","url":"https:\/\/admin.industriall-union.org\/","name":"industriall-union","description":"","potentialAction":[{"@type":"SearchAction","target":{"@type":"EntryPoint","urlTemplate":"https:\/\/admin.industriall-union.org\/?s={search_term_string}"},"query-input":{"@type":"PropertyValueSpecification","valueRequired":true,"valueName":"search_term_string"}}],"inLanguage":"fr-FR"}]}},"_links":{"self":[{"href":"https:\/\/admin.industriall-union.org\/fr\/wp-json\/wp\/v2\/article\/149553","targetHints":{"allow":["GET"]}}],"collection":[{"href":"https:\/\/admin.industriall-union.org\/fr\/wp-json\/wp\/v2\/article"}],"about":[{"href":"https:\/\/admin.industriall-union.org\/fr\/wp-json\/wp\/v2\/types\/article"}],"wp:attachment":[{"href":"https:\/\/admin.industriall-union.org\/fr\/wp-json\/wp\/v2\/media?parent=149553"}],"wp:term":[{"taxonomy":"issues","embeddable":true,"href":"https:\/\/admin.industriall-union.org\/fr\/wp-json\/wp\/v2\/issues?post=149553"},{"taxonomy":"companies","embeddable":true,"href":"https:\/\/admin.industriall-union.org\/fr\/wp-json\/wp\/v2\/companies?post=149553"},{"taxonomy":"regions","embeddable":true,"href":"https:\/\/admin.industriall-union.org\/fr\/wp-json\/wp\/v2\/regions?post=149553"},{"taxonomy":"sectors","embeddable":true,"href":"https:\/\/admin.industriall-union.org\/fr\/wp-json\/wp\/v2\/sectors?post=149553"},{"taxonomy":"article_tags","embeddable":true,"href":"https:\/\/admin.industriall-union.org\/fr\/wp-json\/wp\/v2\/article_tags?post=149553"}],"curies":[{"name":"wp","href":"https:\/\/api.w.org\/{rel}","templated":true}]}}