{"id":149455,"date":"2017-09-05T13:50:28","date_gmt":"2017-09-05T13:50:28","guid":{"rendered":"https:\/\/admin.industriall-union.org\/iran-liberez-les-syndicalistes-emprisonnes-reza-shahabi-et-esmail-abdi\/"},"modified":"2025-02-04T21:29:45","modified_gmt":"2025-02-04T21:29:45","slug":"iran-liberez-les-syndicalistes-emprisonnes-reza-shahabi-et-esmail-abdi","status":"publish","type":"article","link":"https:\/\/admin.industriall-union.org\/fr\/iran-liberez-les-syndicalistes-emprisonnes-reza-shahabi-et-esmail-abdi\/","title":{"rendered":"Iran : lib\u00e9rez les syndicalistes emprisonn\u00e9s Reza Shahabi et Esmail Abdi"},"content":{"rendered":"<p>Le Syndicat des m\u00e9tallurgistes et des m\u00e9caniciens d&rsquo;Iran (UMMI), un affili\u00e9 d&rsquo;IndustriALL, a publi\u00e9 un appel \u00e0 la solidarit\u00e9 en faveur de la lib\u00e9ration des militants syndicaux Reza Shahabi et Esmail Abdi, ainsi que de la fin de la r\u00e9pression des syndicats.<\/p><p>IndustriALL exhorte ses affili\u00e9s et sympathisants \u00e0 apporter leur soutien \u00e0 cet appel. Signez la&nbsp; <a href=\"https:\/\/www.labourstartcampaigns.net\/show_campaign.cgi?c=3542\">p\u00e9tition de LabourStart<\/a> ou envoyez votre propre courrier et participez \u00e0 la conscientisation sur la situation en Iran. Les investissements \u00e9trangers coulent \u00e0 flot dans le pays, dans le sillage de l&rsquo;accord sur le nucl\u00e9aire, mais le pays n&rsquo;honore pas les droits syndicaux fondamentaux.<\/p><p>Le Secr\u00e9taire g\u00e9n\u00e9ral d&rsquo;IndustriALL Valter Sanches a \u00e9crit au Pr\u00e9sident de l&rsquo;Iran&nbsp;:<\/p><blockquote><p>&ldquo;Nous avons re\u00e7u d&rsquo;inqui\u00e9tantes nouvelles indiquant la pers\u00e9cution, allant jusqu&rsquo;\u00e0 la d\u00e9tention, de travailleurs et de leaders syndicalistes pour l&rsquo;exercice de leurs droits syndicaux fondamentaux. C&rsquo;est dans cette perspective que nous appelons \u00e0 la lib\u00e9ration imm\u00e9diate et inconditionnelle des travailleurs et travailleuses emprisonn\u00e9s, dont Ismail Abdi et Reza Shahabi.<\/p><p>&ldquo;IndustriALL Global Union, une fois encore, exhorte le Gouvernement de l&rsquo;Iran \u00e0 ratifier la Convention de l&rsquo;OIT n&deg; 87 sur la Libert\u00e9 syndicale et la protection du droit syndical ainsi que la Convention n&deg; 98 sur le Droit d&rsquo;organisation et de n\u00e9gociation collective. Ceci constitue un appel sans d\u00e9tour pour que votre r\u00e9gime garantisse le droit des travailleurs et travailleuses \u00e0 adh\u00e9rer \u00e0 un syndicat et \u00e0 jouir de la protection qu&rsquo;apporte la n\u00e9gociation collective.<\/p><p>&ldquo;Nous attendons de votre administration qu&rsquo;elle agisse promptement pour favoriser un climat propice \u00e0 la promotion et au respect sans restriction des droits syndicaux.&rdquo;<\/p><\/blockquote><p><a href=\"http:\/\/www.itfglobal.org\/fr\/news-events\/news\/2016\/march\/itf-condemns-shahabi-jail-sentence\/\">Reza Shahabi est le tr\u00e9sorier du Syndicat des travailleurs de la soci\u00e9t\u00e9 de bus de T\u00e9h\u00e9ran et de sa banlieu<\/a><u>e<\/u>. En prison sur base politique pour activit\u00e9s syndicales depuis 2010, au motif de &ldquo;collusion contre les services de s\u00e9curit\u00e9&rdquo; et &ldquo;propagande&rdquo;, il \u00e9tait en permission pour raisons m\u00e9dicales apr\u00e8s avoir subi de graves mauvais traitements lors de sa d\u00e9tention.<\/p><p>On lui a refus\u00e9 la prolongation de sa permission pour motif m\u00e9dical et il est maintenant de retour en prison. Sa d\u00e9tention a \u00e9t\u00e9 prolong\u00e9e de 968 jours comme suite \u00e0 sa permission. Shahabi s&rsquo;est joint \u00e0 une gr\u00e8ve de la faim le 9 ao\u00fbt.<\/p><p><a href=\"https:\/\/www.ei-ie.org\/fr\/detail\/15071\/iran-action-urgente-requise-pour-faire-lib%C3%A9rer-un-enseignant-syndicaliste\">Esmail Abdi est un dirigeant de l&rsquo;Association professionnelle des enseignants de T\u00e9h\u00e9ran<\/a>.<\/p><p>Il purge une peine de six ans de prison sur base de fausses accusations. Apr\u00e8s 38 jours de gr\u00e8ve de la faim, il a \u00e9t\u00e9 transf\u00e9r\u00e9 \u00e0 l&rsquo;h\u00f4pital mais pour \u00eatre renvoy\u00e9 \u00e0 la prison d&rsquo;Evin seulement deux jours plus tard.<\/p><p>Des restrictions sans pr\u00e9c\u00e9dent ont \u00e9t\u00e9 impos\u00e9es aux syndicats ouvriers au cours de cette ann\u00e9e&nbsp;: en avril, Maziar Gilani-Nejad, un membre de l&rsquo;UMMI, a \u00e9t\u00e9 convoqu\u00e9 par le Tribunal r\u00e9volutionnaire. Il a ensuite \u00e9t\u00e9 acquitt\u00e9.<\/p><p>Shapour Ehsani Rad, un membre du Syndicat libre des travailleurs d&rsquo;Iran, a \u00e9t\u00e9 condamn\u00e9 \u00e0 de la prison et \u00e0 recevoir des coups de fouet.<\/p><p>Les parties ayant fourni les cautions de Ja&rsquo;far Azimzadeh du Syndicat libre d&rsquo;Iran et Mahmoud Beheshti Langroudi de l&rsquo;Association professionnelle des enseignants iraniens, ont \u00e9t\u00e9 mises sous pression de sorte \u00e0 forcer le retour en prison de ces syndicalistes.<\/p><p>Hamid Sharghi, un autre membre de l&rsquo;UMMI, est en libert\u00e9 conditionnelle dans l&rsquo;attente de son proc\u00e8s. Ali Akbar Baghani, membre de l&rsquo;Association professionnelle des enseignants de T\u00e9h\u00e9ran est en exil. Des mandats d&rsquo;arr\u00eat ont \u00e9t\u00e9 \u00e9mis \u00e0 l&rsquo;encontre de Ebrahim Madadi et Daoud Razavi, membres du Syndicat des travailleurs de la compagnie de bus de T\u00e9h\u00e9ran.<\/p><p>Dans un communiqu\u00e9, l&rsquo;UMMI a d\u00e9clar\u00e9&nbsp;:<\/p><blockquote><p>&ldquo;Nous exigeons le respect de la loi et la lib\u00e9ration de tous les prisonniers de conscience et issus du mouvement syndical. Nous soulignons que la responsabilit\u00e9 du bien-\u00eatre de ces syndicalistes repose sur les autorit\u00e9s qui ont prononc\u00e9 de telles sentences.<\/p><p>&ldquo;Les menaces, les arrestations et m\u00eame les exactions ne pourront pas nous \u00e9loigner de la voie que nous nous sommes trac\u00e9e. Nous tenons bon dans la d\u00e9fense de nos principes et ferons tous ce qui est en notre pouvoir pour obtenir la lib\u00e9ration de nos camarades.<\/p><p>&ldquo;Les \u00e9preuves, le danger, la mort, la victoire ou l&rsquo;\u00e9chec sont de l&rsquo;ordre du possible. Cependant, nous ne battrons pas en retraite s&rsquo;agissant de d\u00e9fendre l&rsquo;id\u00e9al des travailleurs.&rdquo;<\/p><\/blockquote>","protected":false},"featured_media":0,"template":"","issues":[422,420],"companies":[],"regions":[292,288],"sectors":[],"article_tags":[],"class_list":["post-149455","article","type-article","status-publish","hentry","issues-human-trade-union-rights","issues-solidarity","regions-iran","regions-middle-east-and-north-africa"],"acf":[],"yoast_head":"<!-- This site is optimized with the Yoast SEO Premium plugin v27.1 (Yoast SEO v27.1) - https:\/\/yoast.com\/product\/yoast-seo-premium-wordpress\/ -->\n<title>Iran : lib\u00e9rez les syndicalistes emprisonn\u00e9s Reza Shahabi et Esmail Abdi - industriall-union<\/title>\n<meta name=\"description\" content=\"Le Syndicat des m\u00e9tallurgistes et des m\u00e9caniciens d&rsquo;Iran (UMMI), un affili\u00e9 d&rsquo;IndustriALL, a publi\u00e9 un appel \u00e0 la solidarit\u00e9 en faveur de la\" \/>\n<meta name=\"robots\" content=\"index, follow, max-snippet:-1, max-image-preview:large, max-video-preview:-1\" \/>\n<link rel=\"canonical\" href=\"https:\/\/admin.industriall-union.org\/fr\/iran-liberez-les-syndicalistes-emprisonnes-reza-shahabi-et-esmail-abdi\/\" \/>\n<meta property=\"og:locale\" content=\"fr_FR\" \/>\n<meta property=\"og:type\" content=\"article\" \/>\n<meta property=\"og:title\" content=\"Iran : lib\u00e9rez les syndicalistes emprisonn\u00e9s Reza Shahabi et Esmail Abdi\" \/>\n<meta property=\"og:description\" content=\"Le Syndicat des m\u00e9tallurgistes et des m\u00e9caniciens d&rsquo;Iran (UMMI), un affili\u00e9 d&rsquo;IndustriALL, a publi\u00e9 un appel \u00e0 la solidarit\u00e9 en faveur de la\" \/>\n<meta property=\"og:url\" content=\"https:\/\/admin.industriall-union.org\/fr\/iran-liberez-les-syndicalistes-emprisonnes-reza-shahabi-et-esmail-abdi\/\" \/>\n<meta property=\"og:site_name\" content=\"industriall-union\" \/>\n<meta property=\"article:modified_time\" content=\"2025-02-04T21:29:45+00:00\" \/>\n<meta name=\"twitter:card\" content=\"summary_large_image\" \/>\n<meta name=\"twitter:label1\" content=\"Est. reading time\" \/>\n\t<meta name=\"twitter:data1\" content=\"4 minutes\" \/>\n<script type=\"application\/ld+json\" class=\"yoast-schema-graph\">{\"@context\":\"https:\/\/schema.org\",\"@graph\":[{\"@type\":\"WebPage\",\"@id\":\"https:\/\/admin.industriall-union.org\/fr\/iran-liberez-les-syndicalistes-emprisonnes-reza-shahabi-et-esmail-abdi\/\",\"url\":\"https:\/\/admin.industriall-union.org\/fr\/iran-liberez-les-syndicalistes-emprisonnes-reza-shahabi-et-esmail-abdi\/\",\"name\":\"Iran : lib\u00e9rez les syndicalistes emprisonn\u00e9s Reza Shahabi et Esmail Abdi - industriall-union\",\"isPartOf\":{\"@id\":\"https:\/\/admin.industriall-union.org\/#website\"},\"datePublished\":\"2017-09-05T13:50:28+00:00\",\"dateModified\":\"2025-02-04T21:29:45+00:00\",\"description\":\"Le Syndicat des m\u00e9tallurgistes et des m\u00e9caniciens d&rsquo;Iran (UMMI), un affili\u00e9 d&rsquo;IndustriALL, a publi\u00e9 un appel \u00e0 la solidarit\u00e9 en faveur de la\",\"breadcrumb\":{\"@id\":\"https:\/\/admin.industriall-union.org\/fr\/iran-liberez-les-syndicalistes-emprisonnes-reza-shahabi-et-esmail-abdi\/#breadcrumb\"},\"inLanguage\":\"fr-FR\",\"potentialAction\":[{\"@type\":\"ReadAction\",\"target\":[\"https:\/\/admin.industriall-union.org\/fr\/iran-liberez-les-syndicalistes-emprisonnes-reza-shahabi-et-esmail-abdi\/\"]}]},{\"@type\":\"BreadcrumbList\",\"@id\":\"https:\/\/admin.industriall-union.org\/fr\/iran-liberez-les-syndicalistes-emprisonnes-reza-shahabi-et-esmail-abdi\/#breadcrumb\",\"itemListElement\":[{\"@type\":\"ListItem\",\"position\":1,\"name\":\"Home\",\"item\":\"https:\/\/admin.industriall-union.org\/\"},{\"@type\":\"ListItem\",\"position\":2,\"name\":\"Articles\",\"item\":\"https:\/\/admin.industriall-union.org\/article\/\"},{\"@type\":\"ListItem\",\"position\":3,\"name\":\"Iran : lib\u00e9rez les syndicalistes emprisonn\u00e9s Reza Shahabi et Esmail Abdi\"}]},{\"@type\":\"WebSite\",\"@id\":\"https:\/\/admin.industriall-union.org\/#website\",\"url\":\"https:\/\/admin.industriall-union.org\/\",\"name\":\"industriall-union\",\"description\":\"\",\"potentialAction\":[{\"@type\":\"SearchAction\",\"target\":{\"@type\":\"EntryPoint\",\"urlTemplate\":\"https:\/\/admin.industriall-union.org\/?s={search_term_string}\"},\"query-input\":{\"@type\":\"PropertyValueSpecification\",\"valueRequired\":true,\"valueName\":\"search_term_string\"}}],\"inLanguage\":\"fr-FR\"}]}<\/script>\n<!-- \/ Yoast SEO Premium plugin. -->","yoast_head_json":{"title":"Iran : lib\u00e9rez les syndicalistes emprisonn\u00e9s Reza Shahabi et Esmail Abdi - industriall-union","description":"Le Syndicat des m\u00e9tallurgistes et des m\u00e9caniciens d&rsquo;Iran (UMMI), un affili\u00e9 d&rsquo;IndustriALL, a publi\u00e9 un appel \u00e0 la solidarit\u00e9 en faveur de la","robots":{"index":"index","follow":"follow","max-snippet":"max-snippet:-1","max-image-preview":"max-image-preview:large","max-video-preview":"max-video-preview:-1"},"canonical":"https:\/\/admin.industriall-union.org\/fr\/iran-liberez-les-syndicalistes-emprisonnes-reza-shahabi-et-esmail-abdi\/","og_locale":"fr_FR","og_type":"article","og_title":"Iran : lib\u00e9rez les syndicalistes emprisonn\u00e9s Reza Shahabi et Esmail Abdi","og_description":"Le Syndicat des m\u00e9tallurgistes et des m\u00e9caniciens d&rsquo;Iran (UMMI), un affili\u00e9 d&rsquo;IndustriALL, a publi\u00e9 un appel \u00e0 la solidarit\u00e9 en faveur de la","og_url":"https:\/\/admin.industriall-union.org\/fr\/iran-liberez-les-syndicalistes-emprisonnes-reza-shahabi-et-esmail-abdi\/","og_site_name":"industriall-union","article_modified_time":"2025-02-04T21:29:45+00:00","twitter_card":"summary_large_image","twitter_misc":{"Est. reading time":"4 minutes"},"schema":{"@context":"https:\/\/schema.org","@graph":[{"@type":"WebPage","@id":"https:\/\/admin.industriall-union.org\/fr\/iran-liberez-les-syndicalistes-emprisonnes-reza-shahabi-et-esmail-abdi\/","url":"https:\/\/admin.industriall-union.org\/fr\/iran-liberez-les-syndicalistes-emprisonnes-reza-shahabi-et-esmail-abdi\/","name":"Iran : lib\u00e9rez les syndicalistes emprisonn\u00e9s Reza Shahabi et Esmail Abdi - industriall-union","isPartOf":{"@id":"https:\/\/admin.industriall-union.org\/#website"},"datePublished":"2017-09-05T13:50:28+00:00","dateModified":"2025-02-04T21:29:45+00:00","description":"Le Syndicat des m\u00e9tallurgistes et des m\u00e9caniciens d&rsquo;Iran (UMMI), un affili\u00e9 d&rsquo;IndustriALL, a publi\u00e9 un appel \u00e0 la solidarit\u00e9 en faveur de la","breadcrumb":{"@id":"https:\/\/admin.industriall-union.org\/fr\/iran-liberez-les-syndicalistes-emprisonnes-reza-shahabi-et-esmail-abdi\/#breadcrumb"},"inLanguage":"fr-FR","potentialAction":[{"@type":"ReadAction","target":["https:\/\/admin.industriall-union.org\/fr\/iran-liberez-les-syndicalistes-emprisonnes-reza-shahabi-et-esmail-abdi\/"]}]},{"@type":"BreadcrumbList","@id":"https:\/\/admin.industriall-union.org\/fr\/iran-liberez-les-syndicalistes-emprisonnes-reza-shahabi-et-esmail-abdi\/#breadcrumb","itemListElement":[{"@type":"ListItem","position":1,"name":"Home","item":"https:\/\/admin.industriall-union.org\/"},{"@type":"ListItem","position":2,"name":"Articles","item":"https:\/\/admin.industriall-union.org\/article\/"},{"@type":"ListItem","position":3,"name":"Iran : lib\u00e9rez les syndicalistes emprisonn\u00e9s Reza Shahabi et Esmail Abdi"}]},{"@type":"WebSite","@id":"https:\/\/admin.industriall-union.org\/#website","url":"https:\/\/admin.industriall-union.org\/","name":"industriall-union","description":"","potentialAction":[{"@type":"SearchAction","target":{"@type":"EntryPoint","urlTemplate":"https:\/\/admin.industriall-union.org\/?s={search_term_string}"},"query-input":{"@type":"PropertyValueSpecification","valueRequired":true,"valueName":"search_term_string"}}],"inLanguage":"fr-FR"}]}},"_links":{"self":[{"href":"https:\/\/admin.industriall-union.org\/fr\/wp-json\/wp\/v2\/article\/149455","targetHints":{"allow":["GET"]}}],"collection":[{"href":"https:\/\/admin.industriall-union.org\/fr\/wp-json\/wp\/v2\/article"}],"about":[{"href":"https:\/\/admin.industriall-union.org\/fr\/wp-json\/wp\/v2\/types\/article"}],"wp:attachment":[{"href":"https:\/\/admin.industriall-union.org\/fr\/wp-json\/wp\/v2\/media?parent=149455"}],"wp:term":[{"taxonomy":"issues","embeddable":true,"href":"https:\/\/admin.industriall-union.org\/fr\/wp-json\/wp\/v2\/issues?post=149455"},{"taxonomy":"companies","embeddable":true,"href":"https:\/\/admin.industriall-union.org\/fr\/wp-json\/wp\/v2\/companies?post=149455"},{"taxonomy":"regions","embeddable":true,"href":"https:\/\/admin.industriall-union.org\/fr\/wp-json\/wp\/v2\/regions?post=149455"},{"taxonomy":"sectors","embeddable":true,"href":"https:\/\/admin.industriall-union.org\/fr\/wp-json\/wp\/v2\/sectors?post=149455"},{"taxonomy":"article_tags","embeddable":true,"href":"https:\/\/admin.industriall-union.org\/fr\/wp-json\/wp\/v2\/article_tags?post=149455"}],"curies":[{"name":"wp","href":"https:\/\/api.w.org\/{rel}","templated":true}]}}