{"id":149416,"date":"2017-09-14T11:19:18","date_gmt":"2017-09-14T11:19:18","guid":{"rendered":"https:\/\/admin.industriall-union.org\/afrique-du-sud-greve-contre-le-travail-precaire-dans-le-secteur-du-plastique\/"},"modified":"2025-02-04T21:02:41","modified_gmt":"2025-02-04T21:02:41","slug":"afrique-du-sud-greve-contre-le-travail-precaire-dans-le-secteur-du-plastique","status":"publish","type":"article","link":"https:\/\/admin.industriall-union.org\/fr\/afrique-du-sud-greve-contre-le-travail-precaire-dans-le-secteur-du-plastique\/","title":{"rendered":"Afrique du Sud : gr\u00e8ve contre le travail pr\u00e9caire dans le secteur du plastique"},"content":{"rendered":"<p>Chez Mpact, 140 travailleurs en sous-traitance revendiquaient un salaire \u00e9gal, \u00e9tant moins pay\u00e9s que les salari\u00e9s permanents. En solidarit\u00e9, les travailleurs permanents les ont rejoints dans leur revendication d&rsquo;un taux \u00e9quivalent \u00e0 3 dollars de l&rsquo;heure, au lieu de 1,50 actuellement. Ils voulaient \u00e9galement que leurs emplois deviennent permanents et ne plus prester en tant que salari\u00e9s de courtiers en main-d&rsquo;\u0153uvre. Apr\u00e8s une r\u00e9cente victoire judiciaire du NUMSA, les courtiers en main-d&rsquo;\u0153uvre ne peuvent plus employer de travailleurs pendant plus de trois mois. Si ce devait \u00eatre le cas, ceux-ci deviendraient salari\u00e9s permanents sur leurs lieux de travail.<\/p><p>Le NUMSA commente&nbsp;: &ldquo;Nous rendons hommage aux salari\u00e9s permanents de Mpact pour l&rsquo;expression de leur soutien \u00e0 leurs camarades en embrayant sur une gr\u00e8ve de solidarit\u00e9&rdquo;.<\/p><p>Chez Flexible Plastics les travailleurs \u00e9taient pay\u00e9s 0,69 dollars de l&rsquo;heure pour un total de 122 dollars par mois. C&rsquo;est en dessous du salaire minimum national tel qu&rsquo;il est propos\u00e9 \u00e0 270 dollars et qui entrera en vigueur \u00e0 partir de mai 2018.<\/p><p>Selon la NMWRI (Initiative de recherche sur le salaire minimum national) de l&rsquo;Universit\u00e9 de Witwatersrand, \u00e0 Johannesburg, un salaire de 318 dollars est n\u00e9cessaire pour amener les travailleurs et les personnes \u00e0 leur charge au-dessus du seuil de pauvret\u00e9. Les \u00e9tudes de la NMWRI ont conclu qu&rsquo;environ cinq millions et demi de travailleurs d&rsquo;Afrique du Sud, qui comptent parfois chacun jusqu&rsquo;\u00e0 dix membres de leur famille \u00e0 charge, \u00e9taient des &ldquo;travailleurs pauvres&rdquo; en raison des bas salaires.<\/p><p>Le Secr\u00e9taire r\u00e9gional d&rsquo;IndustriALL pour l&rsquo;Afrique sub-saharienne, Fabian Nkomo, a d\u00e9clar\u00e9&nbsp;: &ldquo;Nous soutenons l&rsquo;appel du NUMSA en faveur d&rsquo;emplois permanents, d&rsquo;une revalorisation des salaires et d&rsquo;une am\u00e9lioration des conditions de travail dans le secteur du plastique&rdquo;.<\/p>","protected":false},"featured_media":0,"template":"","issues":[416,415],"companies":[],"regions":[350],"sectors":[478],"article_tags":[],"class_list":["post-149416","article","type-article","status-publish","hentry","issues-living-wage","issues-stop-precarious-work","regions-south-africa","sectors-plastics"],"acf":[],"yoast_head":"<!-- This site is optimized with the Yoast SEO Premium plugin v27.1 (Yoast SEO v27.1) - https:\/\/yoast.com\/product\/yoast-seo-premium-wordpress\/ -->\n<title>Afrique du Sud : gr\u00e8ve contre le travail pr\u00e9caire dans le secteur du plastique - industriall-union<\/title>\n<meta name=\"description\" content=\"Chez Mpact, 140 travailleurs en sous-traitance revendiquaient un salaire \u00e9gal, \u00e9tant moins pay\u00e9s que les salari\u00e9s permanents. En solidarit\u00e9, les\" \/>\n<meta name=\"robots\" content=\"index, follow, max-snippet:-1, max-image-preview:large, max-video-preview:-1\" \/>\n<link rel=\"canonical\" href=\"https:\/\/admin.industriall-union.org\/fr\/afrique-du-sud-greve-contre-le-travail-precaire-dans-le-secteur-du-plastique\/\" \/>\n<meta property=\"og:locale\" content=\"fr_FR\" \/>\n<meta property=\"og:type\" content=\"article\" \/>\n<meta property=\"og:title\" content=\"Afrique du Sud : gr\u00e8ve contre le travail pr\u00e9caire dans le secteur du plastique\" \/>\n<meta property=\"og:description\" content=\"Chez Mpact, 140 travailleurs en sous-traitance revendiquaient un salaire \u00e9gal, \u00e9tant moins pay\u00e9s que les salari\u00e9s permanents. En solidarit\u00e9, les\" \/>\n<meta property=\"og:url\" content=\"https:\/\/admin.industriall-union.org\/fr\/afrique-du-sud-greve-contre-le-travail-precaire-dans-le-secteur-du-plastique\/\" \/>\n<meta property=\"og:site_name\" content=\"industriall-union\" \/>\n<meta property=\"article:modified_time\" content=\"2025-02-04T21:02:41+00:00\" \/>\n<meta name=\"twitter:card\" content=\"summary_large_image\" \/>\n<meta name=\"twitter:label1\" content=\"Est. reading time\" \/>\n\t<meta name=\"twitter:data1\" content=\"2 minutes\" \/>\n<script type=\"application\/ld+json\" class=\"yoast-schema-graph\">{\"@context\":\"https:\/\/schema.org\",\"@graph\":[{\"@type\":\"WebPage\",\"@id\":\"https:\/\/admin.industriall-union.org\/fr\/afrique-du-sud-greve-contre-le-travail-precaire-dans-le-secteur-du-plastique\/\",\"url\":\"https:\/\/admin.industriall-union.org\/fr\/afrique-du-sud-greve-contre-le-travail-precaire-dans-le-secteur-du-plastique\/\",\"name\":\"Afrique du Sud : gr\u00e8ve contre le travail pr\u00e9caire dans le secteur du plastique - industriall-union\",\"isPartOf\":{\"@id\":\"https:\/\/admin.industriall-union.org\/#website\"},\"datePublished\":\"2017-09-14T11:19:18+00:00\",\"dateModified\":\"2025-02-04T21:02:41+00:00\",\"description\":\"Chez Mpact, 140 travailleurs en sous-traitance revendiquaient un salaire \u00e9gal, \u00e9tant moins pay\u00e9s que les salari\u00e9s permanents. En solidarit\u00e9, les\",\"breadcrumb\":{\"@id\":\"https:\/\/admin.industriall-union.org\/fr\/afrique-du-sud-greve-contre-le-travail-precaire-dans-le-secteur-du-plastique\/#breadcrumb\"},\"inLanguage\":\"fr-FR\",\"potentialAction\":[{\"@type\":\"ReadAction\",\"target\":[\"https:\/\/admin.industriall-union.org\/fr\/afrique-du-sud-greve-contre-le-travail-precaire-dans-le-secteur-du-plastique\/\"]}]},{\"@type\":\"BreadcrumbList\",\"@id\":\"https:\/\/admin.industriall-union.org\/fr\/afrique-du-sud-greve-contre-le-travail-precaire-dans-le-secteur-du-plastique\/#breadcrumb\",\"itemListElement\":[{\"@type\":\"ListItem\",\"position\":1,\"name\":\"Home\",\"item\":\"https:\/\/admin.industriall-union.org\/\"},{\"@type\":\"ListItem\",\"position\":2,\"name\":\"Articles\",\"item\":\"https:\/\/admin.industriall-union.org\/article\/\"},{\"@type\":\"ListItem\",\"position\":3,\"name\":\"Afrique du Sud : gr\u00e8ve contre le travail pr\u00e9caire dans le secteur du plastique\"}]},{\"@type\":\"WebSite\",\"@id\":\"https:\/\/admin.industriall-union.org\/#website\",\"url\":\"https:\/\/admin.industriall-union.org\/\",\"name\":\"industriall-union\",\"description\":\"\",\"potentialAction\":[{\"@type\":\"SearchAction\",\"target\":{\"@type\":\"EntryPoint\",\"urlTemplate\":\"https:\/\/admin.industriall-union.org\/?s={search_term_string}\"},\"query-input\":{\"@type\":\"PropertyValueSpecification\",\"valueRequired\":true,\"valueName\":\"search_term_string\"}}],\"inLanguage\":\"fr-FR\"}]}<\/script>\n<!-- \/ Yoast SEO Premium plugin. -->","yoast_head_json":{"title":"Afrique du Sud : gr\u00e8ve contre le travail pr\u00e9caire dans le secteur du plastique - industriall-union","description":"Chez Mpact, 140 travailleurs en sous-traitance revendiquaient un salaire \u00e9gal, \u00e9tant moins pay\u00e9s que les salari\u00e9s permanents. En solidarit\u00e9, les","robots":{"index":"index","follow":"follow","max-snippet":"max-snippet:-1","max-image-preview":"max-image-preview:large","max-video-preview":"max-video-preview:-1"},"canonical":"https:\/\/admin.industriall-union.org\/fr\/afrique-du-sud-greve-contre-le-travail-precaire-dans-le-secteur-du-plastique\/","og_locale":"fr_FR","og_type":"article","og_title":"Afrique du Sud : gr\u00e8ve contre le travail pr\u00e9caire dans le secteur du plastique","og_description":"Chez Mpact, 140 travailleurs en sous-traitance revendiquaient un salaire \u00e9gal, \u00e9tant moins pay\u00e9s que les salari\u00e9s permanents. En solidarit\u00e9, les","og_url":"https:\/\/admin.industriall-union.org\/fr\/afrique-du-sud-greve-contre-le-travail-precaire-dans-le-secteur-du-plastique\/","og_site_name":"industriall-union","article_modified_time":"2025-02-04T21:02:41+00:00","twitter_card":"summary_large_image","twitter_misc":{"Est. reading time":"2 minutes"},"schema":{"@context":"https:\/\/schema.org","@graph":[{"@type":"WebPage","@id":"https:\/\/admin.industriall-union.org\/fr\/afrique-du-sud-greve-contre-le-travail-precaire-dans-le-secteur-du-plastique\/","url":"https:\/\/admin.industriall-union.org\/fr\/afrique-du-sud-greve-contre-le-travail-precaire-dans-le-secteur-du-plastique\/","name":"Afrique du Sud : gr\u00e8ve contre le travail pr\u00e9caire dans le secteur du plastique - industriall-union","isPartOf":{"@id":"https:\/\/admin.industriall-union.org\/#website"},"datePublished":"2017-09-14T11:19:18+00:00","dateModified":"2025-02-04T21:02:41+00:00","description":"Chez Mpact, 140 travailleurs en sous-traitance revendiquaient un salaire \u00e9gal, \u00e9tant moins pay\u00e9s que les salari\u00e9s permanents. En solidarit\u00e9, les","breadcrumb":{"@id":"https:\/\/admin.industriall-union.org\/fr\/afrique-du-sud-greve-contre-le-travail-precaire-dans-le-secteur-du-plastique\/#breadcrumb"},"inLanguage":"fr-FR","potentialAction":[{"@type":"ReadAction","target":["https:\/\/admin.industriall-union.org\/fr\/afrique-du-sud-greve-contre-le-travail-precaire-dans-le-secteur-du-plastique\/"]}]},{"@type":"BreadcrumbList","@id":"https:\/\/admin.industriall-union.org\/fr\/afrique-du-sud-greve-contre-le-travail-precaire-dans-le-secteur-du-plastique\/#breadcrumb","itemListElement":[{"@type":"ListItem","position":1,"name":"Home","item":"https:\/\/admin.industriall-union.org\/"},{"@type":"ListItem","position":2,"name":"Articles","item":"https:\/\/admin.industriall-union.org\/article\/"},{"@type":"ListItem","position":3,"name":"Afrique du Sud : gr\u00e8ve contre le travail pr\u00e9caire dans le secteur du plastique"}]},{"@type":"WebSite","@id":"https:\/\/admin.industriall-union.org\/#website","url":"https:\/\/admin.industriall-union.org\/","name":"industriall-union","description":"","potentialAction":[{"@type":"SearchAction","target":{"@type":"EntryPoint","urlTemplate":"https:\/\/admin.industriall-union.org\/?s={search_term_string}"},"query-input":{"@type":"PropertyValueSpecification","valueRequired":true,"valueName":"search_term_string"}}],"inLanguage":"fr-FR"}]}},"_links":{"self":[{"href":"https:\/\/admin.industriall-union.org\/fr\/wp-json\/wp\/v2\/article\/149416","targetHints":{"allow":["GET"]}}],"collection":[{"href":"https:\/\/admin.industriall-union.org\/fr\/wp-json\/wp\/v2\/article"}],"about":[{"href":"https:\/\/admin.industriall-union.org\/fr\/wp-json\/wp\/v2\/types\/article"}],"wp:attachment":[{"href":"https:\/\/admin.industriall-union.org\/fr\/wp-json\/wp\/v2\/media?parent=149416"}],"wp:term":[{"taxonomy":"issues","embeddable":true,"href":"https:\/\/admin.industriall-union.org\/fr\/wp-json\/wp\/v2\/issues?post=149416"},{"taxonomy":"companies","embeddable":true,"href":"https:\/\/admin.industriall-union.org\/fr\/wp-json\/wp\/v2\/companies?post=149416"},{"taxonomy":"regions","embeddable":true,"href":"https:\/\/admin.industriall-union.org\/fr\/wp-json\/wp\/v2\/regions?post=149416"},{"taxonomy":"sectors","embeddable":true,"href":"https:\/\/admin.industriall-union.org\/fr\/wp-json\/wp\/v2\/sectors?post=149416"},{"taxonomy":"article_tags","embeddable":true,"href":"https:\/\/admin.industriall-union.org\/fr\/wp-json\/wp\/v2\/article_tags?post=149416"}],"curies":[{"name":"wp","href":"https:\/\/api.w.org\/{rel}","templated":true}]}}