{"id":149388,"date":"2017-09-26T15:44:47","date_gmt":"2017-09-26T15:44:47","guid":{"rendered":"https:\/\/admin.industriall-union.org\/les-syndicats-de-l-automobile-indiens-vont-renforcer-le-dialogue-social-et-la-puissance-syndicale\/"},"modified":"2025-02-04T20:38:50","modified_gmt":"2025-02-04T20:38:50","slug":"les-syndicats-de-l-automobile-indiens-vont-renforcer-le-dialogue-social-et-la-puissance-syndicale","status":"publish","type":"article","link":"https:\/\/admin.industriall-union.org\/fr\/les-syndicats-de-l-automobile-indiens-vont-renforcer-le-dialogue-social-et-la-puissance-syndicale\/","title":{"rendered":"Les syndicats de l\u2019automobile indiens vont renforcer le dialogue social et la puissance syndicale"},"content":{"rendered":"<p>Cet atelier et cette r\u00e9union de planification strat\u00e9gique ont vu la participation active de d\u00e9l\u00e9gu\u00e9s syndicaux en provenance \u00e0 la fois des constructeurs automobiles indiens et multinationaux des p\u00f4les industriels de Chennai, Bangalore, Pune et Gurgaon.<\/p><p>Les d\u00e9l\u00e9gu\u00e9s syndicaux ont soulign\u00e9 l&rsquo;espace r\u00e9duit pour le dialogue social dans le secteur automobile. Le manque de reconnaissance du fait syndical, tout aussi bien que de confiance et respect ou de s\u00e9curit\u00e9 d&rsquo;emploi ainsi qu&rsquo;un espace restreint pour \u00e9voquer le travail pr\u00e9caire ou encore le manque de transparence par rapport aux informations propres aux entreprises handicapent un dialogue social efficace.<\/p><p>Georg Leutert, Directeur du d\u00e9partement automobile d&rsquo;IndustriALL indique&nbsp;:<\/p><blockquote><p>Le dialogue social est primordial pour \u00e9tablir un d\u00e9veloppement \u00e9conomique \u00e9quitable. Il offre un partenariat et une dignit\u00e9 aux salari\u00e9s et est porteur de sens du point de vue des affaires. \u00c9tant donn\u00e9 la pr\u00e9sence massive du travail pr\u00e9caire et de bas salaires au niveau des entreprises automobiles indiennes, il n&rsquo;y aura pas de progr\u00e8s si nous en restons l\u00e0. Nous avons besoin d&rsquo;une force syndicale unie pour nous assurer nos droits.<\/p><\/blockquote><p>Les participants ont \u00e9galement soulign\u00e9 que la l\u00e9gislation du travail offre un espace pour les droits syndicaux mais que son absence de v\u00e9ritable application et une administration passive entravent le dialogue social.<\/p><p>Valter Sanches, Secr\u00e9taire g\u00e9n\u00e9ral d&rsquo;IndustriALL a d\u00e9clar\u00e9&nbsp;:<\/p><blockquote><p>Il est choquant de constater que les travailleurs et travailleuses pr\u00e9caires forment la masse des salari\u00e9s au sein des entreprises automobiles en Inde. Cela doit changer&nbsp;: les travailleurs et travailleuses sont confront\u00e9s \u00e0 un \u00e9norme d\u00e9fi pour s&rsquo;assurer leur droit \u00e0 la libert\u00e9 syndicale et \u00e0 la n\u00e9gociation collective.<\/p><p>IndustriALL salue, encourage et soutient l&rsquo;initiative consistant \u00e0 b\u00e2tir la structure d&rsquo;un r\u00e9seau unifi\u00e9 destin\u00e9 \u00e0 faire avancer la cause des travailleurs en mati\u00e8re de coop\u00e9ration, d&rsquo;unit\u00e9 et de solidarit\u00e9. C&rsquo;est la meilleure mani\u00e8re de combattre les entreprises qui essaient de monter les travailleurs les uns contre les autres.<\/p><\/blockquote><p>Des repr\u00e9sentants des directions d&rsquo;entreprises comme Bharat Benz, Ford India, Skoda, BMW et Volkswagen \u00e9taient pr\u00e9sents. S&rsquo;agissant du travail pr\u00e9caire, ils ont indiqu\u00e9 que tous les acteurs du secteur automobile, y compris les principaux constructeurs, devraient se retrouver autour d&rsquo;une table pour d\u00e9terminer une position commune afin de dire stop au travail pr\u00e9caire.<\/p><p>Apoorva Kaiwar, Secr\u00e9taire r\u00e9gionale d&rsquo;IndustriALL a d\u00e9clar\u00e9&nbsp;:<\/p><blockquote><p>Il y a tr\u00e8s peu de femmes au sein de l&rsquo;industrie automobile en Inde. Il faut qu&rsquo;il y ait un environnement propice dans les usines pour encourager le recrutement de davantage de travailleuses.<\/p><\/blockquote><p>D\u00e9battant des questions de sant\u00e9 et s\u00e9curit\u00e9 professionnelles, les d\u00e9l\u00e9gu\u00e9s syndicaux ont soulign\u00e9 le besoin de construire une capacit\u00e9 et une comp\u00e9tence syndicale afin de pouvoir agir. Les participants ont d\u00e9cid\u00e9 de renforcer le r\u00e9seau, de partager les informations et de b\u00e2tir des structures organisationnelles pour am\u00e9liorer la solidarit\u00e9 entre les syndicats de l&rsquo;automobile.<\/p><p>Ils ont exprim\u00e9 leur solidarit\u00e9 avec les travailleurs de Maruti Suzuki emprisonn\u00e9s et ont r\u00e9solu de soutenir les efforts visant \u00e0 obtenir leur lib\u00e9ration.<\/p><p>R Kuchelan de l&rsquo;affili\u00e9 d&rsquo;IndustriALL WPTUC a d\u00e9clar\u00e9 &nbsp;:<\/p><blockquote><p>F\u00e9licitations \u00e0 IndustriALL pour avoir r\u00e9uni les repr\u00e9sentants syndicaux de l&rsquo;automobile, car une action coordonn\u00e9e est n\u00e9cessaire. Des \u00e9volutions technologiques rapides au sein du secteur automobiles et l&rsquo;introduction de v\u00e9hicules \u00e9lectriques posent des d\u00e9fis en termes de s\u00e9curit\u00e9 et de volume d&rsquo;emploi. Une action syndicale unie est primordiale pour d\u00e9fendre les droits des travailleurs au niveau du secteur automobile indien.<\/p><\/blockquote><p>Cette rencontre \u00e9tait organis\u00e9e avec le soutien de la Fondation Friedrich Ebert. Les participants ont \u00e9galement visit\u00e9 l&rsquo;usine Daimler India situ\u00e9e \u00e0 Oragadam pour y tenir des discussions avec des responsables de l&rsquo;entreprise et des d\u00e9l\u00e9gu\u00e9s syndicaux.<\/p>","protected":false},"featured_media":0,"template":"","issues":[396,415],"companies":[],"regions":[166],"sectors":[482],"article_tags":[],"class_list":["post-149388","article","type-article","status-publish","hentry","issues-building-strong-unions","issues-stop-precarious-work","regions-india","sectors-automotive"],"acf":[],"yoast_head":"<!-- This site is optimized with the Yoast SEO Premium plugin v27.1 (Yoast SEO v27.1) - https:\/\/yoast.com\/product\/yoast-seo-premium-wordpress\/ -->\n<title>Les syndicats de l\u2019automobile indiens vont renforcer le dialogue social et la puissance syndicale - industriall-union<\/title>\n<meta name=\"description\" content=\"Cet atelier et cette r\u00e9union de planification strat\u00e9gique ont vu la participation active de d\u00e9l\u00e9gu\u00e9s syndicaux en provenance \u00e0 la fois des constructeurs\" \/>\n<meta name=\"robots\" content=\"index, follow, max-snippet:-1, max-image-preview:large, max-video-preview:-1\" \/>\n<link rel=\"canonical\" href=\"https:\/\/admin.industriall-union.org\/fr\/les-syndicats-de-l-automobile-indiens-vont-renforcer-le-dialogue-social-et-la-puissance-syndicale\/\" \/>\n<meta property=\"og:locale\" content=\"fr_FR\" \/>\n<meta property=\"og:type\" content=\"article\" \/>\n<meta property=\"og:title\" content=\"Les syndicats de l\u2019automobile indiens vont renforcer le dialogue social et la puissance syndicale\" \/>\n<meta property=\"og:description\" content=\"Cet atelier et cette r\u00e9union de planification strat\u00e9gique ont vu la participation active de d\u00e9l\u00e9gu\u00e9s syndicaux en provenance \u00e0 la fois des constructeurs\" \/>\n<meta property=\"og:url\" content=\"https:\/\/admin.industriall-union.org\/fr\/les-syndicats-de-l-automobile-indiens-vont-renforcer-le-dialogue-social-et-la-puissance-syndicale\/\" \/>\n<meta property=\"og:site_name\" content=\"industriall-union\" \/>\n<meta property=\"article:modified_time\" content=\"2025-02-04T20:38:50+00:00\" \/>\n<meta name=\"twitter:card\" content=\"summary_large_image\" \/>\n<meta name=\"twitter:label1\" content=\"Est. reading time\" \/>\n\t<meta name=\"twitter:data1\" content=\"4 minutes\" \/>\n<script type=\"application\/ld+json\" class=\"yoast-schema-graph\">{\"@context\":\"https:\/\/schema.org\",\"@graph\":[{\"@type\":\"WebPage\",\"@id\":\"https:\/\/admin.industriall-union.org\/fr\/les-syndicats-de-l-automobile-indiens-vont-renforcer-le-dialogue-social-et-la-puissance-syndicale\/\",\"url\":\"https:\/\/admin.industriall-union.org\/fr\/les-syndicats-de-l-automobile-indiens-vont-renforcer-le-dialogue-social-et-la-puissance-syndicale\/\",\"name\":\"Les syndicats de l\u2019automobile indiens vont renforcer le dialogue social et la puissance syndicale - industriall-union\",\"isPartOf\":{\"@id\":\"https:\/\/admin.industriall-union.org\/#website\"},\"datePublished\":\"2017-09-26T15:44:47+00:00\",\"dateModified\":\"2025-02-04T20:38:50+00:00\",\"description\":\"Cet atelier et cette r\u00e9union de planification strat\u00e9gique ont vu la participation active de d\u00e9l\u00e9gu\u00e9s syndicaux en provenance \u00e0 la fois des constructeurs\",\"breadcrumb\":{\"@id\":\"https:\/\/admin.industriall-union.org\/fr\/les-syndicats-de-l-automobile-indiens-vont-renforcer-le-dialogue-social-et-la-puissance-syndicale\/#breadcrumb\"},\"inLanguage\":\"fr-FR\",\"potentialAction\":[{\"@type\":\"ReadAction\",\"target\":[\"https:\/\/admin.industriall-union.org\/fr\/les-syndicats-de-l-automobile-indiens-vont-renforcer-le-dialogue-social-et-la-puissance-syndicale\/\"]}]},{\"@type\":\"BreadcrumbList\",\"@id\":\"https:\/\/admin.industriall-union.org\/fr\/les-syndicats-de-l-automobile-indiens-vont-renforcer-le-dialogue-social-et-la-puissance-syndicale\/#breadcrumb\",\"itemListElement\":[{\"@type\":\"ListItem\",\"position\":1,\"name\":\"Home\",\"item\":\"https:\/\/admin.industriall-union.org\/\"},{\"@type\":\"ListItem\",\"position\":2,\"name\":\"Articles\",\"item\":\"https:\/\/admin.industriall-union.org\/article\/\"},{\"@type\":\"ListItem\",\"position\":3,\"name\":\"Les syndicats de l\u2019automobile indiens vont renforcer le dialogue social et la puissance syndicale\"}]},{\"@type\":\"WebSite\",\"@id\":\"https:\/\/admin.industriall-union.org\/#website\",\"url\":\"https:\/\/admin.industriall-union.org\/\",\"name\":\"industriall-union\",\"description\":\"\",\"potentialAction\":[{\"@type\":\"SearchAction\",\"target\":{\"@type\":\"EntryPoint\",\"urlTemplate\":\"https:\/\/admin.industriall-union.org\/?s={search_term_string}\"},\"query-input\":{\"@type\":\"PropertyValueSpecification\",\"valueRequired\":true,\"valueName\":\"search_term_string\"}}],\"inLanguage\":\"fr-FR\"}]}<\/script>\n<!-- \/ Yoast SEO Premium plugin. -->","yoast_head_json":{"title":"Les syndicats de l\u2019automobile indiens vont renforcer le dialogue social et la puissance syndicale - industriall-union","description":"Cet atelier et cette r\u00e9union de planification strat\u00e9gique ont vu la participation active de d\u00e9l\u00e9gu\u00e9s syndicaux en provenance \u00e0 la fois des constructeurs","robots":{"index":"index","follow":"follow","max-snippet":"max-snippet:-1","max-image-preview":"max-image-preview:large","max-video-preview":"max-video-preview:-1"},"canonical":"https:\/\/admin.industriall-union.org\/fr\/les-syndicats-de-l-automobile-indiens-vont-renforcer-le-dialogue-social-et-la-puissance-syndicale\/","og_locale":"fr_FR","og_type":"article","og_title":"Les syndicats de l\u2019automobile indiens vont renforcer le dialogue social et la puissance syndicale","og_description":"Cet atelier et cette r\u00e9union de planification strat\u00e9gique ont vu la participation active de d\u00e9l\u00e9gu\u00e9s syndicaux en provenance \u00e0 la fois des constructeurs","og_url":"https:\/\/admin.industriall-union.org\/fr\/les-syndicats-de-l-automobile-indiens-vont-renforcer-le-dialogue-social-et-la-puissance-syndicale\/","og_site_name":"industriall-union","article_modified_time":"2025-02-04T20:38:50+00:00","twitter_card":"summary_large_image","twitter_misc":{"Est. reading time":"4 minutes"},"schema":{"@context":"https:\/\/schema.org","@graph":[{"@type":"WebPage","@id":"https:\/\/admin.industriall-union.org\/fr\/les-syndicats-de-l-automobile-indiens-vont-renforcer-le-dialogue-social-et-la-puissance-syndicale\/","url":"https:\/\/admin.industriall-union.org\/fr\/les-syndicats-de-l-automobile-indiens-vont-renforcer-le-dialogue-social-et-la-puissance-syndicale\/","name":"Les syndicats de l\u2019automobile indiens vont renforcer le dialogue social et la puissance syndicale - industriall-union","isPartOf":{"@id":"https:\/\/admin.industriall-union.org\/#website"},"datePublished":"2017-09-26T15:44:47+00:00","dateModified":"2025-02-04T20:38:50+00:00","description":"Cet atelier et cette r\u00e9union de planification strat\u00e9gique ont vu la participation active de d\u00e9l\u00e9gu\u00e9s syndicaux en provenance \u00e0 la fois des constructeurs","breadcrumb":{"@id":"https:\/\/admin.industriall-union.org\/fr\/les-syndicats-de-l-automobile-indiens-vont-renforcer-le-dialogue-social-et-la-puissance-syndicale\/#breadcrumb"},"inLanguage":"fr-FR","potentialAction":[{"@type":"ReadAction","target":["https:\/\/admin.industriall-union.org\/fr\/les-syndicats-de-l-automobile-indiens-vont-renforcer-le-dialogue-social-et-la-puissance-syndicale\/"]}]},{"@type":"BreadcrumbList","@id":"https:\/\/admin.industriall-union.org\/fr\/les-syndicats-de-l-automobile-indiens-vont-renforcer-le-dialogue-social-et-la-puissance-syndicale\/#breadcrumb","itemListElement":[{"@type":"ListItem","position":1,"name":"Home","item":"https:\/\/admin.industriall-union.org\/"},{"@type":"ListItem","position":2,"name":"Articles","item":"https:\/\/admin.industriall-union.org\/article\/"},{"@type":"ListItem","position":3,"name":"Les syndicats de l\u2019automobile indiens vont renforcer le dialogue social et la puissance syndicale"}]},{"@type":"WebSite","@id":"https:\/\/admin.industriall-union.org\/#website","url":"https:\/\/admin.industriall-union.org\/","name":"industriall-union","description":"","potentialAction":[{"@type":"SearchAction","target":{"@type":"EntryPoint","urlTemplate":"https:\/\/admin.industriall-union.org\/?s={search_term_string}"},"query-input":{"@type":"PropertyValueSpecification","valueRequired":true,"valueName":"search_term_string"}}],"inLanguage":"fr-FR"}]}},"_links":{"self":[{"href":"https:\/\/admin.industriall-union.org\/fr\/wp-json\/wp\/v2\/article\/149388","targetHints":{"allow":["GET"]}}],"collection":[{"href":"https:\/\/admin.industriall-union.org\/fr\/wp-json\/wp\/v2\/article"}],"about":[{"href":"https:\/\/admin.industriall-union.org\/fr\/wp-json\/wp\/v2\/types\/article"}],"wp:attachment":[{"href":"https:\/\/admin.industriall-union.org\/fr\/wp-json\/wp\/v2\/media?parent=149388"}],"wp:term":[{"taxonomy":"issues","embeddable":true,"href":"https:\/\/admin.industriall-union.org\/fr\/wp-json\/wp\/v2\/issues?post=149388"},{"taxonomy":"companies","embeddable":true,"href":"https:\/\/admin.industriall-union.org\/fr\/wp-json\/wp\/v2\/companies?post=149388"},{"taxonomy":"regions","embeddable":true,"href":"https:\/\/admin.industriall-union.org\/fr\/wp-json\/wp\/v2\/regions?post=149388"},{"taxonomy":"sectors","embeddable":true,"href":"https:\/\/admin.industriall-union.org\/fr\/wp-json\/wp\/v2\/sectors?post=149388"},{"taxonomy":"article_tags","embeddable":true,"href":"https:\/\/admin.industriall-union.org\/fr\/wp-json\/wp\/v2\/article_tags?post=149388"}],"curies":[{"name":"wp","href":"https:\/\/api.w.org\/{rel}","templated":true}]}}