{"id":149356,"date":"2017-09-29T14:18:40","date_gmt":"2017-09-29T14:18:40","guid":{"rendered":"https:\/\/admin.industriall-union.org\/les-syndicats-intensifient-la-lutte-mondiale-contre-shell\/"},"modified":"2025-02-04T20:16:02","modified_gmt":"2025-02-04T20:16:02","slug":"les-syndicats-intensifient-la-lutte-mondiale-contre-shell","status":"publish","type":"article","link":"https:\/\/admin.industriall-union.org\/fr\/les-syndicats-intensifient-la-lutte-mondiale-contre-shell\/","title":{"rendered":"Les syndicats intensifient la lutte mondiale contre Shell"},"content":{"rendered":"<p>Les syndicats repr\u00e9sentant les travailleurs de Shell de 14 pays \u00e9taient r\u00e9unis les 25 et 26 septembre \u00e0 Vlaardingen pour le R\u00e9seau syndical mondial Shell. Les participants veulent que Shell :<\/p><ul><li>Reconnaisse le R\u00e9seau en tant qu&#039;homologue pour un dialogue social authentique \u00e0 l&#039;\u00e9chelon mondial;<\/li><li>Limite le recours au travail pr\u00e9caire dans l&#039;entreprise et prot\u00e8ge les droits des travailleurs pr\u00e9caires;<\/li><li>Devienne une entreprise durable et honore ses engagements vis-\u00e0-vis des normes internationales de l&rsquo;environnement, des communaut\u00e9s et des droits de l&#039;homme;<\/li><li>Applique les m\u00eames normes et proc\u00e9dures internationales rigoureuses en mati\u00e8re de sant\u00e9 et de s\u00e9curit\u00e9 dans tous ses sites et les impose \u00e0 ses fournisseurs.<\/li><\/ul><p>Cette r\u00e9union, financ\u00e9e par la fondation FES, se tenait en face de l&#039;\u00e9norme raffinerie Shell du pays. Shell est la plus grande entreprise des Pays-Bas et est pr\u00e9sente dans 140 pays. Prenant la parole le deuxi\u00e8me jour de la r\u00e9union, Tuur Elzinga, membre du Conseil ex\u00e9cutif de notre affili\u00e9 n\u00e9erlandais FNV, a d\u00e9clar\u00e9 :<\/p><blockquote><p>&quot;Le capital mondial est organis\u00e9 \u00e0 l&#039;\u00e9chelle plan\u00e9taire; le mouvement syndical doit faire de m\u00eame. Oui, nous sommes fiers de Shell, mais nous sommes parfois honteux de ce que fait sa direction.&quot;<\/p><\/blockquote><p>Shell a refus\u00e9 \u00e0 plusieurs reprises d&#039;entamer le dialogue avec le R\u00e9seau, en pr\u00e9tendant qu&#039;elle ne n\u00e9gocie qu&#039;avec des organisations syndicales nationales. Les syndicats veulent que \u00e7a change. Pour Tuur Elzinga, si les conditions des travailleurs sont bonnes dans certains pays, il faut &quot;un socle minimum de normes dans tous les pays o\u00f9 Shell est pr\u00e9sente &#8211; sinon le nivellement par le bas ne finira jamais. Nous devons aider nos coll\u00e8gues du monde entier. Il faut agir ensemble.&quot;<\/p><p>Le travail pr\u00e9caire est un sujet de pr\u00e9occupation grave et croissant pour les participants de nombreux pays comme le Nigeria, l&#039;Argentine et les Pays-Bas. Ailleurs, des affili\u00e9s d&#039;Irak ont illustr\u00e9 les conditions extr\u00eames des travailleurs expos\u00e9s \u00e0 des temp\u00e9ratures de 50 degr\u00e9s qui peuvent \u00eatre mortelles. Le syndicat des ouvriers agricoles FERAESP a expliqu\u00e9 les difficult\u00e9s qu&#039;il rencontre pour organiser ses membres qui r\u00e9coltent la canne \u00e0 sucre pour la production de bio\u00e9thanol Shell.<\/p><p>Les participants se sont aussi int\u00e9ress\u00e9s \u00e0 la durabilit\u00e9 et \u00e0 la num\u00e9risation de l&#039;industrie p\u00e9troli\u00e8re et gazi\u00e8re. Le secteur de l&#039;\u00e9nergie est celui qui peut cr\u00e9er le plus d&#039;emplois verts, a d\u00e9clar\u00e9 la directrice d&#039;IndustriALL en charge de l&#039;\u00e9nergie, Diana Junquera Curiel. &quot;Nous voulons que Shell soit une entreprise durable, qui se tourne vers la production d&#039;\u00e9nergie propre, tout en respectant les droits des travailleurs et en assurant une transition juste pour les travailleurs et leurs communaut\u00e9s,&quot; a-t-elle ajout\u00e9.<\/p>","protected":false},"featured_media":0,"template":"","issues":[396,402,395,415],"companies":[123],"regions":[202,237],"sectors":[483],"article_tags":[],"class_list":["post-149356","article","type-article","status-publish","hentry","issues-building-strong-unions","issues-health-and-safety","issues-shell","issues-stop-precarious-work","companies-shell","regions-europe","regions-netherlands","sectors-energy-oil-gas-electricity-and-nuclear"],"acf":[],"yoast_head":"<!-- This site is optimized with the Yoast SEO Premium plugin v27.1 (Yoast SEO v27.1) - https:\/\/yoast.com\/product\/yoast-seo-premium-wordpress\/ -->\n<title>Les syndicats intensifient la lutte mondiale contre Shell - industriall-union<\/title>\n<meta name=\"description\" content=\"Les syndicats repr\u00e9sentant les travailleurs de Shell de 14 pays \u00e9taient r\u00e9unis les 25 et 26 septembre \u00e0 Vlaardingen pour le R\u00e9seau syndical mondial Shell.\" \/>\n<meta name=\"robots\" content=\"index, follow, max-snippet:-1, max-image-preview:large, max-video-preview:-1\" \/>\n<link rel=\"canonical\" href=\"https:\/\/admin.industriall-union.org\/fr\/les-syndicats-intensifient-la-lutte-mondiale-contre-shell\/\" \/>\n<meta property=\"og:locale\" content=\"fr_FR\" \/>\n<meta property=\"og:type\" content=\"article\" \/>\n<meta property=\"og:title\" content=\"Les syndicats intensifient la lutte mondiale contre Shell\" \/>\n<meta property=\"og:description\" content=\"Les syndicats repr\u00e9sentant les travailleurs de Shell de 14 pays \u00e9taient r\u00e9unis les 25 et 26 septembre \u00e0 Vlaardingen pour le R\u00e9seau syndical mondial Shell.\" \/>\n<meta property=\"og:url\" content=\"https:\/\/admin.industriall-union.org\/fr\/les-syndicats-intensifient-la-lutte-mondiale-contre-shell\/\" \/>\n<meta property=\"og:site_name\" content=\"industriall-union\" \/>\n<meta property=\"article:modified_time\" content=\"2025-02-04T20:16:02+00:00\" \/>\n<meta name=\"twitter:card\" content=\"summary_large_image\" \/>\n<meta name=\"twitter:label1\" content=\"Est. reading time\" \/>\n\t<meta name=\"twitter:data1\" content=\"2 minutes\" \/>\n<script type=\"application\/ld+json\" class=\"yoast-schema-graph\">{\"@context\":\"https:\/\/schema.org\",\"@graph\":[{\"@type\":\"WebPage\",\"@id\":\"https:\/\/admin.industriall-union.org\/fr\/les-syndicats-intensifient-la-lutte-mondiale-contre-shell\/\",\"url\":\"https:\/\/admin.industriall-union.org\/fr\/les-syndicats-intensifient-la-lutte-mondiale-contre-shell\/\",\"name\":\"Les syndicats intensifient la lutte mondiale contre Shell - industriall-union\",\"isPartOf\":{\"@id\":\"https:\/\/admin.industriall-union.org\/#website\"},\"datePublished\":\"2017-09-29T14:18:40+00:00\",\"dateModified\":\"2025-02-04T20:16:02+00:00\",\"description\":\"Les syndicats repr\u00e9sentant les travailleurs de Shell de 14 pays \u00e9taient r\u00e9unis les 25 et 26 septembre \u00e0 Vlaardingen pour le R\u00e9seau syndical mondial Shell.\",\"breadcrumb\":{\"@id\":\"https:\/\/admin.industriall-union.org\/fr\/les-syndicats-intensifient-la-lutte-mondiale-contre-shell\/#breadcrumb\"},\"inLanguage\":\"fr-FR\",\"potentialAction\":[{\"@type\":\"ReadAction\",\"target\":[\"https:\/\/admin.industriall-union.org\/fr\/les-syndicats-intensifient-la-lutte-mondiale-contre-shell\/\"]}]},{\"@type\":\"BreadcrumbList\",\"@id\":\"https:\/\/admin.industriall-union.org\/fr\/les-syndicats-intensifient-la-lutte-mondiale-contre-shell\/#breadcrumb\",\"itemListElement\":[{\"@type\":\"ListItem\",\"position\":1,\"name\":\"Home\",\"item\":\"https:\/\/admin.industriall-union.org\/\"},{\"@type\":\"ListItem\",\"position\":2,\"name\":\"Articles\",\"item\":\"https:\/\/admin.industriall-union.org\/article\/\"},{\"@type\":\"ListItem\",\"position\":3,\"name\":\"Les syndicats intensifient la lutte mondiale contre Shell\"}]},{\"@type\":\"WebSite\",\"@id\":\"https:\/\/admin.industriall-union.org\/#website\",\"url\":\"https:\/\/admin.industriall-union.org\/\",\"name\":\"industriall-union\",\"description\":\"\",\"potentialAction\":[{\"@type\":\"SearchAction\",\"target\":{\"@type\":\"EntryPoint\",\"urlTemplate\":\"https:\/\/admin.industriall-union.org\/?s={search_term_string}\"},\"query-input\":{\"@type\":\"PropertyValueSpecification\",\"valueRequired\":true,\"valueName\":\"search_term_string\"}}],\"inLanguage\":\"fr-FR\"}]}<\/script>\n<!-- \/ Yoast SEO Premium plugin. -->","yoast_head_json":{"title":"Les syndicats intensifient la lutte mondiale contre Shell - industriall-union","description":"Les syndicats repr\u00e9sentant les travailleurs de Shell de 14 pays \u00e9taient r\u00e9unis les 25 et 26 septembre \u00e0 Vlaardingen pour le R\u00e9seau syndical mondial Shell.","robots":{"index":"index","follow":"follow","max-snippet":"max-snippet:-1","max-image-preview":"max-image-preview:large","max-video-preview":"max-video-preview:-1"},"canonical":"https:\/\/admin.industriall-union.org\/fr\/les-syndicats-intensifient-la-lutte-mondiale-contre-shell\/","og_locale":"fr_FR","og_type":"article","og_title":"Les syndicats intensifient la lutte mondiale contre Shell","og_description":"Les syndicats repr\u00e9sentant les travailleurs de Shell de 14 pays \u00e9taient r\u00e9unis les 25 et 26 septembre \u00e0 Vlaardingen pour le R\u00e9seau syndical mondial Shell.","og_url":"https:\/\/admin.industriall-union.org\/fr\/les-syndicats-intensifient-la-lutte-mondiale-contre-shell\/","og_site_name":"industriall-union","article_modified_time":"2025-02-04T20:16:02+00:00","twitter_card":"summary_large_image","twitter_misc":{"Est. reading time":"2 minutes"},"schema":{"@context":"https:\/\/schema.org","@graph":[{"@type":"WebPage","@id":"https:\/\/admin.industriall-union.org\/fr\/les-syndicats-intensifient-la-lutte-mondiale-contre-shell\/","url":"https:\/\/admin.industriall-union.org\/fr\/les-syndicats-intensifient-la-lutte-mondiale-contre-shell\/","name":"Les syndicats intensifient la lutte mondiale contre Shell - industriall-union","isPartOf":{"@id":"https:\/\/admin.industriall-union.org\/#website"},"datePublished":"2017-09-29T14:18:40+00:00","dateModified":"2025-02-04T20:16:02+00:00","description":"Les syndicats repr\u00e9sentant les travailleurs de Shell de 14 pays \u00e9taient r\u00e9unis les 25 et 26 septembre \u00e0 Vlaardingen pour le R\u00e9seau syndical mondial Shell.","breadcrumb":{"@id":"https:\/\/admin.industriall-union.org\/fr\/les-syndicats-intensifient-la-lutte-mondiale-contre-shell\/#breadcrumb"},"inLanguage":"fr-FR","potentialAction":[{"@type":"ReadAction","target":["https:\/\/admin.industriall-union.org\/fr\/les-syndicats-intensifient-la-lutte-mondiale-contre-shell\/"]}]},{"@type":"BreadcrumbList","@id":"https:\/\/admin.industriall-union.org\/fr\/les-syndicats-intensifient-la-lutte-mondiale-contre-shell\/#breadcrumb","itemListElement":[{"@type":"ListItem","position":1,"name":"Home","item":"https:\/\/admin.industriall-union.org\/"},{"@type":"ListItem","position":2,"name":"Articles","item":"https:\/\/admin.industriall-union.org\/article\/"},{"@type":"ListItem","position":3,"name":"Les syndicats intensifient la lutte mondiale contre Shell"}]},{"@type":"WebSite","@id":"https:\/\/admin.industriall-union.org\/#website","url":"https:\/\/admin.industriall-union.org\/","name":"industriall-union","description":"","potentialAction":[{"@type":"SearchAction","target":{"@type":"EntryPoint","urlTemplate":"https:\/\/admin.industriall-union.org\/?s={search_term_string}"},"query-input":{"@type":"PropertyValueSpecification","valueRequired":true,"valueName":"search_term_string"}}],"inLanguage":"fr-FR"}]}},"_links":{"self":[{"href":"https:\/\/admin.industriall-union.org\/fr\/wp-json\/wp\/v2\/article\/149356","targetHints":{"allow":["GET"]}}],"collection":[{"href":"https:\/\/admin.industriall-union.org\/fr\/wp-json\/wp\/v2\/article"}],"about":[{"href":"https:\/\/admin.industriall-union.org\/fr\/wp-json\/wp\/v2\/types\/article"}],"wp:attachment":[{"href":"https:\/\/admin.industriall-union.org\/fr\/wp-json\/wp\/v2\/media?parent=149356"}],"wp:term":[{"taxonomy":"issues","embeddable":true,"href":"https:\/\/admin.industriall-union.org\/fr\/wp-json\/wp\/v2\/issues?post=149356"},{"taxonomy":"companies","embeddable":true,"href":"https:\/\/admin.industriall-union.org\/fr\/wp-json\/wp\/v2\/companies?post=149356"},{"taxonomy":"regions","embeddable":true,"href":"https:\/\/admin.industriall-union.org\/fr\/wp-json\/wp\/v2\/regions?post=149356"},{"taxonomy":"sectors","embeddable":true,"href":"https:\/\/admin.industriall-union.org\/fr\/wp-json\/wp\/v2\/sectors?post=149356"},{"taxonomy":"article_tags","embeddable":true,"href":"https:\/\/admin.industriall-union.org\/fr\/wp-json\/wp\/v2\/article_tags?post=149356"}],"curies":[{"name":"wp","href":"https:\/\/api.w.org\/{rel}","templated":true}]}}