{"id":149317,"date":"2017-10-10T13:40:15","date_gmt":"2017-10-10T13:40:15","guid":{"rendered":"https:\/\/admin.industriall-union.org\/ukraine-nouvelle-vague-de-protestations-contre-les-salaires-impayes\/"},"modified":"2025-02-04T19:08:15","modified_gmt":"2025-02-04T19:08:15","slug":"ukraine-nouvelle-vague-de-protestations-contre-les-salaires-impayes","status":"publish","type":"article","link":"https:\/\/admin.industriall-union.org\/fr\/ukraine-nouvelle-vague-de-protestations-contre-les-salaires-impayes\/","title":{"rendered":"Ukraine : nouvelle vague de protestations contre les salaires impay\u00e9s"},"content":{"rendered":"<p>Ce 9 octobre, 70 mineurs de Volynvuhillia ont men\u00e9 une action de protestation au point de contr\u00f4le international de Yahodyn \u00e0 la fronti\u00e8re entre la Pologne et l&rsquo;Ukraine. Les manifestants ont bloqu\u00e9 la route \u00e0 partir de 11h30, perturbant le trafic. Les travailleurs ont ensuite accept\u00e9 de laisser passer les voitures particuli\u00e8res une par une mais le trafic des camions a \u00e9t\u00e9 bloqu\u00e9 jusqu&rsquo;en soir\u00e9e.<\/p><p>Avant cela, 1.600 mineurs de Buzhanska et Novovolinskaya n&deg; 9 avaient refus\u00e9 de descendre dans les tailles pendant pr\u00e8s d&rsquo;une semaine, exigeant de recevoir leurs arri\u00e9r\u00e9s de salaires. \u00c0 la suite de cela, le Minist\u00e8re de l&rsquo;\u00c9nergie et de l&rsquo;Industrie du Charbon a vers\u00e9 des salaires pour juillet, mais seulement aux mineurs de fond.<\/p><p>Les 8 et 9 octobre, plus de 40 mineurs de la mine Kapitalnaya, qui appartient \u00e0 l&rsquo;entreprise \u00e9tatique Myrnohradvugilly, ont refus\u00e9 de regagner la surface. Ils avaient seulement per\u00e7u globalement 17 millions de hryvnias <em>ukrainiennes<\/em> (640.000 dollars) sur les 49 millions (1,8 million de dollars) qui leurs sont dus.<br \/>&nbsp;<br \/>Mychailo Volynets, Pr\u00e9sident du NPGU, a d\u00e9clar\u00e9&nbsp;:<\/p><blockquote><p>&ldquo;Un des mineurs a fait un malaise et a perdu connaissance. Des conditions difficiles et du stress affectent la sant\u00e9 de ces personnes qui r\u00e9clament justice. Les mineurs ont d\u00e9cid\u00e9 de protester sous terre en alternance, pas plus d&rsquo;une journ\u00e9e \u00e0 la fois. Les militants du syndicat fournissent de la nourriture et de l&rsquo;eau aux manifestants&rdquo;.<\/p><\/blockquote><p>Valery Mamchenko, Pr\u00e9sident adjoint du Syndicat des mineurs de charbon d&rsquo;Ukraine a d\u00e9clar\u00e9&nbsp;:<\/p><blockquote><p>&ldquo;Le probl\u00e8me principal est le retard de paiement des salaires, la dette totale s&rsquo;\u00e9levant \u00e0 ce stade \u00e0 340 millions de hryvnias <em>ukrainiennes<\/em> (12,8 millions de dollars). Nous faisons de notre mieux pour aider \u00e0 ce que ces mineurs soient pay\u00e9s&rdquo;.<\/p><\/blockquote><p>Auparavant, <a href=\"http:\/\/www.industriall-union.org\/fr\/ukraine-des-mineurs-restent-sous-terre-pour-exiger-le-paiement-de-leurs-salaires\">une importante gr\u00e8ve<\/a> avait eu lieu en juillet 2017 \u00e0 l&rsquo;entreprise \u00e9tatique Lysychanskvugillya dans la r\u00e9gion de Lugansk. 91 mineurs issus de deux mines \u00e9taient rest\u00e9s au fond pour protester contre des retards de paiement remontant \u00e0 2015.<\/p><p>Valery Mamchenko rapporte qu&rsquo;un groupe de travail sp\u00e9cial sur le r\u00e8glement des situations de crise au sein de l&rsquo;industrie du charbon a \u00e9t\u00e9 cr\u00e9\u00e9 en ao\u00fbt 2017, gr\u00e2ce aux efforts d\u00e9ploy\u00e9s par les syndicats. Il va poursuivre ses r\u00e9unions. \u00c0 c\u00f4t\u00e9 de cela, le syndicat m\u00e8ne un dialogue social avec des repr\u00e9sentants du parlement, la Verkhovna Rada, partiellement couronn\u00e9 de succ\u00e8s, et se pr\u00e9pare pour l&rsquo;action g\u00e9n\u00e9rale du 14 novembre.<\/p>","protected":false},"featured_media":0,"template":"","issues":[425],"companies":[],"regions":[252],"sectors":[495],"article_tags":[529],"class_list":["post-149317","article","type-article","status-publish","hentry","issues-workers-rights","regions-ukraine","sectors-mining","article_tags-strike"],"acf":[],"yoast_head":"<!-- This site is optimized with the Yoast SEO Premium plugin v27.1 (Yoast SEO v27.1) - https:\/\/yoast.com\/product\/yoast-seo-premium-wordpress\/ -->\n<title>Ukraine : nouvelle vague de protestations contre les salaires impay\u00e9s - industriall-union<\/title>\n<meta name=\"description\" content=\"Ce 9 octobre, 70 mineurs de Volynvuhillia ont men\u00e9 une action de protestation au point de contr\u00f4le international de Yahodyn \u00e0 la fronti\u00e8re entre la\" \/>\n<meta name=\"robots\" content=\"index, follow, max-snippet:-1, max-image-preview:large, max-video-preview:-1\" \/>\n<link rel=\"canonical\" href=\"https:\/\/admin.industriall-union.org\/fr\/ukraine-nouvelle-vague-de-protestations-contre-les-salaires-impayes\/\" \/>\n<meta property=\"og:locale\" content=\"fr_FR\" \/>\n<meta property=\"og:type\" content=\"article\" \/>\n<meta property=\"og:title\" content=\"Ukraine : nouvelle vague de protestations contre les salaires impay\u00e9s\" \/>\n<meta property=\"og:description\" content=\"Ce 9 octobre, 70 mineurs de Volynvuhillia ont men\u00e9 une action de protestation au point de contr\u00f4le international de Yahodyn \u00e0 la fronti\u00e8re entre la\" \/>\n<meta property=\"og:url\" content=\"https:\/\/admin.industriall-union.org\/fr\/ukraine-nouvelle-vague-de-protestations-contre-les-salaires-impayes\/\" \/>\n<meta property=\"og:site_name\" content=\"industriall-union\" \/>\n<meta property=\"article:modified_time\" content=\"2025-02-04T19:08:15+00:00\" \/>\n<meta name=\"twitter:card\" content=\"summary_large_image\" \/>\n<meta name=\"twitter:label1\" content=\"Est. reading time\" \/>\n\t<meta name=\"twitter:data1\" content=\"2 minutes\" \/>\n<script type=\"application\/ld+json\" class=\"yoast-schema-graph\">{\"@context\":\"https:\/\/schema.org\",\"@graph\":[{\"@type\":\"WebPage\",\"@id\":\"https:\/\/admin.industriall-union.org\/fr\/ukraine-nouvelle-vague-de-protestations-contre-les-salaires-impayes\/\",\"url\":\"https:\/\/admin.industriall-union.org\/fr\/ukraine-nouvelle-vague-de-protestations-contre-les-salaires-impayes\/\",\"name\":\"Ukraine : nouvelle vague de protestations contre les salaires impay\u00e9s - industriall-union\",\"isPartOf\":{\"@id\":\"https:\/\/admin.industriall-union.org\/#website\"},\"datePublished\":\"2017-10-10T13:40:15+00:00\",\"dateModified\":\"2025-02-04T19:08:15+00:00\",\"description\":\"Ce 9 octobre, 70 mineurs de Volynvuhillia ont men\u00e9 une action de protestation au point de contr\u00f4le international de Yahodyn \u00e0 la fronti\u00e8re entre la\",\"breadcrumb\":{\"@id\":\"https:\/\/admin.industriall-union.org\/fr\/ukraine-nouvelle-vague-de-protestations-contre-les-salaires-impayes\/#breadcrumb\"},\"inLanguage\":\"fr-FR\",\"potentialAction\":[{\"@type\":\"ReadAction\",\"target\":[\"https:\/\/admin.industriall-union.org\/fr\/ukraine-nouvelle-vague-de-protestations-contre-les-salaires-impayes\/\"]}]},{\"@type\":\"BreadcrumbList\",\"@id\":\"https:\/\/admin.industriall-union.org\/fr\/ukraine-nouvelle-vague-de-protestations-contre-les-salaires-impayes\/#breadcrumb\",\"itemListElement\":[{\"@type\":\"ListItem\",\"position\":1,\"name\":\"Home\",\"item\":\"https:\/\/admin.industriall-union.org\/\"},{\"@type\":\"ListItem\",\"position\":2,\"name\":\"Articles\",\"item\":\"https:\/\/admin.industriall-union.org\/article\/\"},{\"@type\":\"ListItem\",\"position\":3,\"name\":\"Ukraine : nouvelle vague de protestations contre les salaires impay\u00e9s\"}]},{\"@type\":\"WebSite\",\"@id\":\"https:\/\/admin.industriall-union.org\/#website\",\"url\":\"https:\/\/admin.industriall-union.org\/\",\"name\":\"industriall-union\",\"description\":\"\",\"potentialAction\":[{\"@type\":\"SearchAction\",\"target\":{\"@type\":\"EntryPoint\",\"urlTemplate\":\"https:\/\/admin.industriall-union.org\/?s={search_term_string}\"},\"query-input\":{\"@type\":\"PropertyValueSpecification\",\"valueRequired\":true,\"valueName\":\"search_term_string\"}}],\"inLanguage\":\"fr-FR\"}]}<\/script>\n<!-- \/ Yoast SEO Premium plugin. -->","yoast_head_json":{"title":"Ukraine : nouvelle vague de protestations contre les salaires impay\u00e9s - industriall-union","description":"Ce 9 octobre, 70 mineurs de Volynvuhillia ont men\u00e9 une action de protestation au point de contr\u00f4le international de Yahodyn \u00e0 la fronti\u00e8re entre la","robots":{"index":"index","follow":"follow","max-snippet":"max-snippet:-1","max-image-preview":"max-image-preview:large","max-video-preview":"max-video-preview:-1"},"canonical":"https:\/\/admin.industriall-union.org\/fr\/ukraine-nouvelle-vague-de-protestations-contre-les-salaires-impayes\/","og_locale":"fr_FR","og_type":"article","og_title":"Ukraine : nouvelle vague de protestations contre les salaires impay\u00e9s","og_description":"Ce 9 octobre, 70 mineurs de Volynvuhillia ont men\u00e9 une action de protestation au point de contr\u00f4le international de Yahodyn \u00e0 la fronti\u00e8re entre la","og_url":"https:\/\/admin.industriall-union.org\/fr\/ukraine-nouvelle-vague-de-protestations-contre-les-salaires-impayes\/","og_site_name":"industriall-union","article_modified_time":"2025-02-04T19:08:15+00:00","twitter_card":"summary_large_image","twitter_misc":{"Est. reading time":"2 minutes"},"schema":{"@context":"https:\/\/schema.org","@graph":[{"@type":"WebPage","@id":"https:\/\/admin.industriall-union.org\/fr\/ukraine-nouvelle-vague-de-protestations-contre-les-salaires-impayes\/","url":"https:\/\/admin.industriall-union.org\/fr\/ukraine-nouvelle-vague-de-protestations-contre-les-salaires-impayes\/","name":"Ukraine : nouvelle vague de protestations contre les salaires impay\u00e9s - industriall-union","isPartOf":{"@id":"https:\/\/admin.industriall-union.org\/#website"},"datePublished":"2017-10-10T13:40:15+00:00","dateModified":"2025-02-04T19:08:15+00:00","description":"Ce 9 octobre, 70 mineurs de Volynvuhillia ont men\u00e9 une action de protestation au point de contr\u00f4le international de Yahodyn \u00e0 la fronti\u00e8re entre la","breadcrumb":{"@id":"https:\/\/admin.industriall-union.org\/fr\/ukraine-nouvelle-vague-de-protestations-contre-les-salaires-impayes\/#breadcrumb"},"inLanguage":"fr-FR","potentialAction":[{"@type":"ReadAction","target":["https:\/\/admin.industriall-union.org\/fr\/ukraine-nouvelle-vague-de-protestations-contre-les-salaires-impayes\/"]}]},{"@type":"BreadcrumbList","@id":"https:\/\/admin.industriall-union.org\/fr\/ukraine-nouvelle-vague-de-protestations-contre-les-salaires-impayes\/#breadcrumb","itemListElement":[{"@type":"ListItem","position":1,"name":"Home","item":"https:\/\/admin.industriall-union.org\/"},{"@type":"ListItem","position":2,"name":"Articles","item":"https:\/\/admin.industriall-union.org\/article\/"},{"@type":"ListItem","position":3,"name":"Ukraine : nouvelle vague de protestations contre les salaires impay\u00e9s"}]},{"@type":"WebSite","@id":"https:\/\/admin.industriall-union.org\/#website","url":"https:\/\/admin.industriall-union.org\/","name":"industriall-union","description":"","potentialAction":[{"@type":"SearchAction","target":{"@type":"EntryPoint","urlTemplate":"https:\/\/admin.industriall-union.org\/?s={search_term_string}"},"query-input":{"@type":"PropertyValueSpecification","valueRequired":true,"valueName":"search_term_string"}}],"inLanguage":"fr-FR"}]}},"_links":{"self":[{"href":"https:\/\/admin.industriall-union.org\/fr\/wp-json\/wp\/v2\/article\/149317","targetHints":{"allow":["GET"]}}],"collection":[{"href":"https:\/\/admin.industriall-union.org\/fr\/wp-json\/wp\/v2\/article"}],"about":[{"href":"https:\/\/admin.industriall-union.org\/fr\/wp-json\/wp\/v2\/types\/article"}],"wp:attachment":[{"href":"https:\/\/admin.industriall-union.org\/fr\/wp-json\/wp\/v2\/media?parent=149317"}],"wp:term":[{"taxonomy":"issues","embeddable":true,"href":"https:\/\/admin.industriall-union.org\/fr\/wp-json\/wp\/v2\/issues?post=149317"},{"taxonomy":"companies","embeddable":true,"href":"https:\/\/admin.industriall-union.org\/fr\/wp-json\/wp\/v2\/companies?post=149317"},{"taxonomy":"regions","embeddable":true,"href":"https:\/\/admin.industriall-union.org\/fr\/wp-json\/wp\/v2\/regions?post=149317"},{"taxonomy":"sectors","embeddable":true,"href":"https:\/\/admin.industriall-union.org\/fr\/wp-json\/wp\/v2\/sectors?post=149317"},{"taxonomy":"article_tags","embeddable":true,"href":"https:\/\/admin.industriall-union.org\/fr\/wp-json\/wp\/v2\/article_tags?post=149317"}],"curies":[{"name":"wp","href":"https:\/\/api.w.org\/{rel}","templated":true}]}}