{"id":149304,"date":"2017-10-12T15:28:33","date_gmt":"2017-10-12T15:28:33","guid":{"rendered":"https:\/\/admin.industriall-union.org\/les-affilies-d-039-industriall-mobilisent-pour-dire-stoprecariouswork-stop-au-travail-precaire\/"},"modified":"2025-02-04T18:57:59","modified_gmt":"2025-02-04T18:57:59","slug":"les-affilies-d-039-industriall-mobilisent-pour-dire-stoprecariouswork-stop-au-travail-precaire","status":"publish","type":"article","link":"https:\/\/admin.industriall-union.org\/fr\/les-affilies-d-039-industriall-mobilisent-pour-dire-stoprecariouswork-stop-au-travail-precaire\/","title":{"rendered":"Les affili\u00e9s d&#039;IndustriALL mobilisent pour dire #STOPrecariousWork (STOP au travail pr\u00e9caire)"},"content":{"rendered":"<p>Consultez <a href=\"https:\/\/www.flickr.com\/photos\/industriall_gu\/albums\/72157686113921442\">ici<\/a> toutes les photos prises lors de ces actions men\u00e9es dans le monde entier.<\/p>","protected":false},"featured_media":0,"template":"","issues":[415],"companies":[],"regions":[],"sectors":[],"article_tags":[535],"class_list":["post-149304","article","type-article","status-publish","hentry","issues-stop-precarious-work","article_tags-world-day-for-decent-work-wddw"],"acf":[],"yoast_head":"<!-- This site is optimized with the Yoast SEO Premium plugin v27.1 (Yoast SEO v27.1) - https:\/\/yoast.com\/product\/yoast-seo-premium-wordpress\/ -->\n<title>Les affili\u00e9s d&#039;IndustriALL mobilisent pour dire #STOPrecariousWork (STOP au travail pr\u00e9caire) - industriall-union<\/title>\n<meta name=\"description\" content=\"Consultez ici toutes les photos prises lors de ces actions men\u00e9es dans le monde entier.\" \/>\n<meta name=\"robots\" content=\"index, follow, max-snippet:-1, max-image-preview:large, max-video-preview:-1\" \/>\n<link rel=\"canonical\" href=\"https:\/\/admin.industriall-union.org\/fr\/les-affilies-d-039-industriall-mobilisent-pour-dire-stoprecariouswork-stop-au-travail-precaire\/\" \/>\n<meta property=\"og:locale\" content=\"fr_FR\" \/>\n<meta property=\"og:type\" content=\"article\" \/>\n<meta property=\"og:title\" content=\"Les affili\u00e9s d&#039;IndustriALL mobilisent pour dire #STOPrecariousWork (STOP au travail pr\u00e9caire)\" \/>\n<meta property=\"og:description\" content=\"Consultez ici toutes les photos prises lors de ces actions men\u00e9es dans le monde entier.\" \/>\n<meta property=\"og:url\" content=\"https:\/\/admin.industriall-union.org\/fr\/les-affilies-d-039-industriall-mobilisent-pour-dire-stoprecariouswork-stop-au-travail-precaire\/\" \/>\n<meta property=\"og:site_name\" content=\"industriall-union\" \/>\n<meta property=\"article:modified_time\" content=\"2025-02-04T18:57:59+00:00\" \/>\n<meta name=\"twitter:card\" content=\"summary_large_image\" \/>\n<script type=\"application\/ld+json\" class=\"yoast-schema-graph\">{\"@context\":\"https:\/\/schema.org\",\"@graph\":[{\"@type\":\"WebPage\",\"@id\":\"https:\/\/admin.industriall-union.org\/fr\/les-affilies-d-039-industriall-mobilisent-pour-dire-stoprecariouswork-stop-au-travail-precaire\/\",\"url\":\"https:\/\/admin.industriall-union.org\/fr\/les-affilies-d-039-industriall-mobilisent-pour-dire-stoprecariouswork-stop-au-travail-precaire\/\",\"name\":\"Les affili\u00e9s d&#039;IndustriALL mobilisent pour dire #STOPrecariousWork (STOP au travail pr\u00e9caire) - industriall-union\",\"isPartOf\":{\"@id\":\"https:\/\/admin.industriall-union.org\/#website\"},\"datePublished\":\"2017-10-12T15:28:33+00:00\",\"dateModified\":\"2025-02-04T18:57:59+00:00\",\"description\":\"Consultez ici toutes les photos prises lors de ces actions men\u00e9es dans le monde entier.\",\"breadcrumb\":{\"@id\":\"https:\/\/admin.industriall-union.org\/fr\/les-affilies-d-039-industriall-mobilisent-pour-dire-stoprecariouswork-stop-au-travail-precaire\/#breadcrumb\"},\"inLanguage\":\"fr-FR\",\"potentialAction\":[{\"@type\":\"ReadAction\",\"target\":[\"https:\/\/admin.industriall-union.org\/fr\/les-affilies-d-039-industriall-mobilisent-pour-dire-stoprecariouswork-stop-au-travail-precaire\/\"]}]},{\"@type\":\"BreadcrumbList\",\"@id\":\"https:\/\/admin.industriall-union.org\/fr\/les-affilies-d-039-industriall-mobilisent-pour-dire-stoprecariouswork-stop-au-travail-precaire\/#breadcrumb\",\"itemListElement\":[{\"@type\":\"ListItem\",\"position\":1,\"name\":\"Home\",\"item\":\"https:\/\/admin.industriall-union.org\/\"},{\"@type\":\"ListItem\",\"position\":2,\"name\":\"Articles\",\"item\":\"https:\/\/admin.industriall-union.org\/article\/\"},{\"@type\":\"ListItem\",\"position\":3,\"name\":\"Les affili\u00e9s d&#039;IndustriALL mobilisent pour dire #STOPrecariousWork (STOP au travail pr\u00e9caire)\"}]},{\"@type\":\"WebSite\",\"@id\":\"https:\/\/admin.industriall-union.org\/#website\",\"url\":\"https:\/\/admin.industriall-union.org\/\",\"name\":\"industriall-union\",\"description\":\"\",\"potentialAction\":[{\"@type\":\"SearchAction\",\"target\":{\"@type\":\"EntryPoint\",\"urlTemplate\":\"https:\/\/admin.industriall-union.org\/?s={search_term_string}\"},\"query-input\":{\"@type\":\"PropertyValueSpecification\",\"valueRequired\":true,\"valueName\":\"search_term_string\"}}],\"inLanguage\":\"fr-FR\"}]}<\/script>\n<!-- \/ Yoast SEO Premium plugin. -->","yoast_head_json":{"title":"Les affili\u00e9s d&#039;IndustriALL mobilisent pour dire #STOPrecariousWork (STOP au travail pr\u00e9caire) - industriall-union","description":"Consultez ici toutes les photos prises lors de ces actions men\u00e9es dans le monde entier.","robots":{"index":"index","follow":"follow","max-snippet":"max-snippet:-1","max-image-preview":"max-image-preview:large","max-video-preview":"max-video-preview:-1"},"canonical":"https:\/\/admin.industriall-union.org\/fr\/les-affilies-d-039-industriall-mobilisent-pour-dire-stoprecariouswork-stop-au-travail-precaire\/","og_locale":"fr_FR","og_type":"article","og_title":"Les affili\u00e9s d&#039;IndustriALL mobilisent pour dire #STOPrecariousWork (STOP au travail pr\u00e9caire)","og_description":"Consultez ici toutes les photos prises lors de ces actions men\u00e9es dans le monde entier.","og_url":"https:\/\/admin.industriall-union.org\/fr\/les-affilies-d-039-industriall-mobilisent-pour-dire-stoprecariouswork-stop-au-travail-precaire\/","og_site_name":"industriall-union","article_modified_time":"2025-02-04T18:57:59+00:00","twitter_card":"summary_large_image","schema":{"@context":"https:\/\/schema.org","@graph":[{"@type":"WebPage","@id":"https:\/\/admin.industriall-union.org\/fr\/les-affilies-d-039-industriall-mobilisent-pour-dire-stoprecariouswork-stop-au-travail-precaire\/","url":"https:\/\/admin.industriall-union.org\/fr\/les-affilies-d-039-industriall-mobilisent-pour-dire-stoprecariouswork-stop-au-travail-precaire\/","name":"Les affili\u00e9s d&#039;IndustriALL mobilisent pour dire #STOPrecariousWork (STOP au travail pr\u00e9caire) - industriall-union","isPartOf":{"@id":"https:\/\/admin.industriall-union.org\/#website"},"datePublished":"2017-10-12T15:28:33+00:00","dateModified":"2025-02-04T18:57:59+00:00","description":"Consultez ici toutes les photos prises lors de ces actions men\u00e9es dans le monde entier.","breadcrumb":{"@id":"https:\/\/admin.industriall-union.org\/fr\/les-affilies-d-039-industriall-mobilisent-pour-dire-stoprecariouswork-stop-au-travail-precaire\/#breadcrumb"},"inLanguage":"fr-FR","potentialAction":[{"@type":"ReadAction","target":["https:\/\/admin.industriall-union.org\/fr\/les-affilies-d-039-industriall-mobilisent-pour-dire-stoprecariouswork-stop-au-travail-precaire\/"]}]},{"@type":"BreadcrumbList","@id":"https:\/\/admin.industriall-union.org\/fr\/les-affilies-d-039-industriall-mobilisent-pour-dire-stoprecariouswork-stop-au-travail-precaire\/#breadcrumb","itemListElement":[{"@type":"ListItem","position":1,"name":"Home","item":"https:\/\/admin.industriall-union.org\/"},{"@type":"ListItem","position":2,"name":"Articles","item":"https:\/\/admin.industriall-union.org\/article\/"},{"@type":"ListItem","position":3,"name":"Les affili\u00e9s d&#039;IndustriALL mobilisent pour dire #STOPrecariousWork (STOP au travail pr\u00e9caire)"}]},{"@type":"WebSite","@id":"https:\/\/admin.industriall-union.org\/#website","url":"https:\/\/admin.industriall-union.org\/","name":"industriall-union","description":"","potentialAction":[{"@type":"SearchAction","target":{"@type":"EntryPoint","urlTemplate":"https:\/\/admin.industriall-union.org\/?s={search_term_string}"},"query-input":{"@type":"PropertyValueSpecification","valueRequired":true,"valueName":"search_term_string"}}],"inLanguage":"fr-FR"}]}},"_links":{"self":[{"href":"https:\/\/admin.industriall-union.org\/fr\/wp-json\/wp\/v2\/article\/149304","targetHints":{"allow":["GET"]}}],"collection":[{"href":"https:\/\/admin.industriall-union.org\/fr\/wp-json\/wp\/v2\/article"}],"about":[{"href":"https:\/\/admin.industriall-union.org\/fr\/wp-json\/wp\/v2\/types\/article"}],"wp:attachment":[{"href":"https:\/\/admin.industriall-union.org\/fr\/wp-json\/wp\/v2\/media?parent=149304"}],"wp:term":[{"taxonomy":"issues","embeddable":true,"href":"https:\/\/admin.industriall-union.org\/fr\/wp-json\/wp\/v2\/issues?post=149304"},{"taxonomy":"companies","embeddable":true,"href":"https:\/\/admin.industriall-union.org\/fr\/wp-json\/wp\/v2\/companies?post=149304"},{"taxonomy":"regions","embeddable":true,"href":"https:\/\/admin.industriall-union.org\/fr\/wp-json\/wp\/v2\/regions?post=149304"},{"taxonomy":"sectors","embeddable":true,"href":"https:\/\/admin.industriall-union.org\/fr\/wp-json\/wp\/v2\/sectors?post=149304"},{"taxonomy":"article_tags","embeddable":true,"href":"https:\/\/admin.industriall-union.org\/fr\/wp-json\/wp\/v2\/article_tags?post=149304"}],"curies":[{"name":"wp","href":"https:\/\/api.w.org\/{rel}","templated":true}]}}