{"id":149262,"date":"2017-11-02T12:21:06","date_gmt":"2017-11-02T12:21:06","guid":{"rendered":"https:\/\/admin.industriall-union.org\/les-travailleurs-du-secteur-du-ciment-lance-un-reseau-syndical-mondial-a-heidelbergcement\/"},"modified":"2025-02-04T17:56:09","modified_gmt":"2025-02-04T17:56:09","slug":"les-travailleurs-du-secteur-du-ciment-lance-un-reseau-syndical-mondial-a-heidelbergcement","status":"publish","type":"article","link":"https:\/\/admin.industriall-union.org\/fr\/les-travailleurs-du-secteur-du-ciment-lance-un-reseau-syndical-mondial-a-heidelbergcement\/","title":{"rendered":"Les travailleurs du secteur du ciment lance un r\u00e9seau syndical mondial \u00e0 HeidelbergCement"},"content":{"rendered":"<p>Quarante d\u00e9l\u00e9gu\u00e9s syndicaux, en provenance d&rsquo;Europe, du Moyen-Orient et d&rsquo;Afrique du Nord, d&rsquo;Am\u00e9rique du Nord, d&rsquo;Asie-Pacifique et d&rsquo;Asie du Sud, se sont r\u00e9unis les 1er et 2 novembre \u00e0 Br\u00eame, en Allemagne. Les employ\u00e9s de HeidelbergCement se rassemblaient pour la premi\u00e8re fois pour tenir une discussion mondiale sur les d\u00e9fis mondiaux auxquels font face les travailleurs dans la compagnie.<\/p><p>La r\u00e9union a \u00e9t\u00e9 organis\u00e9e par IndustriALL Global Union avec le soutien de la Fondation Friedrich Ebert et la participation \u00e9galement de l&rsquo;organisation apparent\u00e9e \u00e0 IndustriALL, Building and Wood Workers&rsquo; International.<\/p><p>En d\u00e9pit des invitations re\u00e7ues, la direction de la compagnie au niveau mondial n&rsquo;a pas particip\u00e9 \u00e0 la r\u00e9union, ratant ainsi l&rsquo;occasion de discuter avec les travailleurs au cours de ce forum.<\/p><p>Les \u00e9volutions r\u00e9centes dans le secteur du ciment, y compris les progr\u00e8s technologiques, l&rsquo;expansion et la restructuration de la compagnie, s&rsquo;accompagnent d&rsquo;une augmentation du travail pr\u00e9caire ainsi que des probl\u00e8mes de sant\u00e9 et de s\u00e9curit\u00e9 des travailleurs, et de la d\u00e9t\u00e9rioration des conditions de travail. Les travailleurs subissent une pression croissante. En France, un travailleur sous-traitant de HeidelbergCement aurait tent\u00e9 de se suicider en raison de sa surcharge de travail.<\/p><p>Les d\u00e9l\u00e9gu\u00e9s se sont fortement exprim\u00e9s sur le besoin urgent de renforcer leurs rangs par des actions de syndicalisation et le renforcement de la capacit\u00e9 des syndicats \u00e0 attirer davantage de travailleurs jeunes et de femmes.<\/p><p>En raison de sa tr\u00e8s grande taille, les impacts de la compagnie sur la nature, le stockage et l&rsquo;utilisation du CO<sub>2<\/sub> sont importants, et doivent \u00e9galement \u00eatre correctement trait\u00e9s. Si la compagnie veut vraiment r\u00e9duire ses incidences sur la nature et atteindre les objectifs de durabilit\u00e9 de HeidelbergCement pour 2030, elle ne pourra le faire qu&rsquo;avec l&rsquo;implication directe des travailleurs, des syndicats, des d\u00e9l\u00e9gu\u00e9s syndicaux et des comit\u00e9s d&rsquo;entreprises.<\/p><p>Pendant la conf\u00e9rence, les d\u00e9l\u00e9gu\u00e9s ont \u00e9galement discut\u00e9 des r\u00e9alisations des autres secteurs. Ils ont port\u00e9 une attention particuli\u00e8re \u00e0 l&rsquo;exp\u00e9rience des syndicats mondiaux et nationaux interagissant avec la direction d&rsquo;un autre g\u00e9ant de l&rsquo;industrie du ciment, LafargeHolcim.<\/p><p>A la fin de la r\u00e9union, les d\u00e9l\u00e9gu\u00e9s ont adopt\u00e9 \u00e0 l&rsquo;unanimit\u00e9 la&nbsp;<a href=\"\/wp-content\/uploads\/documents\/2017\/GERMANY\/heidelberg_declaration_bremen.pdf\">d\u00e9claration de Br\u00eame<\/a> et ont \u00e9lu un Comit\u00e9 de pilotage du r\u00e9seau, qui coordonnera les activit\u00e9s entre ses r\u00e9unions mondiales.<\/p><p>Matthias Hartwich, Directeur charg\u00e9 de l&rsquo;industrie des mat\u00e9riaux \u00e0 IndustriALL, a indiqu\u00e9:<\/p><blockquote><p>&laquo;&nbsp;Avec la cr\u00e9ation du r\u00e9seau syndical HeidelbergCement, nous ouvrons la porte au dialogue social si la direction y est dispos\u00e9e, et nous esp\u00e9rons que les militants syndicaux contribueront fortement \u00e0 la promotion des droits et des int\u00e9r\u00eats des travailleurs au sein de la compagnie. A cette fin, le Comit\u00e9 de pilotage sera en relation \u00e9troite avec les syndicats nationaux. Enfin, nous croyons fermement que HeidelbergCement gagnera seulement gr\u00e2ce \u00e0 la participation et \u00e0 l&rsquo;engagement actifs des travailleurs&nbsp;&raquo;.<\/p><\/blockquote>","protected":false},"featured_media":0,"template":"","issues":[396],"companies":[66],"regions":[219],"sectors":[485],"article_tags":[],"class_list":["post-149262","article","type-article","status-publish","hentry","issues-building-strong-unions","companies-heidelbergcement","regions-germany","sectors-cement"],"acf":[],"yoast_head":"<!-- This site is optimized with the Yoast SEO Premium plugin v27.1 (Yoast SEO v27.1) - https:\/\/yoast.com\/product\/yoast-seo-premium-wordpress\/ -->\n<title>Les travailleurs du secteur du ciment lance un r\u00e9seau syndical mondial \u00e0 HeidelbergCement - industriall-union<\/title>\n<meta name=\"description\" content=\"Quarante d\u00e9l\u00e9gu\u00e9s syndicaux, en provenance d&rsquo;Europe, du Moyen-Orient et d&rsquo;Afrique du Nord, d&rsquo;Am\u00e9rique du Nord, d&rsquo;Asie-Pacifique et\" \/>\n<meta name=\"robots\" content=\"index, follow, max-snippet:-1, max-image-preview:large, max-video-preview:-1\" \/>\n<link rel=\"canonical\" href=\"https:\/\/admin.industriall-union.org\/fr\/les-travailleurs-du-secteur-du-ciment-lance-un-reseau-syndical-mondial-a-heidelbergcement\/\" \/>\n<meta property=\"og:locale\" content=\"fr_FR\" \/>\n<meta property=\"og:type\" content=\"article\" \/>\n<meta property=\"og:title\" content=\"Les travailleurs du secteur du ciment lance un r\u00e9seau syndical mondial \u00e0 HeidelbergCement\" \/>\n<meta property=\"og:description\" content=\"Quarante d\u00e9l\u00e9gu\u00e9s syndicaux, en provenance d&rsquo;Europe, du Moyen-Orient et d&rsquo;Afrique du Nord, d&rsquo;Am\u00e9rique du Nord, d&rsquo;Asie-Pacifique et\" \/>\n<meta property=\"og:url\" content=\"https:\/\/admin.industriall-union.org\/fr\/les-travailleurs-du-secteur-du-ciment-lance-un-reseau-syndical-mondial-a-heidelbergcement\/\" \/>\n<meta property=\"og:site_name\" content=\"industriall-union\" \/>\n<meta property=\"article:modified_time\" content=\"2025-02-04T17:56:09+00:00\" \/>\n<meta name=\"twitter:card\" content=\"summary_large_image\" \/>\n<meta name=\"twitter:label1\" content=\"Est. reading time\" \/>\n\t<meta name=\"twitter:data1\" content=\"3 minutes\" \/>\n<script type=\"application\/ld+json\" class=\"yoast-schema-graph\">{\"@context\":\"https:\/\/schema.org\",\"@graph\":[{\"@type\":\"WebPage\",\"@id\":\"https:\/\/admin.industriall-union.org\/fr\/les-travailleurs-du-secteur-du-ciment-lance-un-reseau-syndical-mondial-a-heidelbergcement\/\",\"url\":\"https:\/\/admin.industriall-union.org\/fr\/les-travailleurs-du-secteur-du-ciment-lance-un-reseau-syndical-mondial-a-heidelbergcement\/\",\"name\":\"Les travailleurs du secteur du ciment lance un r\u00e9seau syndical mondial \u00e0 HeidelbergCement - industriall-union\",\"isPartOf\":{\"@id\":\"https:\/\/admin.industriall-union.org\/#website\"},\"datePublished\":\"2017-11-02T12:21:06+00:00\",\"dateModified\":\"2025-02-04T17:56:09+00:00\",\"description\":\"Quarante d\u00e9l\u00e9gu\u00e9s syndicaux, en provenance d&rsquo;Europe, du Moyen-Orient et d&rsquo;Afrique du Nord, d&rsquo;Am\u00e9rique du Nord, d&rsquo;Asie-Pacifique et\",\"breadcrumb\":{\"@id\":\"https:\/\/admin.industriall-union.org\/fr\/les-travailleurs-du-secteur-du-ciment-lance-un-reseau-syndical-mondial-a-heidelbergcement\/#breadcrumb\"},\"inLanguage\":\"fr-FR\",\"potentialAction\":[{\"@type\":\"ReadAction\",\"target\":[\"https:\/\/admin.industriall-union.org\/fr\/les-travailleurs-du-secteur-du-ciment-lance-un-reseau-syndical-mondial-a-heidelbergcement\/\"]}]},{\"@type\":\"BreadcrumbList\",\"@id\":\"https:\/\/admin.industriall-union.org\/fr\/les-travailleurs-du-secteur-du-ciment-lance-un-reseau-syndical-mondial-a-heidelbergcement\/#breadcrumb\",\"itemListElement\":[{\"@type\":\"ListItem\",\"position\":1,\"name\":\"Home\",\"item\":\"https:\/\/admin.industriall-union.org\/\"},{\"@type\":\"ListItem\",\"position\":2,\"name\":\"Articles\",\"item\":\"https:\/\/admin.industriall-union.org\/article\/\"},{\"@type\":\"ListItem\",\"position\":3,\"name\":\"Les travailleurs du secteur du ciment lance un r\u00e9seau syndical mondial \u00e0 HeidelbergCement\"}]},{\"@type\":\"WebSite\",\"@id\":\"https:\/\/admin.industriall-union.org\/#website\",\"url\":\"https:\/\/admin.industriall-union.org\/\",\"name\":\"industriall-union\",\"description\":\"\",\"potentialAction\":[{\"@type\":\"SearchAction\",\"target\":{\"@type\":\"EntryPoint\",\"urlTemplate\":\"https:\/\/admin.industriall-union.org\/?s={search_term_string}\"},\"query-input\":{\"@type\":\"PropertyValueSpecification\",\"valueRequired\":true,\"valueName\":\"search_term_string\"}}],\"inLanguage\":\"fr-FR\"}]}<\/script>\n<!-- \/ Yoast SEO Premium plugin. -->","yoast_head_json":{"title":"Les travailleurs du secteur du ciment lance un r\u00e9seau syndical mondial \u00e0 HeidelbergCement - industriall-union","description":"Quarante d\u00e9l\u00e9gu\u00e9s syndicaux, en provenance d&rsquo;Europe, du Moyen-Orient et d&rsquo;Afrique du Nord, d&rsquo;Am\u00e9rique du Nord, d&rsquo;Asie-Pacifique et","robots":{"index":"index","follow":"follow","max-snippet":"max-snippet:-1","max-image-preview":"max-image-preview:large","max-video-preview":"max-video-preview:-1"},"canonical":"https:\/\/admin.industriall-union.org\/fr\/les-travailleurs-du-secteur-du-ciment-lance-un-reseau-syndical-mondial-a-heidelbergcement\/","og_locale":"fr_FR","og_type":"article","og_title":"Les travailleurs du secteur du ciment lance un r\u00e9seau syndical mondial \u00e0 HeidelbergCement","og_description":"Quarante d\u00e9l\u00e9gu\u00e9s syndicaux, en provenance d&rsquo;Europe, du Moyen-Orient et d&rsquo;Afrique du Nord, d&rsquo;Am\u00e9rique du Nord, d&rsquo;Asie-Pacifique et","og_url":"https:\/\/admin.industriall-union.org\/fr\/les-travailleurs-du-secteur-du-ciment-lance-un-reseau-syndical-mondial-a-heidelbergcement\/","og_site_name":"industriall-union","article_modified_time":"2025-02-04T17:56:09+00:00","twitter_card":"summary_large_image","twitter_misc":{"Est. reading time":"3 minutes"},"schema":{"@context":"https:\/\/schema.org","@graph":[{"@type":"WebPage","@id":"https:\/\/admin.industriall-union.org\/fr\/les-travailleurs-du-secteur-du-ciment-lance-un-reseau-syndical-mondial-a-heidelbergcement\/","url":"https:\/\/admin.industriall-union.org\/fr\/les-travailleurs-du-secteur-du-ciment-lance-un-reseau-syndical-mondial-a-heidelbergcement\/","name":"Les travailleurs du secteur du ciment lance un r\u00e9seau syndical mondial \u00e0 HeidelbergCement - industriall-union","isPartOf":{"@id":"https:\/\/admin.industriall-union.org\/#website"},"datePublished":"2017-11-02T12:21:06+00:00","dateModified":"2025-02-04T17:56:09+00:00","description":"Quarante d\u00e9l\u00e9gu\u00e9s syndicaux, en provenance d&rsquo;Europe, du Moyen-Orient et d&rsquo;Afrique du Nord, d&rsquo;Am\u00e9rique du Nord, d&rsquo;Asie-Pacifique et","breadcrumb":{"@id":"https:\/\/admin.industriall-union.org\/fr\/les-travailleurs-du-secteur-du-ciment-lance-un-reseau-syndical-mondial-a-heidelbergcement\/#breadcrumb"},"inLanguage":"fr-FR","potentialAction":[{"@type":"ReadAction","target":["https:\/\/admin.industriall-union.org\/fr\/les-travailleurs-du-secteur-du-ciment-lance-un-reseau-syndical-mondial-a-heidelbergcement\/"]}]},{"@type":"BreadcrumbList","@id":"https:\/\/admin.industriall-union.org\/fr\/les-travailleurs-du-secteur-du-ciment-lance-un-reseau-syndical-mondial-a-heidelbergcement\/#breadcrumb","itemListElement":[{"@type":"ListItem","position":1,"name":"Home","item":"https:\/\/admin.industriall-union.org\/"},{"@type":"ListItem","position":2,"name":"Articles","item":"https:\/\/admin.industriall-union.org\/article\/"},{"@type":"ListItem","position":3,"name":"Les travailleurs du secteur du ciment lance un r\u00e9seau syndical mondial \u00e0 HeidelbergCement"}]},{"@type":"WebSite","@id":"https:\/\/admin.industriall-union.org\/#website","url":"https:\/\/admin.industriall-union.org\/","name":"industriall-union","description":"","potentialAction":[{"@type":"SearchAction","target":{"@type":"EntryPoint","urlTemplate":"https:\/\/admin.industriall-union.org\/?s={search_term_string}"},"query-input":{"@type":"PropertyValueSpecification","valueRequired":true,"valueName":"search_term_string"}}],"inLanguage":"fr-FR"}]}},"_links":{"self":[{"href":"https:\/\/admin.industriall-union.org\/fr\/wp-json\/wp\/v2\/article\/149262","targetHints":{"allow":["GET"]}}],"collection":[{"href":"https:\/\/admin.industriall-union.org\/fr\/wp-json\/wp\/v2\/article"}],"about":[{"href":"https:\/\/admin.industriall-union.org\/fr\/wp-json\/wp\/v2\/types\/article"}],"wp:attachment":[{"href":"https:\/\/admin.industriall-union.org\/fr\/wp-json\/wp\/v2\/media?parent=149262"}],"wp:term":[{"taxonomy":"issues","embeddable":true,"href":"https:\/\/admin.industriall-union.org\/fr\/wp-json\/wp\/v2\/issues?post=149262"},{"taxonomy":"companies","embeddable":true,"href":"https:\/\/admin.industriall-union.org\/fr\/wp-json\/wp\/v2\/companies?post=149262"},{"taxonomy":"regions","embeddable":true,"href":"https:\/\/admin.industriall-union.org\/fr\/wp-json\/wp\/v2\/regions?post=149262"},{"taxonomy":"sectors","embeddable":true,"href":"https:\/\/admin.industriall-union.org\/fr\/wp-json\/wp\/v2\/sectors?post=149262"},{"taxonomy":"article_tags","embeddable":true,"href":"https:\/\/admin.industriall-union.org\/fr\/wp-json\/wp\/v2\/article_tags?post=149262"}],"curies":[{"name":"wp","href":"https:\/\/api.w.org\/{rel}","templated":true}]}}