{"id":149249,"date":"2017-11-08T03:14:03","date_gmt":"2017-11-08T03:14:03","guid":{"rendered":"https:\/\/admin.industriall-union.org\/les-affilies-d-industriall-revendiquent-le-respect-des-droits-des-travailleurs-dans-les-industries-des-materiaux\/"},"modified":"2025-02-04T17:29:18","modified_gmt":"2025-02-04T17:29:18","slug":"les-affilies-d-industriall-revendiquent-le-respect-des-droits-des-travailleurs-dans-les-industries-des-materiaux","status":"publish","type":"article","link":"https:\/\/admin.industriall-union.org\/fr\/les-affilies-d-industriall-revendiquent-le-respect-des-droits-des-travailleurs-dans-les-industries-des-materiaux\/","title":{"rendered":"Les affili\u00e9s d\u2019IndustriALL revendiquent le respect des droits des travailleurs dans les industries des mat\u00e9riaux"},"content":{"rendered":"<p>Ces industries \u00e9voluent rapidement, l&rsquo;ensemble du secteur \u00e9tant en constante consolidation et transformation. Les fusions, les acquisitions et les consolidations au sein de ces industries ont modifi\u00e9 le profil, l&rsquo;implantation industrielle et les strat\u00e9gies des principales multinationales. Comme dans bien d&rsquo;autres industries manufacturi\u00e8res, le probl\u00e8me de la surcapacit\u00e9 massive due au maintien par la Chine de ses plus hauts niveaux de production reste une \u00e9p\u00e9e de Damocl\u00e8s au-dessus des emplois sur tous les continents. Industrie 4.0 est \u00e9galement sur le point d&rsquo;affecter les emplois et la vie des travailleurs et travailleuses de mani\u00e8re tr\u00e8s s\u00e9rieuse.<\/p><p>\u00c0 l&rsquo;ouverture de la conf\u00e9rence, Newton B. Jones, Pr\u00e9sident du Syndicat nord-am\u00e9ricain IBB et copr\u00e9sident de la section des mat\u00e9riaux a indiqu\u00e9&nbsp;:<\/p><blockquote><p>&ldquo;Nous voyons la patte du capitalisme mondial, \u00e0 l&rsquo;\u0153uvre partout dans le monde, au sein de toutes les \u00e9conomies et dans toutes les \u00e9tapes de leur d\u00e9veloppement. Par ailleurs, les menaces sont les m\u00eames&nbsp;: travail pr\u00e9caire, nivellement par le bas des salaires et r\u00e9mun\u00e9rations des travailleurs et travailleuses, des mod\u00e8les industriels non-soutenables, des conditions de travail contraires \u00e0 la sant\u00e9 et \u00e0 la s\u00e9curit\u00e9 et une automatisation ayant peu d&rsquo;\u00e9gards quant \u00e0 ses impacts sur la vie des travailleurs et travailleuses.&rdquo;<\/p><\/blockquote><p>Valter Sanches, Secr\u00e9taire g\u00e9n\u00e9ral d&rsquo;IndustriALL Global Union s&rsquo;est \u00e9galement adress\u00e9 aux d\u00e9l\u00e9gu\u00e9s&nbsp;:<\/p><blockquote><p>&ldquo;L&rsquo;industrie des mat\u00e9riaux est devenue un secteur avec une \u00e9norme concentration, en raison des fusions et acquisitions des derni\u00e8res ann\u00e9es. Par le biais de ces tactiques, les multinationales sont devenues extr\u00eamement puissantes et nous, en tant que syndicats, sommes les seuls \u00e0 pouvoir d\u00e9fier leur pouvoir.&rdquo;<\/p><\/blockquote><p>Depuis la derni\u00e8re conf\u00e9rence en 2013 \u00e0 Bangkok, en Tha\u00eflande, les syndicats du secteur des mat\u00e9riaux ont men\u00e9 une s\u00e9rie de luttes et de combats qui ont abouti \u00e0 des victoires pour les travailleurs et travailleuses. Que ce soit en <a href=\"http:\/\/www.industriall-union.org\/fr\/les-travailleurs-en-sous-traitance-de-lafargeholcim-obtiennent-un-accord-equitable-en-inde\">Inde<\/a>, en <a href=\"http:\/\/www.industriall-union.org\/fr\/les-travailleurs-cimentiers-indonesiens-vont-beneficier-de-laccord-ocde\">Indon\u00e9sie<\/a> ou au <a href=\"http:\/\/www.industriall-union.org\/fr\/les-travailleurs-du-ciment-du-syndicat-international-des-metallos-au-canada-sont-parvenus-a-un\">Canada<\/a>, les travailleurs et travailleuses des industries des mat\u00e9riaux et leurs syndicats sont rest\u00e9s fermes quant \u00e0 leurs droits et ont toujours exprim\u00e9 et re\u00e7u une solidarit\u00e9 exemplaire.<\/p><p>Un autre acquis fort de ces quatre derni\u00e8res ann\u00e9es est le <a href=\"http:\/\/www.industriall-union.org\/fr\/lafargeholcim-derniere-etape-en-vue-dun-accord-cadre-mondial\">Protocole d&rsquo;entente<\/a> sign\u00e9 entre LafargeHolcim, IndustriALL et son organisation s\u0153ur, l&rsquo;Internationale des Travailleurs du B\u00e2timent et du Bois, qui pr\u00e9voit davantage de n\u00e9gociations et la conclusion d&rsquo;un Accord-cadre mondial pour mieux prot\u00e9ger les droits des salari\u00e9s directs et indirects de l&rsquo;entreprise.<\/p><p>Le s\u00e9nateur en charge du travail, de l&rsquo;emploi, de l&rsquo;\u00e9conomie et des installations portuaires du gouvernement de Br\u00eame, M. G\u00fcnthner s&rsquo;est exprim\u00e9 face aux d\u00e9l\u00e9gu\u00e9s de la conf\u00e9rence et a rappel\u00e9 l&rsquo;importance de syndicats forts aux plans national et international.<\/p><p>Les participants ont adopt\u00e9 un ambitieux <a href=\"\/wp-content\/uploads\/documents\/2017\/GERMANY\/action_plan_-_world_conference_of_materials_-_02-03_november_2017_en.pdf\">Plan d&rsquo;Action<\/a> ax\u00e9 sur les cinq principaux objectifs d&rsquo;IndustriALL.<\/p><p>Cl\u00f4turant la conf\u00e9rence, Lena Yuliana, de la F\u00e9d\u00e9ration des syndicats du ciment d&rsquo;Indon\u00e9sie FSP ISI, qui a \u00e9t\u00e9 \u00e9lue copr\u00e9sidente du secteur (en compagnie de Newton B. Jones), a d\u00e9clar\u00e9&nbsp;:<\/p><blockquote><p>&ldquo;Nous devons b\u00e2tir une puissance syndicale et renforcer la solidarit\u00e9, \u00e9changer et partager l&rsquo;information avec nos membres. Ce n&rsquo;est que par ce travail que nous serons en mesure d&rsquo;atteindre des r\u00e9sultats tangibles pour nos membres.&rdquo;<\/p><\/blockquote><p>La conf\u00e9rence a \u00e9t\u00e9 pr\u00e9c\u00e9d\u00e9e d&rsquo;une premi\u00e8re r\u00e9union o\u00f9 <a href=\"http:\/\/www.industriall-union.org\/fr\/les-travailleurs-du-secteur-du-ciment-lance-un-reseau-syndical-mondial-a-heidelbergcement\">les syndicats qui repr\u00e9sentent les travailleurs et travailleuses d&rsquo;HeidelbergCement ont mis sur pied leur r\u00e9seau syndical<\/a>. Il a d\u00e9j\u00e0 entam\u00e9 son travail et adopt\u00e9 une d\u00e9claration sp\u00e9ciale qui d\u00e9finit ses activit\u00e9s pour le plus proche avenir.<\/p><p>Commentant les r\u00e9sultats de la conf\u00e9rence, Matthias Hartwich, Directeur pour les industries des mat\u00e9riaux d&rsquo;IndustriALL a d\u00e9clar\u00e9&nbsp;:<\/p><blockquote><p>&ldquo;Les travailleurs et travailleuses de ce vaste secteur sont confront\u00e9s \u00e0 de nombreux d\u00e9fis, dont de mauvaises conditions de sant\u00e9 et s\u00e9curit\u00e9 et le travail pr\u00e9caire. Nous avons conjointement d\u00e9cid\u00e9 de nos priorit\u00e9s et de l\u00e0 o\u00f9 nous voulons agir au cours des quatre prochaines ann\u00e9es. C&rsquo;est un plan tr\u00e8s ambitieux et nous devrons mobiliser toutes nos forces pour l&rsquo;ex\u00e9cuter. Mais nous voulons que nos syndicats soient forts et pr\u00eats \u00e0 d\u00e9fier la puissance des multinationales&nbsp;; nous nous dressons fermement pour exiger le respect des droits des travailleurs et travailleuses&nbsp;!&rdquo;<\/p><\/blockquote><p>Des photos de la conf\u00e9rence sont disponibles sur <a href=\"https:\/\/www.flickr.com\/photos\/industriall_gu\/albums\/72157690280055636\">le compte Flickr d&rsquo;IndustriALL<\/a>.<\/p>","protected":false},"featured_media":0,"template":"","issues":[406,412],"companies":[],"regions":[],"sectors":[449],"article_tags":[511],"class_list":["post-149249","article","type-article","status-publish","hentry","issues-confronting-global-capital","issues-social-justice-and-globalization","sectors-verres-ciment-ceramique-et-industries-associees","article_tags-industriall"],"acf":[],"yoast_head":"<!-- This site is optimized with the Yoast SEO Premium plugin v27.1 (Yoast SEO v27.1) - https:\/\/yoast.com\/product\/yoast-seo-premium-wordpress\/ -->\n<title>Les affili\u00e9s d\u2019IndustriALL revendiquent le respect des droits des travailleurs dans les industries des mat\u00e9riaux - industriall-union<\/title>\n<meta name=\"description\" content=\"Ces industries \u00e9voluent rapidement, l&rsquo;ensemble du secteur \u00e9tant en constante consolidation et transformation. Les fusions, les acquisitions et les\" \/>\n<meta name=\"robots\" content=\"index, follow, max-snippet:-1, max-image-preview:large, max-video-preview:-1\" \/>\n<link rel=\"canonical\" href=\"https:\/\/admin.industriall-union.org\/fr\/les-affilies-d-industriall-revendiquent-le-respect-des-droits-des-travailleurs-dans-les-industries-des-materiaux\/\" \/>\n<meta property=\"og:locale\" content=\"fr_FR\" \/>\n<meta property=\"og:type\" content=\"article\" \/>\n<meta property=\"og:title\" content=\"Les affili\u00e9s d\u2019IndustriALL revendiquent le respect des droits des travailleurs dans les industries des mat\u00e9riaux\" \/>\n<meta property=\"og:description\" content=\"Ces industries \u00e9voluent rapidement, l&rsquo;ensemble du secteur \u00e9tant en constante consolidation et transformation. Les fusions, les acquisitions et les\" \/>\n<meta property=\"og:url\" content=\"https:\/\/admin.industriall-union.org\/fr\/les-affilies-d-industriall-revendiquent-le-respect-des-droits-des-travailleurs-dans-les-industries-des-materiaux\/\" \/>\n<meta property=\"og:site_name\" content=\"industriall-union\" \/>\n<meta property=\"article:modified_time\" content=\"2025-02-04T17:29:18+00:00\" \/>\n<meta name=\"twitter:card\" content=\"summary_large_image\" \/>\n<meta name=\"twitter:label1\" content=\"Est. reading time\" \/>\n\t<meta name=\"twitter:data1\" content=\"4 minutes\" \/>\n<script type=\"application\/ld+json\" class=\"yoast-schema-graph\">{\"@context\":\"https:\/\/schema.org\",\"@graph\":[{\"@type\":\"WebPage\",\"@id\":\"https:\/\/admin.industriall-union.org\/fr\/les-affilies-d-industriall-revendiquent-le-respect-des-droits-des-travailleurs-dans-les-industries-des-materiaux\/\",\"url\":\"https:\/\/admin.industriall-union.org\/fr\/les-affilies-d-industriall-revendiquent-le-respect-des-droits-des-travailleurs-dans-les-industries-des-materiaux\/\",\"name\":\"Les affili\u00e9s d\u2019IndustriALL revendiquent le respect des droits des travailleurs dans les industries des mat\u00e9riaux - industriall-union\",\"isPartOf\":{\"@id\":\"https:\/\/admin.industriall-union.org\/#website\"},\"datePublished\":\"2017-11-08T03:14:03+00:00\",\"dateModified\":\"2025-02-04T17:29:18+00:00\",\"description\":\"Ces industries \u00e9voluent rapidement, l&rsquo;ensemble du secteur \u00e9tant en constante consolidation et transformation. Les fusions, les acquisitions et les\",\"breadcrumb\":{\"@id\":\"https:\/\/admin.industriall-union.org\/fr\/les-affilies-d-industriall-revendiquent-le-respect-des-droits-des-travailleurs-dans-les-industries-des-materiaux\/#breadcrumb\"},\"inLanguage\":\"fr-FR\",\"potentialAction\":[{\"@type\":\"ReadAction\",\"target\":[\"https:\/\/admin.industriall-union.org\/fr\/les-affilies-d-industriall-revendiquent-le-respect-des-droits-des-travailleurs-dans-les-industries-des-materiaux\/\"]}]},{\"@type\":\"BreadcrumbList\",\"@id\":\"https:\/\/admin.industriall-union.org\/fr\/les-affilies-d-industriall-revendiquent-le-respect-des-droits-des-travailleurs-dans-les-industries-des-materiaux\/#breadcrumb\",\"itemListElement\":[{\"@type\":\"ListItem\",\"position\":1,\"name\":\"Home\",\"item\":\"https:\/\/admin.industriall-union.org\/\"},{\"@type\":\"ListItem\",\"position\":2,\"name\":\"Articles\",\"item\":\"https:\/\/admin.industriall-union.org\/article\/\"},{\"@type\":\"ListItem\",\"position\":3,\"name\":\"Les affili\u00e9s d\u2019IndustriALL revendiquent le respect des droits des travailleurs dans les industries des mat\u00e9riaux\"}]},{\"@type\":\"WebSite\",\"@id\":\"https:\/\/admin.industriall-union.org\/#website\",\"url\":\"https:\/\/admin.industriall-union.org\/\",\"name\":\"industriall-union\",\"description\":\"\",\"potentialAction\":[{\"@type\":\"SearchAction\",\"target\":{\"@type\":\"EntryPoint\",\"urlTemplate\":\"https:\/\/admin.industriall-union.org\/?s={search_term_string}\"},\"query-input\":{\"@type\":\"PropertyValueSpecification\",\"valueRequired\":true,\"valueName\":\"search_term_string\"}}],\"inLanguage\":\"fr-FR\"}]}<\/script>\n<!-- \/ Yoast SEO Premium plugin. -->","yoast_head_json":{"title":"Les affili\u00e9s d\u2019IndustriALL revendiquent le respect des droits des travailleurs dans les industries des mat\u00e9riaux - industriall-union","description":"Ces industries \u00e9voluent rapidement, l&rsquo;ensemble du secteur \u00e9tant en constante consolidation et transformation. Les fusions, les acquisitions et les","robots":{"index":"index","follow":"follow","max-snippet":"max-snippet:-1","max-image-preview":"max-image-preview:large","max-video-preview":"max-video-preview:-1"},"canonical":"https:\/\/admin.industriall-union.org\/fr\/les-affilies-d-industriall-revendiquent-le-respect-des-droits-des-travailleurs-dans-les-industries-des-materiaux\/","og_locale":"fr_FR","og_type":"article","og_title":"Les affili\u00e9s d\u2019IndustriALL revendiquent le respect des droits des travailleurs dans les industries des mat\u00e9riaux","og_description":"Ces industries \u00e9voluent rapidement, l&rsquo;ensemble du secteur \u00e9tant en constante consolidation et transformation. Les fusions, les acquisitions et les","og_url":"https:\/\/admin.industriall-union.org\/fr\/les-affilies-d-industriall-revendiquent-le-respect-des-droits-des-travailleurs-dans-les-industries-des-materiaux\/","og_site_name":"industriall-union","article_modified_time":"2025-02-04T17:29:18+00:00","twitter_card":"summary_large_image","twitter_misc":{"Est. reading time":"4 minutes"},"schema":{"@context":"https:\/\/schema.org","@graph":[{"@type":"WebPage","@id":"https:\/\/admin.industriall-union.org\/fr\/les-affilies-d-industriall-revendiquent-le-respect-des-droits-des-travailleurs-dans-les-industries-des-materiaux\/","url":"https:\/\/admin.industriall-union.org\/fr\/les-affilies-d-industriall-revendiquent-le-respect-des-droits-des-travailleurs-dans-les-industries-des-materiaux\/","name":"Les affili\u00e9s d\u2019IndustriALL revendiquent le respect des droits des travailleurs dans les industries des mat\u00e9riaux - industriall-union","isPartOf":{"@id":"https:\/\/admin.industriall-union.org\/#website"},"datePublished":"2017-11-08T03:14:03+00:00","dateModified":"2025-02-04T17:29:18+00:00","description":"Ces industries \u00e9voluent rapidement, l&rsquo;ensemble du secteur \u00e9tant en constante consolidation et transformation. Les fusions, les acquisitions et les","breadcrumb":{"@id":"https:\/\/admin.industriall-union.org\/fr\/les-affilies-d-industriall-revendiquent-le-respect-des-droits-des-travailleurs-dans-les-industries-des-materiaux\/#breadcrumb"},"inLanguage":"fr-FR","potentialAction":[{"@type":"ReadAction","target":["https:\/\/admin.industriall-union.org\/fr\/les-affilies-d-industriall-revendiquent-le-respect-des-droits-des-travailleurs-dans-les-industries-des-materiaux\/"]}]},{"@type":"BreadcrumbList","@id":"https:\/\/admin.industriall-union.org\/fr\/les-affilies-d-industriall-revendiquent-le-respect-des-droits-des-travailleurs-dans-les-industries-des-materiaux\/#breadcrumb","itemListElement":[{"@type":"ListItem","position":1,"name":"Home","item":"https:\/\/admin.industriall-union.org\/"},{"@type":"ListItem","position":2,"name":"Articles","item":"https:\/\/admin.industriall-union.org\/article\/"},{"@type":"ListItem","position":3,"name":"Les affili\u00e9s d\u2019IndustriALL revendiquent le respect des droits des travailleurs dans les industries des mat\u00e9riaux"}]},{"@type":"WebSite","@id":"https:\/\/admin.industriall-union.org\/#website","url":"https:\/\/admin.industriall-union.org\/","name":"industriall-union","description":"","potentialAction":[{"@type":"SearchAction","target":{"@type":"EntryPoint","urlTemplate":"https:\/\/admin.industriall-union.org\/?s={search_term_string}"},"query-input":{"@type":"PropertyValueSpecification","valueRequired":true,"valueName":"search_term_string"}}],"inLanguage":"fr-FR"}]}},"_links":{"self":[{"href":"https:\/\/admin.industriall-union.org\/fr\/wp-json\/wp\/v2\/article\/149249","targetHints":{"allow":["GET"]}}],"collection":[{"href":"https:\/\/admin.industriall-union.org\/fr\/wp-json\/wp\/v2\/article"}],"about":[{"href":"https:\/\/admin.industriall-union.org\/fr\/wp-json\/wp\/v2\/types\/article"}],"wp:attachment":[{"href":"https:\/\/admin.industriall-union.org\/fr\/wp-json\/wp\/v2\/media?parent=149249"}],"wp:term":[{"taxonomy":"issues","embeddable":true,"href":"https:\/\/admin.industriall-union.org\/fr\/wp-json\/wp\/v2\/issues?post=149249"},{"taxonomy":"companies","embeddable":true,"href":"https:\/\/admin.industriall-union.org\/fr\/wp-json\/wp\/v2\/companies?post=149249"},{"taxonomy":"regions","embeddable":true,"href":"https:\/\/admin.industriall-union.org\/fr\/wp-json\/wp\/v2\/regions?post=149249"},{"taxonomy":"sectors","embeddable":true,"href":"https:\/\/admin.industriall-union.org\/fr\/wp-json\/wp\/v2\/sectors?post=149249"},{"taxonomy":"article_tags","embeddable":true,"href":"https:\/\/admin.industriall-union.org\/fr\/wp-json\/wp\/v2\/article_tags?post=149249"}],"curies":[{"name":"wp","href":"https:\/\/api.w.org\/{rel}","templated":true}]}}