{"id":149225,"date":"2017-11-15T14:23:11","date_gmt":"2017-11-15T14:23:11","guid":{"rendered":"https:\/\/admin.industriall-union.org\/roumanie-manifestations-contre-le-transfert-des-couts-de-securite-sociale-sur-les-epaules-des-travailleurs\/"},"modified":"2025-02-04T17:06:55","modified_gmt":"2025-02-04T17:06:55","slug":"roumanie-manifestations-contre-le-transfert-des-couts-de-securite-sociale-sur-les-epaules-des-travailleurs","status":"publish","type":"article","link":"https:\/\/admin.industriall-union.org\/fr\/roumanie-manifestations-contre-le-transfert-des-couts-de-securite-sociale-sur-les-epaules-des-travailleurs\/","title":{"rendered":"Roumanie : manifestations contre le transfert des co\u00fbts de s\u00e9curit\u00e9 sociale sur les \u00e9paules des travailleurs"},"content":{"rendered":"<p>Les manifestations ont \u00e9t\u00e9 d\u00e9clench\u00e9es en r\u00e9ponse \u00e0 l&rsquo;annonce d&rsquo;une r\u00e9vision du syst\u00e8me d&rsquo;imposition. Les mesures propos\u00e9es dans le plan du gouvernement roumain pr\u00e9voient l&rsquo;augmentation du salaire minimum, mais les apports \u00e0 un fond de pension priv\u00e9 obligatoire seront limit\u00e9s.<\/p><p>Les employeurs paieraient une taxe de 2,25% sur l&rsquo;ensemble des salaires qu&#039;ils versent et les petites entreprises avec un chiffre d&rsquo;affaires de moins d&rsquo;un million d&rsquo;euros ne contribueraient que pour 1% du chiffre d&rsquo;affaires au lieu des actuels 16% sur les b\u00e9n\u00e9fices, diminuant ainsi les contributions des employeurs \u00e0 la s\u00e9curit\u00e9 sociale pour en reporter toute la charge sur les salari\u00e9s.<\/p><p>Il sera aussi de la responsabilit\u00e9 des employeurs de n\u00e9gocier individuellement avec leurs salari\u00e9s au sujet d&rsquo;une augmentation potentielle de leurs salaires pour compenser la diff\u00e9rence en mati\u00e8re de contributions sociales.<\/p><p>Si elles sont approuv\u00e9es, ces mesures entreraient en vigueur au 1er janvier 2018.<\/p><p>Le Comit\u00e9 ex\u00e9cutif d&rsquo;IndustriALL Global Union lors de sa r\u00e9union \u00e0 Colombo, au Sri Lanka, ces 8 et 9 novembre derniers, a adopt\u00e9 \u00e0 l&rsquo;unanimit\u00e9 une r\u00e9solution sp\u00e9ciale de soutien aux travailleurs et travailleuses et leurs syndicats affili\u00e9s de Roumanie qui condamne le projet de r\u00e9vision fiscale propos\u00e9 par le gouvernement roumain. Texte de la r\u00e9solution en <a href=\"\/wp-content\/uploads\/documents\/2017\/ROMANIA\/special_resolution1.pdf#overlay-context=users\/alex\">anglais<\/a> et en <a href=\"\/wp-content\/uploads\/documents\/2017\/ROMANIA\/special_resolution_romania_rom.pdf\">roumain<\/a>.<\/p><p>IndustriALL Global Union a \u00e9galement fait parvenir un <a href=\"\/wp-content\/uploads\/documents\/2017\/ROMANIA\/industriall_global_union_letter_to_prime_minister_of_romania_14.11.2017.pdf\">courrier au gouvernement de Roumanie<\/a> l&rsquo;appelant \u00e0 &ldquo;renoncer \u00e0 faire payer aux travailleurs la part des employeurs au niveau de leur s\u00e9curit\u00e9 sociale&rdquo;.<\/p><p>Dans ce courrier, Valter Sanches, Secr\u00e9taire g\u00e9n\u00e9ral d&rsquo;IndustriALL Global Union, disait&nbsp;:<\/p><blockquote><p>&ldquo;Partout en Europe, et au-del\u00e0, les contributions de s\u00e9curit\u00e9 sociale sont financ\u00e9es conjointement par les salari\u00e9s et les employeurs. Il est pour le moins surprenant qu&rsquo;un gouvernement soutenu par une majorit\u00e9 sociale-d\u00e9mocrate approuve une telle mesure qui va \u00e0 l&rsquo;encontre du principe de solidarit\u00e9 et de l&rsquo;objectif visant \u00e0 assurer des conditions de travail d\u00e9centes et \u00e0 am\u00e9liorer le bien-\u00eatre g\u00e9n\u00e9ral. Faire passer tout le poids des pr\u00e9l\u00e8vements de s\u00e9curit\u00e9 sociale sur les \u00e9paules des salari\u00e9s conduirait \u00e0 une nouvelle chute du pouvoir d&rsquo;achat, \u00e0 une d\u00e9t\u00e9rioration des conditions de vie des citoyens et pousserait par ailleurs encore davantage de jeunes \u00e0 quitter le pays.&rdquo;<\/p><p>&ldquo;Cette mesure fait ouvertement fi des normes europ\u00e9ennes et internationales. Elle est en contravention avec des droits humains et sociaux fondamentaux tels que d\u00e9finis, entre autres, au sein de la D\u00e9claration universelle des Droits de l&rsquo;Homme, du Pacte international relatif aux droits \u00e9conomiques, sociaux et culturels et des Conventions de l&rsquo;Organisation internationale du Travail et de ses Recommandations ayant trait \u00e0 la s\u00e9curit\u00e9 sociale, notamment la Convention 102, qui a \u00e9t\u00e9 ratifi\u00e9e par la Roumanie, et la Recommandation 202.&rdquo;<\/p><\/blockquote><p>Valter Sanches a aussi appel\u00e9 le gouvernement roumain&nbsp;:<\/p><blockquote><p>&ldquo;\u00e0 garantir les droits humains et syndicaux des travailleurs et travailleuses, \u00e0 ex\u00e9cuter une politique sociale efficace et \u00e0 s&rsquo;assurer que le principe de la responsabilit\u00e9 partag\u00e9e des contributions en mati\u00e8re de protection sociale soit maintenu.&rdquo;<\/p><\/blockquote>","protected":false},"featured_media":0,"template":"","issues":[416,420,425],"companies":[],"regions":[241],"sectors":[],"article_tags":[],"class_list":["post-149225","article","type-article","status-publish","hentry","issues-living-wage","issues-solidarity","issues-workers-rights","regions-romania"],"acf":[],"yoast_head":"<!-- This site is optimized with the Yoast SEO Premium plugin v27.1 (Yoast SEO v27.1) - https:\/\/yoast.com\/product\/yoast-seo-premium-wordpress\/ -->\n<title>Roumanie : manifestations contre le transfert des co\u00fbts de s\u00e9curit\u00e9 sociale sur les \u00e9paules des travailleurs - industriall-union<\/title>\n<meta name=\"description\" content=\"Les manifestations ont \u00e9t\u00e9 d\u00e9clench\u00e9es en r\u00e9ponse \u00e0 l&rsquo;annonce d&rsquo;une r\u00e9vision du syst\u00e8me d&rsquo;imposition. Les mesures propos\u00e9es dans le plan\" \/>\n<meta name=\"robots\" content=\"index, follow, max-snippet:-1, max-image-preview:large, max-video-preview:-1\" \/>\n<link rel=\"canonical\" href=\"https:\/\/admin.industriall-union.org\/fr\/roumanie-manifestations-contre-le-transfert-des-couts-de-securite-sociale-sur-les-epaules-des-travailleurs\/\" \/>\n<meta property=\"og:locale\" content=\"fr_FR\" \/>\n<meta property=\"og:type\" content=\"article\" \/>\n<meta property=\"og:title\" content=\"Roumanie : manifestations contre le transfert des co\u00fbts de s\u00e9curit\u00e9 sociale sur les \u00e9paules des travailleurs\" \/>\n<meta property=\"og:description\" content=\"Les manifestations ont \u00e9t\u00e9 d\u00e9clench\u00e9es en r\u00e9ponse \u00e0 l&rsquo;annonce d&rsquo;une r\u00e9vision du syst\u00e8me d&rsquo;imposition. Les mesures propos\u00e9es dans le plan\" \/>\n<meta property=\"og:url\" content=\"https:\/\/admin.industriall-union.org\/fr\/roumanie-manifestations-contre-le-transfert-des-couts-de-securite-sociale-sur-les-epaules-des-travailleurs\/\" \/>\n<meta property=\"og:site_name\" content=\"industriall-union\" \/>\n<meta property=\"article:modified_time\" content=\"2025-02-04T17:06:55+00:00\" \/>\n<meta name=\"twitter:card\" content=\"summary_large_image\" \/>\n<meta name=\"twitter:label1\" content=\"Est. reading time\" \/>\n\t<meta name=\"twitter:data1\" content=\"3 minutes\" \/>\n<script type=\"application\/ld+json\" class=\"yoast-schema-graph\">{\"@context\":\"https:\/\/schema.org\",\"@graph\":[{\"@type\":\"WebPage\",\"@id\":\"https:\/\/admin.industriall-union.org\/fr\/roumanie-manifestations-contre-le-transfert-des-couts-de-securite-sociale-sur-les-epaules-des-travailleurs\/\",\"url\":\"https:\/\/admin.industriall-union.org\/fr\/roumanie-manifestations-contre-le-transfert-des-couts-de-securite-sociale-sur-les-epaules-des-travailleurs\/\",\"name\":\"Roumanie : manifestations contre le transfert des co\u00fbts de s\u00e9curit\u00e9 sociale sur les \u00e9paules des travailleurs - industriall-union\",\"isPartOf\":{\"@id\":\"https:\/\/admin.industriall-union.org\/#website\"},\"datePublished\":\"2017-11-15T14:23:11+00:00\",\"dateModified\":\"2025-02-04T17:06:55+00:00\",\"description\":\"Les manifestations ont \u00e9t\u00e9 d\u00e9clench\u00e9es en r\u00e9ponse \u00e0 l&rsquo;annonce d&rsquo;une r\u00e9vision du syst\u00e8me d&rsquo;imposition. Les mesures propos\u00e9es dans le plan\",\"breadcrumb\":{\"@id\":\"https:\/\/admin.industriall-union.org\/fr\/roumanie-manifestations-contre-le-transfert-des-couts-de-securite-sociale-sur-les-epaules-des-travailleurs\/#breadcrumb\"},\"inLanguage\":\"fr-FR\",\"potentialAction\":[{\"@type\":\"ReadAction\",\"target\":[\"https:\/\/admin.industriall-union.org\/fr\/roumanie-manifestations-contre-le-transfert-des-couts-de-securite-sociale-sur-les-epaules-des-travailleurs\/\"]}]},{\"@type\":\"BreadcrumbList\",\"@id\":\"https:\/\/admin.industriall-union.org\/fr\/roumanie-manifestations-contre-le-transfert-des-couts-de-securite-sociale-sur-les-epaules-des-travailleurs\/#breadcrumb\",\"itemListElement\":[{\"@type\":\"ListItem\",\"position\":1,\"name\":\"Home\",\"item\":\"https:\/\/admin.industriall-union.org\/\"},{\"@type\":\"ListItem\",\"position\":2,\"name\":\"Articles\",\"item\":\"https:\/\/admin.industriall-union.org\/article\/\"},{\"@type\":\"ListItem\",\"position\":3,\"name\":\"Roumanie : manifestations contre le transfert des co\u00fbts de s\u00e9curit\u00e9 sociale sur les \u00e9paules des travailleurs\"}]},{\"@type\":\"WebSite\",\"@id\":\"https:\/\/admin.industriall-union.org\/#website\",\"url\":\"https:\/\/admin.industriall-union.org\/\",\"name\":\"industriall-union\",\"description\":\"\",\"potentialAction\":[{\"@type\":\"SearchAction\",\"target\":{\"@type\":\"EntryPoint\",\"urlTemplate\":\"https:\/\/admin.industriall-union.org\/?s={search_term_string}\"},\"query-input\":{\"@type\":\"PropertyValueSpecification\",\"valueRequired\":true,\"valueName\":\"search_term_string\"}}],\"inLanguage\":\"fr-FR\"}]}<\/script>\n<!-- \/ Yoast SEO Premium plugin. -->","yoast_head_json":{"title":"Roumanie : manifestations contre le transfert des co\u00fbts de s\u00e9curit\u00e9 sociale sur les \u00e9paules des travailleurs - industriall-union","description":"Les manifestations ont \u00e9t\u00e9 d\u00e9clench\u00e9es en r\u00e9ponse \u00e0 l&rsquo;annonce d&rsquo;une r\u00e9vision du syst\u00e8me d&rsquo;imposition. Les mesures propos\u00e9es dans le plan","robots":{"index":"index","follow":"follow","max-snippet":"max-snippet:-1","max-image-preview":"max-image-preview:large","max-video-preview":"max-video-preview:-1"},"canonical":"https:\/\/admin.industriall-union.org\/fr\/roumanie-manifestations-contre-le-transfert-des-couts-de-securite-sociale-sur-les-epaules-des-travailleurs\/","og_locale":"fr_FR","og_type":"article","og_title":"Roumanie : manifestations contre le transfert des co\u00fbts de s\u00e9curit\u00e9 sociale sur les \u00e9paules des travailleurs","og_description":"Les manifestations ont \u00e9t\u00e9 d\u00e9clench\u00e9es en r\u00e9ponse \u00e0 l&rsquo;annonce d&rsquo;une r\u00e9vision du syst\u00e8me d&rsquo;imposition. Les mesures propos\u00e9es dans le plan","og_url":"https:\/\/admin.industriall-union.org\/fr\/roumanie-manifestations-contre-le-transfert-des-couts-de-securite-sociale-sur-les-epaules-des-travailleurs\/","og_site_name":"industriall-union","article_modified_time":"2025-02-04T17:06:55+00:00","twitter_card":"summary_large_image","twitter_misc":{"Est. reading time":"3 minutes"},"schema":{"@context":"https:\/\/schema.org","@graph":[{"@type":"WebPage","@id":"https:\/\/admin.industriall-union.org\/fr\/roumanie-manifestations-contre-le-transfert-des-couts-de-securite-sociale-sur-les-epaules-des-travailleurs\/","url":"https:\/\/admin.industriall-union.org\/fr\/roumanie-manifestations-contre-le-transfert-des-couts-de-securite-sociale-sur-les-epaules-des-travailleurs\/","name":"Roumanie : manifestations contre le transfert des co\u00fbts de s\u00e9curit\u00e9 sociale sur les \u00e9paules des travailleurs - industriall-union","isPartOf":{"@id":"https:\/\/admin.industriall-union.org\/#website"},"datePublished":"2017-11-15T14:23:11+00:00","dateModified":"2025-02-04T17:06:55+00:00","description":"Les manifestations ont \u00e9t\u00e9 d\u00e9clench\u00e9es en r\u00e9ponse \u00e0 l&rsquo;annonce d&rsquo;une r\u00e9vision du syst\u00e8me d&rsquo;imposition. Les mesures propos\u00e9es dans le plan","breadcrumb":{"@id":"https:\/\/admin.industriall-union.org\/fr\/roumanie-manifestations-contre-le-transfert-des-couts-de-securite-sociale-sur-les-epaules-des-travailleurs\/#breadcrumb"},"inLanguage":"fr-FR","potentialAction":[{"@type":"ReadAction","target":["https:\/\/admin.industriall-union.org\/fr\/roumanie-manifestations-contre-le-transfert-des-couts-de-securite-sociale-sur-les-epaules-des-travailleurs\/"]}]},{"@type":"BreadcrumbList","@id":"https:\/\/admin.industriall-union.org\/fr\/roumanie-manifestations-contre-le-transfert-des-couts-de-securite-sociale-sur-les-epaules-des-travailleurs\/#breadcrumb","itemListElement":[{"@type":"ListItem","position":1,"name":"Home","item":"https:\/\/admin.industriall-union.org\/"},{"@type":"ListItem","position":2,"name":"Articles","item":"https:\/\/admin.industriall-union.org\/article\/"},{"@type":"ListItem","position":3,"name":"Roumanie : manifestations contre le transfert des co\u00fbts de s\u00e9curit\u00e9 sociale sur les \u00e9paules des travailleurs"}]},{"@type":"WebSite","@id":"https:\/\/admin.industriall-union.org\/#website","url":"https:\/\/admin.industriall-union.org\/","name":"industriall-union","description":"","potentialAction":[{"@type":"SearchAction","target":{"@type":"EntryPoint","urlTemplate":"https:\/\/admin.industriall-union.org\/?s={search_term_string}"},"query-input":{"@type":"PropertyValueSpecification","valueRequired":true,"valueName":"search_term_string"}}],"inLanguage":"fr-FR"}]}},"_links":{"self":[{"href":"https:\/\/admin.industriall-union.org\/fr\/wp-json\/wp\/v2\/article\/149225","targetHints":{"allow":["GET"]}}],"collection":[{"href":"https:\/\/admin.industriall-union.org\/fr\/wp-json\/wp\/v2\/article"}],"about":[{"href":"https:\/\/admin.industriall-union.org\/fr\/wp-json\/wp\/v2\/types\/article"}],"wp:attachment":[{"href":"https:\/\/admin.industriall-union.org\/fr\/wp-json\/wp\/v2\/media?parent=149225"}],"wp:term":[{"taxonomy":"issues","embeddable":true,"href":"https:\/\/admin.industriall-union.org\/fr\/wp-json\/wp\/v2\/issues?post=149225"},{"taxonomy":"companies","embeddable":true,"href":"https:\/\/admin.industriall-union.org\/fr\/wp-json\/wp\/v2\/companies?post=149225"},{"taxonomy":"regions","embeddable":true,"href":"https:\/\/admin.industriall-union.org\/fr\/wp-json\/wp\/v2\/regions?post=149225"},{"taxonomy":"sectors","embeddable":true,"href":"https:\/\/admin.industriall-union.org\/fr\/wp-json\/wp\/v2\/sectors?post=149225"},{"taxonomy":"article_tags","embeddable":true,"href":"https:\/\/admin.industriall-union.org\/fr\/wp-json\/wp\/v2\/article_tags?post=149225"}],"curies":[{"name":"wp","href":"https:\/\/api.w.org\/{rel}","templated":true}]}}