{"id":149177,"date":"2017-11-23T13:53:40","date_gmt":"2017-11-23T13:53:40","guid":{"rendered":"https:\/\/admin.industriall-union.org\/mort-destruction-et-indigence-dans-les-mines-de-charbon-du-pakistan\/"},"modified":"2025-02-04T16:26:00","modified_gmt":"2025-02-04T16:26:00","slug":"mort-destruction-et-indigence-dans-les-mines-de-charbon-du-pakistan","status":"publish","type":"article","link":"https:\/\/admin.industriall-union.org\/fr\/mort-destruction-et-indigence-dans-les-mines-de-charbon-du-pakistan\/","title":{"rendered":"Mort, destruction et indigence dans les mines de charbon du Pakistan"},"content":{"rendered":"<p>Alors que la mort, la destruction et l&rsquo;indigence affectent cruellement les mineurs des charbonnages du Pakistan, IndustriALL Global Union lance une campagne pour arr\u00eater le massacre et appelle \u00e0 la ratification de la Convention 176 de l&rsquo;OIT sur la S\u00e9curit\u00e9 et la sant\u00e9 dans les mines de la part du gouvernement pakistanais.<\/p><p>Avec des r\u00e9serves de charbon parmi les plus vastes au monde, l&rsquo;\u00e9conomie du Pakistan repose sur son &ldquo;or noir&rdquo;, avec un lourd tribut humain pay\u00e9 par ceux qui produisent de quoi satisfaire les besoins \u00e9nerg\u00e9tiques du pays.<\/p><p>Les 21 et 22 novembre, l&rsquo;Organisation internationale du Travail a r\u00e9uni une Consultation tripartite nationale sur la Sant\u00e9 et la s\u00e9curit\u00e9 professionnelles dans le secteur des mines, une premi\u00e8re en son genre au Pakistan. L&rsquo;assembl\u00e9e s&rsquo;est entendue dire combien ce secteur est potentiellement l&rsquo;un de plus d\u00e9r\u00e9gul\u00e9 du monde. Le morcellement de la propri\u00e9t\u00e9 est caract\u00e9ristique du secteur, avec \u00e0 la fois des int\u00e9r\u00eats publics et priv\u00e9s, de nombreux individus concern\u00e9s et des mines d\u00e9tenues ill\u00e9galement.<\/p><p>Sur fond de la litanie des noms des mineurs d\u00e9c\u00e9d\u00e9s rassembl\u00e9s par IndustriALL, des d\u00e9l\u00e9gu\u00e9s ont rappel\u00e9 la mani\u00e8re dont le gouvernement continue \u00e0 trahir les mineurs par sa pure n\u00e9gligence et la faillite syst\u00e9mique de sa gouvernance. Les conditions de travail dans des charbonnages mal con\u00e7us sont d\u00e9plorables et rendues pires encore par le recours \u00e0 des proc\u00e9dures d&rsquo;un autre \u00e2ge caract\u00e9ris\u00e9es par des m\u00e9thodes d&rsquo;exploitation manuelles et semi-m\u00e9canis\u00e9es inefficaces qui exposent les mineurs \u00e0 des risques d&rsquo;accidents, mortels ou non, ainsi qu&rsquo;\u00e0 de graves maladies professionnelles respiratoires.<\/p><p>L&rsquo;inefficacit\u00e9 et l&rsquo;\u00e9chec du gouvernement \u00e0 mettre en \u0153uvre les l\u00e9gislations relatives aux mines au Pakistan sont clairs et ont des cons\u00e9quences d\u00e9sastreuses. Parmi les pr\u00e9occupations les plus pressantes et graves, on rel\u00e8ve un syst\u00e8me d&rsquo;inspectorat surcharg\u00e9, alors qu&rsquo;il est le garant l\u00e9gislatif de la vie des mineurs de charbon. Les lois et r\u00e9glementations sont de la comp\u00e9tence du gouvernement f\u00e9d\u00e9ral alors que leur application rel\u00e8ve des provinces.<\/p><p>Cette situation expose les mineurs \u00e0 une application incons\u00e9quente et in\u00e9gale de la loi dans diff\u00e9rentes provinces, sans pratiquement aucune suite en cas de violations, sachant que l&rsquo;inspectorat des mines est d\u00e9pourvu de moyens. Les rapports r\u00e9dig\u00e9s par l&rsquo;inspectorat des mines sont ignor\u00e9s, en toute impunit\u00e9. Il n&rsquo;existe pas de registre des mineurs qui descendent sous terre et en remontent. Il n&rsquo;existe pas non plus de banque de donn\u00e9es nationale reprenant les mineurs.<\/p><p>Le recours g\u00e9n\u00e9ralis\u00e9 et non-r\u00e9glement\u00e9 \u00e0 l&rsquo;externalisation et \u00e0 la sous-traitance de l&rsquo;externalisation, les bas salaires, l&rsquo;absence de sant\u00e9 et s\u00e9curit\u00e9 et la maigre indemnisation des familles des mineurs qui d\u00e9c\u00e8dent au travail sont des facteurs aggravants derri\u00e8re ce carnage.<\/p><p>&ldquo;Le gouvernement doit placer la vie des mineurs au-dessus des profits. Nous appelons le gouvernement \u00e0 prendre des mesures imm\u00e9diates pour am\u00e9liorer la s\u00e9curit\u00e9 dans les mines du Pakistan en y faisant appliquer la l\u00e9gislation du pays en mati\u00e8re de s\u00e9curit\u00e9 et de r\u00e9glementation,&rdquo; a d\u00e9clar\u00e9 Glen Mpufane, Directeur des mines pour IndustriALL.<\/p><p>Sultan Mohammad Khan, Secr\u00e9taire g\u00e9n\u00e9ral de la F\u00e9d\u00e9ration syndicale centrale des mines du Pakistan, a exhort\u00e9 le gouvernement du Pakistan \u00e0 &ldquo;s&rsquo;engager de toute urgence \u00e0 la ratification et la mise en \u0153uvre de la Convention 176 de l&rsquo;OIT et \u00e0 interdire ou r\u00e9glementer le recours g\u00e9n\u00e9ralis\u00e9 et non-r\u00e9glement\u00e9 \u00e0 l&rsquo;externalisation et \u00e0 la sous-traitance&rdquo;.<\/p><p><strong>La Montagne Noire&nbsp;: mineurs de charbon au Pakistan<\/strong><\/p><p>Un film sur les conditions qui pr\u00e9valent dans les charbonnages du Pakistan<\/p><p><\/p>","protected":false},"featured_media":0,"template":"","issues":[403],"companies":[],"regions":[155,182],"sectors":[495,494],"article_tags":[],"class_list":["post-149177","article","type-article","status-publish","hentry","issues-convention-176-mine-safety","regions-asia-pacific","regions-pakistan","sectors-mining","sectors-mining-and-dgojp"],"acf":[],"yoast_head":"<!-- This site is optimized with the Yoast SEO Premium plugin v27.1 (Yoast SEO v27.1) - https:\/\/yoast.com\/product\/yoast-seo-premium-wordpress\/ -->\n<title>Mort, destruction et indigence dans les mines de charbon du Pakistan - industriall-union<\/title>\n<meta name=\"description\" content=\"Alors que la mort, la destruction et l&rsquo;indigence affectent cruellement les mineurs des charbonnages du Pakistan, IndustriALL Global Union lance une\" \/>\n<meta name=\"robots\" content=\"index, follow, max-snippet:-1, max-image-preview:large, max-video-preview:-1\" \/>\n<link rel=\"canonical\" href=\"https:\/\/admin.industriall-union.org\/fr\/mort-destruction-et-indigence-dans-les-mines-de-charbon-du-pakistan\/\" \/>\n<meta property=\"og:locale\" content=\"fr_FR\" \/>\n<meta property=\"og:type\" content=\"article\" \/>\n<meta property=\"og:title\" content=\"Mort, destruction et indigence dans les mines de charbon du Pakistan\" \/>\n<meta property=\"og:description\" content=\"Alors que la mort, la destruction et l&rsquo;indigence affectent cruellement les mineurs des charbonnages du Pakistan, IndustriALL Global Union lance une\" \/>\n<meta property=\"og:url\" content=\"https:\/\/admin.industriall-union.org\/fr\/mort-destruction-et-indigence-dans-les-mines-de-charbon-du-pakistan\/\" \/>\n<meta property=\"og:site_name\" content=\"industriall-union\" \/>\n<meta property=\"article:modified_time\" content=\"2025-02-04T16:26:00+00:00\" \/>\n<meta name=\"twitter:card\" content=\"summary_large_image\" \/>\n<meta name=\"twitter:label1\" content=\"Est. reading time\" \/>\n\t<meta name=\"twitter:data1\" content=\"3 minutes\" \/>\n<script type=\"application\/ld+json\" class=\"yoast-schema-graph\">{\"@context\":\"https:\/\/schema.org\",\"@graph\":[{\"@type\":\"WebPage\",\"@id\":\"https:\/\/admin.industriall-union.org\/fr\/mort-destruction-et-indigence-dans-les-mines-de-charbon-du-pakistan\/\",\"url\":\"https:\/\/admin.industriall-union.org\/fr\/mort-destruction-et-indigence-dans-les-mines-de-charbon-du-pakistan\/\",\"name\":\"Mort, destruction et indigence dans les mines de charbon du Pakistan - industriall-union\",\"isPartOf\":{\"@id\":\"https:\/\/admin.industriall-union.org\/#website\"},\"datePublished\":\"2017-11-23T13:53:40+00:00\",\"dateModified\":\"2025-02-04T16:26:00+00:00\",\"description\":\"Alors que la mort, la destruction et l&rsquo;indigence affectent cruellement les mineurs des charbonnages du Pakistan, IndustriALL Global Union lance une\",\"breadcrumb\":{\"@id\":\"https:\/\/admin.industriall-union.org\/fr\/mort-destruction-et-indigence-dans-les-mines-de-charbon-du-pakistan\/#breadcrumb\"},\"inLanguage\":\"fr-FR\",\"potentialAction\":[{\"@type\":\"ReadAction\",\"target\":[\"https:\/\/admin.industriall-union.org\/fr\/mort-destruction-et-indigence-dans-les-mines-de-charbon-du-pakistan\/\"]}]},{\"@type\":\"BreadcrumbList\",\"@id\":\"https:\/\/admin.industriall-union.org\/fr\/mort-destruction-et-indigence-dans-les-mines-de-charbon-du-pakistan\/#breadcrumb\",\"itemListElement\":[{\"@type\":\"ListItem\",\"position\":1,\"name\":\"Home\",\"item\":\"https:\/\/admin.industriall-union.org\/\"},{\"@type\":\"ListItem\",\"position\":2,\"name\":\"Articles\",\"item\":\"https:\/\/admin.industriall-union.org\/article\/\"},{\"@type\":\"ListItem\",\"position\":3,\"name\":\"Mort, destruction et indigence dans les mines de charbon du Pakistan\"}]},{\"@type\":\"WebSite\",\"@id\":\"https:\/\/admin.industriall-union.org\/#website\",\"url\":\"https:\/\/admin.industriall-union.org\/\",\"name\":\"industriall-union\",\"description\":\"\",\"potentialAction\":[{\"@type\":\"SearchAction\",\"target\":{\"@type\":\"EntryPoint\",\"urlTemplate\":\"https:\/\/admin.industriall-union.org\/?s={search_term_string}\"},\"query-input\":{\"@type\":\"PropertyValueSpecification\",\"valueRequired\":true,\"valueName\":\"search_term_string\"}}],\"inLanguage\":\"fr-FR\"}]}<\/script>\n<!-- \/ Yoast SEO Premium plugin. -->","yoast_head_json":{"title":"Mort, destruction et indigence dans les mines de charbon du Pakistan - industriall-union","description":"Alors que la mort, la destruction et l&rsquo;indigence affectent cruellement les mineurs des charbonnages du Pakistan, IndustriALL Global Union lance une","robots":{"index":"index","follow":"follow","max-snippet":"max-snippet:-1","max-image-preview":"max-image-preview:large","max-video-preview":"max-video-preview:-1"},"canonical":"https:\/\/admin.industriall-union.org\/fr\/mort-destruction-et-indigence-dans-les-mines-de-charbon-du-pakistan\/","og_locale":"fr_FR","og_type":"article","og_title":"Mort, destruction et indigence dans les mines de charbon du Pakistan","og_description":"Alors que la mort, la destruction et l&rsquo;indigence affectent cruellement les mineurs des charbonnages du Pakistan, IndustriALL Global Union lance une","og_url":"https:\/\/admin.industriall-union.org\/fr\/mort-destruction-et-indigence-dans-les-mines-de-charbon-du-pakistan\/","og_site_name":"industriall-union","article_modified_time":"2025-02-04T16:26:00+00:00","twitter_card":"summary_large_image","twitter_misc":{"Est. reading time":"3 minutes"},"schema":{"@context":"https:\/\/schema.org","@graph":[{"@type":"WebPage","@id":"https:\/\/admin.industriall-union.org\/fr\/mort-destruction-et-indigence-dans-les-mines-de-charbon-du-pakistan\/","url":"https:\/\/admin.industriall-union.org\/fr\/mort-destruction-et-indigence-dans-les-mines-de-charbon-du-pakistan\/","name":"Mort, destruction et indigence dans les mines de charbon du Pakistan - industriall-union","isPartOf":{"@id":"https:\/\/admin.industriall-union.org\/#website"},"datePublished":"2017-11-23T13:53:40+00:00","dateModified":"2025-02-04T16:26:00+00:00","description":"Alors que la mort, la destruction et l&rsquo;indigence affectent cruellement les mineurs des charbonnages du Pakistan, IndustriALL Global Union lance une","breadcrumb":{"@id":"https:\/\/admin.industriall-union.org\/fr\/mort-destruction-et-indigence-dans-les-mines-de-charbon-du-pakistan\/#breadcrumb"},"inLanguage":"fr-FR","potentialAction":[{"@type":"ReadAction","target":["https:\/\/admin.industriall-union.org\/fr\/mort-destruction-et-indigence-dans-les-mines-de-charbon-du-pakistan\/"]}]},{"@type":"BreadcrumbList","@id":"https:\/\/admin.industriall-union.org\/fr\/mort-destruction-et-indigence-dans-les-mines-de-charbon-du-pakistan\/#breadcrumb","itemListElement":[{"@type":"ListItem","position":1,"name":"Home","item":"https:\/\/admin.industriall-union.org\/"},{"@type":"ListItem","position":2,"name":"Articles","item":"https:\/\/admin.industriall-union.org\/article\/"},{"@type":"ListItem","position":3,"name":"Mort, destruction et indigence dans les mines de charbon du Pakistan"}]},{"@type":"WebSite","@id":"https:\/\/admin.industriall-union.org\/#website","url":"https:\/\/admin.industriall-union.org\/","name":"industriall-union","description":"","potentialAction":[{"@type":"SearchAction","target":{"@type":"EntryPoint","urlTemplate":"https:\/\/admin.industriall-union.org\/?s={search_term_string}"},"query-input":{"@type":"PropertyValueSpecification","valueRequired":true,"valueName":"search_term_string"}}],"inLanguage":"fr-FR"}]}},"_links":{"self":[{"href":"https:\/\/admin.industriall-union.org\/fr\/wp-json\/wp\/v2\/article\/149177","targetHints":{"allow":["GET"]}}],"collection":[{"href":"https:\/\/admin.industriall-union.org\/fr\/wp-json\/wp\/v2\/article"}],"about":[{"href":"https:\/\/admin.industriall-union.org\/fr\/wp-json\/wp\/v2\/types\/article"}],"wp:attachment":[{"href":"https:\/\/admin.industriall-union.org\/fr\/wp-json\/wp\/v2\/media?parent=149177"}],"wp:term":[{"taxonomy":"issues","embeddable":true,"href":"https:\/\/admin.industriall-union.org\/fr\/wp-json\/wp\/v2\/issues?post=149177"},{"taxonomy":"companies","embeddable":true,"href":"https:\/\/admin.industriall-union.org\/fr\/wp-json\/wp\/v2\/companies?post=149177"},{"taxonomy":"regions","embeddable":true,"href":"https:\/\/admin.industriall-union.org\/fr\/wp-json\/wp\/v2\/regions?post=149177"},{"taxonomy":"sectors","embeddable":true,"href":"https:\/\/admin.industriall-union.org\/fr\/wp-json\/wp\/v2\/sectors?post=149177"},{"taxonomy":"article_tags","embeddable":true,"href":"https:\/\/admin.industriall-union.org\/fr\/wp-json\/wp\/v2\/article_tags?post=149177"}],"curies":[{"name":"wp","href":"https:\/\/api.w.org\/{rel}","templated":true}]}}