{"id":149151,"date":"2017-12-04T08:55:17","date_gmt":"2017-12-04T08:55:17","guid":{"rendered":"https:\/\/admin.industriall-union.org\/travailleurs-et-travailleuses-du-secteur-pate-et-papier-tous-unis-a-budapest\/"},"modified":"2025-02-04T16:00:07","modified_gmt":"2025-02-04T16:00:07","slug":"travailleurs-et-travailleuses-du-secteur-pate-et-papier-tous-unis-a-budapest","status":"publish","type":"article","link":"https:\/\/admin.industriall-union.org\/fr\/travailleurs-et-travailleuses-du-secteur-pate-et-papier-tous-unis-a-budapest\/","title":{"rendered":"Travailleurs et travailleuses du secteur p\u00e2te et papier, tous unis \u00e0 Budapest"},"content":{"rendered":"<p>La r\u00e9union, qui s&rsquo;est tenue les 29 et 30 novembre, avait lieu au si\u00e8ge de notre affili\u00e9 hongrois, la F\u00e9d\u00e9ration de la Chimie, de l&rsquo;\u00c9nergie et des Industries diverses (VDSz). Les participants ont analys\u00e9 les tendances du futur, la sant\u00e9 et la s\u00e9curit\u00e9, la n\u00e9gociation collective et la num\u00e9risation, entre autres sujets.<\/p><p>Le Secr\u00e9taire g\u00e9n\u00e9ral adjoint d&rsquo;IndustriALL, Kemal \u00d6zkan, a soulign\u00e9 les changements consid\u00e9rables qui ont eu lieu au sein de l&rsquo;industrie de la p\u00e2te et papier au cours des derni\u00e8res ann\u00e9es. Alors que la demande pour les produits destin\u00e9s \u00e0 l&rsquo;impression a baiss\u00e9, le march\u00e9 dans son ensemble est en croissance, en particulier s&rsquo;agissant de l&rsquo;emballage, des mouchoirs et de la p\u00e2te \u00e0 papier.<\/p><p>Gyula Pom\u00e1zi, Secr\u00e9taire politique du gouvernement hongrois, a pris la parole lors de l&rsquo;ouverture de la Conf\u00e9rence. Il a soutenu que la cl\u00e9 du succ\u00e8s dans l&rsquo;industrie de la p\u00e2te et papier \u00e9taient une expertise et une production sp\u00e9cialis\u00e9es, soutenues par des politiques gouvernementales en faveur du secteur.<\/p><p><strong>Num\u00e9risation<\/strong><\/p><p>&ldquo;La num\u00e9risation et la transformation du monde ont un gros impact sur le secteur p\u00e2te et papier en Hongrie et les travailleurs et travailleuses se tournent vers les syndicats pour les repr\u00e9senter,&rdquo; a indiqu\u00e9 Tam\u00e1s Sz\u00e9kely, Pr\u00e9sident du syndicat h\u00f4te VDSz.<\/p><p>Au plan mondial, le secteur devrait atteindre 3,1% de croissance des revenus annuels avec une r\u00e9duction des co\u00fbts de 4,2% par an dont la plus grosse part se fera par le biais de pertes d&rsquo;emplois, a indiqu\u00e9 Kemal \u00d6zkan.<\/p><p>Les nouvelles usines de p\u00e2te et papier ont une plus grande capacit\u00e9, qu&rsquo;elles peuvent atteindre avec moins de salari\u00e9s, a pr\u00e9venu Jon Geenen de Workers Uniting North America&nbsp;:<\/p><p>&ldquo;Les \u00c9tats-Unis ont perdu 265 usines de carton d&rsquo;emballage ou plat, alors que l&rsquo;industrie de l&rsquo;emballage est en croissance. \u00c0 leur place, il y a de nouvelles installations avec une meilleure technologie et de plus grandes capacit\u00e9s.&rdquo;<\/p><p>Confront\u00e9es \u00e0 un d\u00e9clin du march\u00e9 int\u00e9rieur en termes de produits pour la presse et l&rsquo;impression, les entreprises de p\u00e2te et papier au Japon se diversifient et les exportations atteignent des records, a indiqu\u00e9 Toshiyuki Hashimoto, Vice-pr\u00e9sident de la F\u00e9d\u00e9ration japonaise des travailleurs de la p\u00e2te et du papier, KAMIPA Rengo. Le secteur d\u00e9veloppe une nouvelle technologie, une nanofibre de cellulose qui est suffisamment r\u00e9sistante pour remplacer la fibre de carbone.<\/p><p>Peter Schuld, de notre affili\u00e9 allemand IGBCE, a indiqu\u00e9 que la num\u00e9risation, soit la notion d&rsquo;Industrie 4.0, appelait celle de Travail 4.0, pr\u00e9venant que les travailleurs et travailleuses devront \u00eatre qualifi\u00e9s, de sorte \u00e0 rencontrer les nouvelles exigences, et accepter de se former tout au long de leur vie.<\/p><p><strong>Sant\u00e9 et s\u00e9curit\u00e9<\/strong><\/p><p>La sant\u00e9 et la s\u00e9curit\u00e9 professionnelles dans le secteur p\u00e2te et papier ont constitu\u00e9 une pr\u00e9occupation majeure lors de cette Conf\u00e9rence. Leeann Foster, Adjointe du Pr\u00e9sident international des M\u00e9tallos USW et copr\u00e9sidente de la Section au sein d&rsquo;IndustriALL, a indiqu\u00e9 que son syndicat travaillait \u00e0 mettre fin au taux \u00e9lev\u00e9 de d\u00e9c\u00e8s enregistr\u00e9s aux \u00c9tats-Unis, qui est en moyenne de sept cas par an. L&rsquo;industrie de la p\u00e2te et papier est le plus gros secteur de l&rsquo;USW, qui y compte 600 d\u00e9l\u00e9gations qui repr\u00e9sentent 70% des travailleurs et travailleuses.<\/p><p>Brian Kohler, Directeur d&rsquo;IndustriALL pour la sant\u00e9, la s\u00e9curit\u00e9 et la durabilit\u00e9, a exhort\u00e9 les participants \u00e0 ne pas se focaliser uniquement sur les d\u00e9c\u00e8s cons\u00e9cutifs \u00e0 des accidents soudains et violents, mais aussi sur les impacts pour la sant\u00e9 qui d\u00e9bouchent sur des maladies professionnelles. Pour chaque travailleur ou travailleuse qui d\u00e9c\u00e8de d&rsquo;un accident sur le lieu de travail, quatre meurent d&rsquo;une maladie professionnelle, souvent non-reconnue comme telle. Il a aussi exhort\u00e9 les d\u00e9l\u00e9gu\u00e9s \u00e0 consid\u00e9rer la sant\u00e9 et la s\u00e9curit\u00e9 comme un domaine fondamental des droits des travailleurs et \u00e0 adopter une attitude militante intransigeante pour les revendiquer.<\/p><p>Denise Campbell-Burns, de la section des produits forestiers et d&rsquo;ameublement du CFMEU a indiqu\u00e9 que des th\u00e9rapies alternatives fournies par certaines entreprises \u00e9taient con\u00e7ues pour faire en sorte que les salari\u00e9s soient aptes au travail en tout temps, plut\u00f4t que de veiller \u00e0 la sant\u00e9 et la s\u00e9curit\u00e9 sur le lieu de travail et que trop peu \u00e9tait fait pour supprimer les risques \u00e0 la source.<\/p><p>Dans le cadre du plan d&rsquo;action, les participants de la Conf\u00e9rence sont convenus de mener une s\u00e9rie d&rsquo;actions pour conscientiser \u00e0 la s\u00e9curit\u00e9, partager des donn\u00e9es et prendre acte que la sant\u00e9 et la s\u00e9curit\u00e9 sont l&rsquo;outil le plus efficace \u00e0 notre disposition pour syndicaliser.<\/p><p><strong>Durabilit\u00e9<\/strong><\/p><p>Alors que le secteur p\u00e2te et papier est potentiellement tr\u00e8s soutenable, il n&rsquo;est pas exempt de probl\u00e8mes. \u00c0 la suite d&rsquo;un appel du syndicat br\u00e9silien CNQ\/CUT, la Conf\u00e9rence a r\u00e9solu d&rsquo;enqu\u00eater sur les implications scientifiques des nouvelles technologies, comme les eucalyptus transg\u00e9niques, au niveau de la production foresti\u00e8re. Le gouvernement br\u00e9silien a r\u00e9cemment donn\u00e9 l&rsquo;autorisation de planter des eucalyptus g\u00e9n\u00e9tiquement modifi\u00e9s, qui sont r\u00e9sistants \u00e0 de puissants herbicides. Les effets des herbicides en contact avec le produit, l&rsquo;environnement ainsi que les travailleurs du secteur eux-m\u00eames, sont inconnus.<\/p><p><strong>D\u00e9fendre les droits des travailleurs<\/strong><\/p><p>La Conf\u00e9rence a exprim\u00e9 son soutien aux luttes des syndicats d&rsquo;Am\u00e9rique latine, au vu des nouvelles l\u00e9gislations antisyndicales dans des pays comme le Br\u00e9sil, qui rendent plus difficile de syndicaliser et de n\u00e9gocier collectivement. De plus, des syndicalistes dans des pays comme la Colombie paient leurs activit\u00e9s de leur vie.<\/p><p>Davantage de travail sera men\u00e9 pour am\u00e9liorer la repr\u00e9sentation des femmes et des jeunes au sein des activit\u00e9s et r\u00e9unions du secteur, ainsi que pour continuer \u00e0 cartographier et attribuer une priorit\u00e9 aux probl\u00e9matiques auxquelles ces groupes sont confront\u00e9s. La Conf\u00e9rence s&rsquo;est vue exposer le succ\u00e8s de notre affili\u00e9 indon\u00e9sien FSP2KI \u00e0 syndiquer des femmes travailleuses pr\u00e9caires du secteur. Rosalina Silva, de la CNQ-CUT, a appel\u00e9 \u00e0 ce que les questions de genre fassent partie des conventions collectives du secteur.<\/p><p>La Conf\u00e9rence a \u00e9galement affich\u00e9 un soutien ferme \u00e0 l&rsquo;<a href=\"http:\/\/www.industriall-union.org\/fr\/violence-a-legard-des-femmes-pas-dans-mon-syndicat-pas-sur-mon-lieu-de-travail\">Engagement d&rsquo;IndustriALL<\/a> intitul\u00e9 &ldquo;Violence et harc\u00e8lement \u00e0 l&rsquo;\u00e9gard des femmes&nbsp;: pas dans notre syndicat, pas sur notre lieu de travail.&rdquo; Les participants ont \u00e9t\u00e9 encourag\u00e9s \u00e0 pr\u00e9senter cet engagement \u00e0 leur syndicat, une fois de retour, pour qu&rsquo;il y soit adopt\u00e9.<\/p><p><strong>Renforcer le pouvoir syndical<\/strong><\/p><p>Tom Grinter, Responsable d&rsquo;IndustriALL pour l&rsquo;Industrie et la Recherche, a fait un large <a href=\"\/wp-content\/uploads\/documents\/2017\/HUNGARY\/2911_0945_grinter.pdf\">expos\u00e9 sur la situation mondiale<\/a> des industries de la p\u00e2te, du papier, du carton et de l&rsquo;emballage, ainsi que sur le travail men\u00e9 depuis la derni\u00e8re Conf\u00e9rence mondiale de novembre 2012 pour renforcer le pouvoir syndical dans le secteur par le biais d&rsquo;accords-cadre mondiaux, de r\u00e9seaux d&rsquo;entreprise et d&rsquo;actions de solidarit\u00e9<\/p><p>Dans le cadre de ce plan d&rsquo;action, la section p\u00e2te et papier d&rsquo;IndustriALL va s&rsquo;efforcer de continuer \u00e0 renforcer le pouvoir syndical, \u00e0 consolider les r\u00e9seaux existants chez CMPC, Sappi, IP, Smurfit Kappa et Mondi, et \u00e0 en mettre sur pied au plan mondial chez WestRock, Amcor et DS Smith en collaboration avec UNI Global Union. IndustriALL va \u00e9galement collaborer \u00e9troitement avec les f\u00e9d\u00e9rations syndicales internationales IBB et UNI pour aider \u00e0 syndicaliser la cha\u00eene d&rsquo;approvisionnement qui va de l&rsquo;exploitation foresti\u00e8re au secteur graphique en passant par la p\u00e2te et le papier.<\/p><p>En plus de poursuivre l&rsquo;action des r\u00e9seaux r\u00e9gionaux existant en Am\u00e9rique latine et en Asie du Sud-Est, la section p\u00e2te et papier va consacrer des efforts particuliers au renforcement du pouvoir syndical en Europe orientale avec la poursuite du travail de soutien des affili\u00e9s en Hongrie, Pologne, Russie et ailleurs dans la r\u00e9gion.<\/p><p>Les d\u00e9l\u00e9gu\u00e9s ont r\u00e9-\u00e9lu \u00e0 l&rsquo;unanimit\u00e9 Leeann Foster et \u00e9lu Matts Jutterstr\u00f6m, Pr\u00e9sident du syndicat Pappers de Su\u00e8de, aux copr\u00e9sidences de la section au sein d&rsquo;IndustriALL.<\/p><p>\u00c0 la veille de la Conf\u00e9rence, de nombreux participants ont pris part \u00e0 la visite de l&rsquo;entreprise Dunapack d&rsquo;emballage carton dans la banlieue de Budapest, qui fournit de grandes multinationales de la r\u00e9gion, comme IKEA et Unilever.<\/p><p>R\u00e9sumant les deux journ\u00e9es de conf\u00e9rence, le Secr\u00e9taire g\u00e9n\u00e9ral adjoint d&rsquo;IndustriALL, Kemal \u00d6zkan, a d\u00e9clar\u00e9&nbsp;:<\/p><blockquote><p>&ldquo;\u00c0 mesure que le secteur p\u00e2te et papier s&rsquo;\u00e9tend et \u00e9volue, nous devons accro\u00eetre nos collaborations pour nous assurer que les travailleurs et travailleuses ne soient pas laiss\u00e9s au bord du chemin. Tous les travailleurs et travailleuses sont affect\u00e9s par la num\u00e9risation et les questions de sant\u00e9 et s\u00e9curit\u00e9. Les syndicats doivent \u00eatre pr\u00eats \u00e0 d\u00e9fendre et promouvoir les int\u00e9r\u00eats de leurs adh\u00e9rents. Nous avons identifi\u00e9 les d\u00e9fis et nous avons maintenant un plan d&rsquo;action exhaustif sur base duquel nous pouvons aller de l&rsquo;avant.&rdquo;<\/p><\/blockquote><p><a href=\"\/wp-content\/uploads\/documents\/2017\/HUNGARY\/action_plan_-_industriall_world_conference_for_the_pulp_and_paper_industries_-_29-30_november_2017_en_final.pdf\">Consultez le Plan d&rsquo;Action Plan ici<\/a>.<\/p><p>Apr\u00e8s la conf\u00e9rence, IndustriALL a rendu une visite de solidarit\u00e9 \u00e0 l&rsquo;entreprise chimique BorsodChem, qui a b\u00e9n\u00e9fici\u00e9 d&rsquo;investissements chinois dans le nord de la Hongrie. IndustriALL a rencontr\u00e9 la direction de l&rsquo;entreprise et les d\u00e9l\u00e9gu\u00e9s syndicaux pour discuter des relations sociales au sein de l&rsquo;usine, o\u00f9 3.000 personnes sont occup\u00e9es, et qui compte une forte densit\u00e9 syndicale avec la VDSz.<\/p>","protected":false},"featured_media":0,"template":"","issues":[399],"companies":[],"regions":[202,221],"sectors":[474],"article_tags":[],"class_list":["post-149151","article","type-article","status-publish","hentry","issues-union-building","regions-europe","regions-hungary","sectors-pulp-and-paper"],"acf":[],"yoast_head":"<!-- This site is optimized with the Yoast SEO Premium plugin v27.1 (Yoast SEO v27.1) - https:\/\/yoast.com\/product\/yoast-seo-premium-wordpress\/ -->\n<title>Travailleurs et travailleuses du secteur p\u00e2te et papier, tous unis \u00e0 Budapest - industriall-union<\/title>\n<meta name=\"description\" content=\"La r\u00e9union, qui s&rsquo;est tenue les 29 et 30 novembre, avait lieu au si\u00e8ge de notre affili\u00e9 hongrois, la F\u00e9d\u00e9ration de la Chimie, de l&rsquo;\u00c9nergie et\" \/>\n<meta name=\"robots\" content=\"index, follow, max-snippet:-1, max-image-preview:large, max-video-preview:-1\" \/>\n<link rel=\"canonical\" href=\"https:\/\/admin.industriall-union.org\/fr\/travailleurs-et-travailleuses-du-secteur-pate-et-papier-tous-unis-a-budapest\/\" \/>\n<meta property=\"og:locale\" content=\"fr_FR\" \/>\n<meta property=\"og:type\" content=\"article\" \/>\n<meta property=\"og:title\" content=\"Travailleurs et travailleuses du secteur p\u00e2te et papier, tous unis \u00e0 Budapest\" \/>\n<meta property=\"og:description\" content=\"La r\u00e9union, qui s&rsquo;est tenue les 29 et 30 novembre, avait lieu au si\u00e8ge de notre affili\u00e9 hongrois, la F\u00e9d\u00e9ration de la Chimie, de l&rsquo;\u00c9nergie et\" \/>\n<meta property=\"og:url\" content=\"https:\/\/admin.industriall-union.org\/fr\/travailleurs-et-travailleuses-du-secteur-pate-et-papier-tous-unis-a-budapest\/\" \/>\n<meta property=\"og:site_name\" content=\"industriall-union\" \/>\n<meta property=\"article:modified_time\" content=\"2025-02-04T16:00:07+00:00\" \/>\n<meta name=\"twitter:card\" content=\"summary_large_image\" \/>\n<meta name=\"twitter:label1\" content=\"Est. reading time\" \/>\n\t<meta name=\"twitter:data1\" content=\"9 minutes\" \/>\n<script type=\"application\/ld+json\" class=\"yoast-schema-graph\">{\"@context\":\"https:\/\/schema.org\",\"@graph\":[{\"@type\":\"WebPage\",\"@id\":\"https:\/\/admin.industriall-union.org\/fr\/travailleurs-et-travailleuses-du-secteur-pate-et-papier-tous-unis-a-budapest\/\",\"url\":\"https:\/\/admin.industriall-union.org\/fr\/travailleurs-et-travailleuses-du-secteur-pate-et-papier-tous-unis-a-budapest\/\",\"name\":\"Travailleurs et travailleuses du secteur p\u00e2te et papier, tous unis \u00e0 Budapest - industriall-union\",\"isPartOf\":{\"@id\":\"https:\/\/admin.industriall-union.org\/#website\"},\"datePublished\":\"2017-12-04T08:55:17+00:00\",\"dateModified\":\"2025-02-04T16:00:07+00:00\",\"description\":\"La r\u00e9union, qui s&rsquo;est tenue les 29 et 30 novembre, avait lieu au si\u00e8ge de notre affili\u00e9 hongrois, la F\u00e9d\u00e9ration de la Chimie, de l&rsquo;\u00c9nergie et\",\"breadcrumb\":{\"@id\":\"https:\/\/admin.industriall-union.org\/fr\/travailleurs-et-travailleuses-du-secteur-pate-et-papier-tous-unis-a-budapest\/#breadcrumb\"},\"inLanguage\":\"fr-FR\",\"potentialAction\":[{\"@type\":\"ReadAction\",\"target\":[\"https:\/\/admin.industriall-union.org\/fr\/travailleurs-et-travailleuses-du-secteur-pate-et-papier-tous-unis-a-budapest\/\"]}]},{\"@type\":\"BreadcrumbList\",\"@id\":\"https:\/\/admin.industriall-union.org\/fr\/travailleurs-et-travailleuses-du-secteur-pate-et-papier-tous-unis-a-budapest\/#breadcrumb\",\"itemListElement\":[{\"@type\":\"ListItem\",\"position\":1,\"name\":\"Home\",\"item\":\"https:\/\/admin.industriall-union.org\/\"},{\"@type\":\"ListItem\",\"position\":2,\"name\":\"Articles\",\"item\":\"https:\/\/admin.industriall-union.org\/article\/\"},{\"@type\":\"ListItem\",\"position\":3,\"name\":\"Travailleurs et travailleuses du secteur p\u00e2te et papier, tous unis \u00e0 Budapest\"}]},{\"@type\":\"WebSite\",\"@id\":\"https:\/\/admin.industriall-union.org\/#website\",\"url\":\"https:\/\/admin.industriall-union.org\/\",\"name\":\"industriall-union\",\"description\":\"\",\"potentialAction\":[{\"@type\":\"SearchAction\",\"target\":{\"@type\":\"EntryPoint\",\"urlTemplate\":\"https:\/\/admin.industriall-union.org\/?s={search_term_string}\"},\"query-input\":{\"@type\":\"PropertyValueSpecification\",\"valueRequired\":true,\"valueName\":\"search_term_string\"}}],\"inLanguage\":\"fr-FR\"}]}<\/script>\n<!-- \/ Yoast SEO Premium plugin. -->","yoast_head_json":{"title":"Travailleurs et travailleuses du secteur p\u00e2te et papier, tous unis \u00e0 Budapest - industriall-union","description":"La r\u00e9union, qui s&rsquo;est tenue les 29 et 30 novembre, avait lieu au si\u00e8ge de notre affili\u00e9 hongrois, la F\u00e9d\u00e9ration de la Chimie, de l&rsquo;\u00c9nergie et","robots":{"index":"index","follow":"follow","max-snippet":"max-snippet:-1","max-image-preview":"max-image-preview:large","max-video-preview":"max-video-preview:-1"},"canonical":"https:\/\/admin.industriall-union.org\/fr\/travailleurs-et-travailleuses-du-secteur-pate-et-papier-tous-unis-a-budapest\/","og_locale":"fr_FR","og_type":"article","og_title":"Travailleurs et travailleuses du secteur p\u00e2te et papier, tous unis \u00e0 Budapest","og_description":"La r\u00e9union, qui s&rsquo;est tenue les 29 et 30 novembre, avait lieu au si\u00e8ge de notre affili\u00e9 hongrois, la F\u00e9d\u00e9ration de la Chimie, de l&rsquo;\u00c9nergie et","og_url":"https:\/\/admin.industriall-union.org\/fr\/travailleurs-et-travailleuses-du-secteur-pate-et-papier-tous-unis-a-budapest\/","og_site_name":"industriall-union","article_modified_time":"2025-02-04T16:00:07+00:00","twitter_card":"summary_large_image","twitter_misc":{"Est. reading time":"9 minutes"},"schema":{"@context":"https:\/\/schema.org","@graph":[{"@type":"WebPage","@id":"https:\/\/admin.industriall-union.org\/fr\/travailleurs-et-travailleuses-du-secteur-pate-et-papier-tous-unis-a-budapest\/","url":"https:\/\/admin.industriall-union.org\/fr\/travailleurs-et-travailleuses-du-secteur-pate-et-papier-tous-unis-a-budapest\/","name":"Travailleurs et travailleuses du secteur p\u00e2te et papier, tous unis \u00e0 Budapest - industriall-union","isPartOf":{"@id":"https:\/\/admin.industriall-union.org\/#website"},"datePublished":"2017-12-04T08:55:17+00:00","dateModified":"2025-02-04T16:00:07+00:00","description":"La r\u00e9union, qui s&rsquo;est tenue les 29 et 30 novembre, avait lieu au si\u00e8ge de notre affili\u00e9 hongrois, la F\u00e9d\u00e9ration de la Chimie, de l&rsquo;\u00c9nergie et","breadcrumb":{"@id":"https:\/\/admin.industriall-union.org\/fr\/travailleurs-et-travailleuses-du-secteur-pate-et-papier-tous-unis-a-budapest\/#breadcrumb"},"inLanguage":"fr-FR","potentialAction":[{"@type":"ReadAction","target":["https:\/\/admin.industriall-union.org\/fr\/travailleurs-et-travailleuses-du-secteur-pate-et-papier-tous-unis-a-budapest\/"]}]},{"@type":"BreadcrumbList","@id":"https:\/\/admin.industriall-union.org\/fr\/travailleurs-et-travailleuses-du-secteur-pate-et-papier-tous-unis-a-budapest\/#breadcrumb","itemListElement":[{"@type":"ListItem","position":1,"name":"Home","item":"https:\/\/admin.industriall-union.org\/"},{"@type":"ListItem","position":2,"name":"Articles","item":"https:\/\/admin.industriall-union.org\/article\/"},{"@type":"ListItem","position":3,"name":"Travailleurs et travailleuses du secteur p\u00e2te et papier, tous unis \u00e0 Budapest"}]},{"@type":"WebSite","@id":"https:\/\/admin.industriall-union.org\/#website","url":"https:\/\/admin.industriall-union.org\/","name":"industriall-union","description":"","potentialAction":[{"@type":"SearchAction","target":{"@type":"EntryPoint","urlTemplate":"https:\/\/admin.industriall-union.org\/?s={search_term_string}"},"query-input":{"@type":"PropertyValueSpecification","valueRequired":true,"valueName":"search_term_string"}}],"inLanguage":"fr-FR"}]}},"_links":{"self":[{"href":"https:\/\/admin.industriall-union.org\/fr\/wp-json\/wp\/v2\/article\/149151","targetHints":{"allow":["GET"]}}],"collection":[{"href":"https:\/\/admin.industriall-union.org\/fr\/wp-json\/wp\/v2\/article"}],"about":[{"href":"https:\/\/admin.industriall-union.org\/fr\/wp-json\/wp\/v2\/types\/article"}],"wp:attachment":[{"href":"https:\/\/admin.industriall-union.org\/fr\/wp-json\/wp\/v2\/media?parent=149151"}],"wp:term":[{"taxonomy":"issues","embeddable":true,"href":"https:\/\/admin.industriall-union.org\/fr\/wp-json\/wp\/v2\/issues?post=149151"},{"taxonomy":"companies","embeddable":true,"href":"https:\/\/admin.industriall-union.org\/fr\/wp-json\/wp\/v2\/companies?post=149151"},{"taxonomy":"regions","embeddable":true,"href":"https:\/\/admin.industriall-union.org\/fr\/wp-json\/wp\/v2\/regions?post=149151"},{"taxonomy":"sectors","embeddable":true,"href":"https:\/\/admin.industriall-union.org\/fr\/wp-json\/wp\/v2\/sectors?post=149151"},{"taxonomy":"article_tags","embeddable":true,"href":"https:\/\/admin.industriall-union.org\/fr\/wp-json\/wp\/v2\/article_tags?post=149151"}],"curies":[{"name":"wp","href":"https:\/\/api.w.org\/{rel}","templated":true}]}}