{"id":149126,"date":"2017-12-13T16:52:46","date_gmt":"2017-12-13T16:52:46","guid":{"rendered":"https:\/\/admin.industriall-union.org\/greve-des-mineurs-d-arcelormittal-au-kazakhstan\/"},"modified":"2025-02-04T15:23:27","modified_gmt":"2025-02-04T15:23:27","slug":"greve-des-mineurs-d-arcelormittal-au-kazakhstan","status":"publish","type":"article","link":"https:\/\/admin.industriall-union.org\/fr\/greve-des-mineurs-d-arcelormittal-au-kazakhstan\/","title":{"rendered":"Gr\u00e8ve des mineurs d\u2019ArcelorMittal au Kazakhstan"},"content":{"rendered":"<p>Plusieurs centaines de mineurs d&rsquo;ArcelorMittal Temirtau se sont mis en gr\u00e8ve \u00e0 Shakhtinsk, au Kazakhstan.<\/p><p>La gr\u00e8ve a d\u00e9marr\u00e9 le 11 d\u00e9cembre, jour durant lequel environ 200 mineurs employ\u00e9s dans quatre mines d\u00e9tenues par ArcelorMittal ont d\u00e9cid\u00e9 de ne pas remonter \u00e0 la surface apr\u00e8s la fin de leur quart.&nbsp;Les mineurs sont repr\u00e9sent\u00e9s par l&rsquo;affili\u00e9 \u00e0 IndustriALL, le syndicat des mineurs et des m\u00e9tallurgistes de la R\u00e9publique du Kazakhstan.<\/p><p>Le Ministre du travail du Kazakhstan a confirm\u00e9 la gr\u00e8ve le jour suivant et annonc\u00e9 que 684 gr\u00e9vistes se trouvent actuellement sous terre dans les 8 mines de charbon d\u00e9tenues par ArcelorMittal au Kazakhstan. Selon le syndicat, le nombre de travailleurs participant au conflit serait toutefois plus \u00e9lev\u00e9. Les gr\u00e9vistes sont ravitaill\u00e9s par leurs partisans et les membres de leurs familles.<\/p><p>Les travailleurs revendiquent une hausse de 100 pour cent de leurs salaires, un ensemble int\u00e9gr\u00e9 de soins, une retraite anticip\u00e9e \u00e0 50 ans contre actuellement 63 ans, de meilleurs \u00e9quipements, des mesures de s\u00e9curit\u00e9 plus \u00e9lev\u00e9es, ainsi que l&rsquo;am\u00e9lioration des infrastructures de la ville de Shakhtinsk o\u00f9 ils r\u00e9sident. Ils exigent \u00e9galement de parler \u00e0 Lakshmi Mittal, le milliardaire indien, propri\u00e9taire d&rsquo;ArcelorMittal Temirtau.<\/p><p>ArcelorMittal Temirtau poss\u00e8de huit mines de charbon et quatre mines de minerai de fer au Kazakhstan, et fait fonctionner une usine sid\u00e9rurgique \u00e0 Temirtau. L&rsquo;ann\u00e9e derni\u00e8re, la compagnie a produit environ 4 millions de tonnes d&rsquo;acier au Kazakhstan.<\/p><p>Il est rare qu&rsquo;une action collective se d\u00e9roule au Kazakhstan, dont la l\u00e9gislation r\u00e9pressive criminalise le travail des syndicats et des militants syndicaux. Fin 2016, une gr\u00e8ve, d\u00e9clar\u00e9e ill\u00e9gale par les autorit\u00e9s, a eu lieu dans une entreprise de services de construction p\u00e9troliers (OCC) du Kazakhstan pour manifester contre la dissolution du syndicat:&nbsp;<a href=\"http:\/\/www.industriall-union.org\/fr\/deux-dirigeants-syndicaux-du-secteur-petrolier-arretes-dans-le-kazakhstan\">http:\/\/www.industriall-union.org\/fr\/deux-dirigeants-syndicaux-du-secteur-petrolier-arretes-dans-le-kazakhstan<\/a>. Les travailleurs y ayant particip\u00e9 <a href=\"http:\/\/www.industriall-union.org\/fr\/le-tribunal-kazakh-rejette-lappel-a-la-justice-de-la-dirigeante-syndicale\">ont re\u00e7u de fortes amendes et subis des r\u00e9pressions<\/a>.<\/p>","protected":false},"featured_media":0,"template":"","issues":[425],"companies":[12],"regions":[225],"sectors":[495],"article_tags":[529],"class_list":["post-149126","article","type-article","status-publish","hentry","issues-workers-rights","companies-arcelormittal","regions-kazakhstan","sectors-mining","article_tags-strike"],"acf":[],"yoast_head":"<!-- This site is optimized with the Yoast SEO Premium plugin v27.1 (Yoast SEO v27.1) - https:\/\/yoast.com\/product\/yoast-seo-premium-wordpress\/ -->\n<title>Gr\u00e8ve des mineurs d\u2019ArcelorMittal au Kazakhstan - industriall-union<\/title>\n<meta name=\"description\" content=\"Plusieurs centaines de mineurs d&rsquo;ArcelorMittal Temirtau se sont mis en gr\u00e8ve \u00e0 Shakhtinsk, au Kazakhstan.La gr\u00e8ve a d\u00e9marr\u00e9 le 11 d\u00e9cembre, jour\" \/>\n<meta name=\"robots\" content=\"index, follow, max-snippet:-1, max-image-preview:large, max-video-preview:-1\" \/>\n<link rel=\"canonical\" href=\"https:\/\/admin.industriall-union.org\/fr\/greve-des-mineurs-d-arcelormittal-au-kazakhstan\/\" \/>\n<meta property=\"og:locale\" content=\"fr_FR\" \/>\n<meta property=\"og:type\" content=\"article\" \/>\n<meta property=\"og:title\" content=\"Gr\u00e8ve des mineurs d\u2019ArcelorMittal au Kazakhstan\" \/>\n<meta property=\"og:description\" content=\"Plusieurs centaines de mineurs d&rsquo;ArcelorMittal Temirtau se sont mis en gr\u00e8ve \u00e0 Shakhtinsk, au Kazakhstan.La gr\u00e8ve a d\u00e9marr\u00e9 le 11 d\u00e9cembre, jour\" \/>\n<meta property=\"og:url\" content=\"https:\/\/admin.industriall-union.org\/fr\/greve-des-mineurs-d-arcelormittal-au-kazakhstan\/\" \/>\n<meta property=\"og:site_name\" content=\"industriall-union\" \/>\n<meta property=\"article:modified_time\" content=\"2025-02-04T15:23:27+00:00\" \/>\n<meta name=\"twitter:card\" content=\"summary_large_image\" \/>\n<meta name=\"twitter:label1\" content=\"Est. reading time\" \/>\n\t<meta name=\"twitter:data1\" content=\"2 minutes\" \/>\n<script type=\"application\/ld+json\" class=\"yoast-schema-graph\">{\"@context\":\"https:\/\/schema.org\",\"@graph\":[{\"@type\":\"WebPage\",\"@id\":\"https:\/\/admin.industriall-union.org\/fr\/greve-des-mineurs-d-arcelormittal-au-kazakhstan\/\",\"url\":\"https:\/\/admin.industriall-union.org\/fr\/greve-des-mineurs-d-arcelormittal-au-kazakhstan\/\",\"name\":\"Gr\u00e8ve des mineurs d\u2019ArcelorMittal au Kazakhstan - industriall-union\",\"isPartOf\":{\"@id\":\"https:\/\/admin.industriall-union.org\/#website\"},\"datePublished\":\"2017-12-13T16:52:46+00:00\",\"dateModified\":\"2025-02-04T15:23:27+00:00\",\"description\":\"Plusieurs centaines de mineurs d&rsquo;ArcelorMittal Temirtau se sont mis en gr\u00e8ve \u00e0 Shakhtinsk, au Kazakhstan.La gr\u00e8ve a d\u00e9marr\u00e9 le 11 d\u00e9cembre, jour\",\"breadcrumb\":{\"@id\":\"https:\/\/admin.industriall-union.org\/fr\/greve-des-mineurs-d-arcelormittal-au-kazakhstan\/#breadcrumb\"},\"inLanguage\":\"fr-FR\",\"potentialAction\":[{\"@type\":\"ReadAction\",\"target\":[\"https:\/\/admin.industriall-union.org\/fr\/greve-des-mineurs-d-arcelormittal-au-kazakhstan\/\"]}]},{\"@type\":\"BreadcrumbList\",\"@id\":\"https:\/\/admin.industriall-union.org\/fr\/greve-des-mineurs-d-arcelormittal-au-kazakhstan\/#breadcrumb\",\"itemListElement\":[{\"@type\":\"ListItem\",\"position\":1,\"name\":\"Home\",\"item\":\"https:\/\/admin.industriall-union.org\/\"},{\"@type\":\"ListItem\",\"position\":2,\"name\":\"Articles\",\"item\":\"https:\/\/admin.industriall-union.org\/article\/\"},{\"@type\":\"ListItem\",\"position\":3,\"name\":\"Gr\u00e8ve des mineurs d\u2019ArcelorMittal au Kazakhstan\"}]},{\"@type\":\"WebSite\",\"@id\":\"https:\/\/admin.industriall-union.org\/#website\",\"url\":\"https:\/\/admin.industriall-union.org\/\",\"name\":\"industriall-union\",\"description\":\"\",\"potentialAction\":[{\"@type\":\"SearchAction\",\"target\":{\"@type\":\"EntryPoint\",\"urlTemplate\":\"https:\/\/admin.industriall-union.org\/?s={search_term_string}\"},\"query-input\":{\"@type\":\"PropertyValueSpecification\",\"valueRequired\":true,\"valueName\":\"search_term_string\"}}],\"inLanguage\":\"fr-FR\"}]}<\/script>\n<!-- \/ Yoast SEO Premium plugin. -->","yoast_head_json":{"title":"Gr\u00e8ve des mineurs d\u2019ArcelorMittal au Kazakhstan - industriall-union","description":"Plusieurs centaines de mineurs d&rsquo;ArcelorMittal Temirtau se sont mis en gr\u00e8ve \u00e0 Shakhtinsk, au Kazakhstan.La gr\u00e8ve a d\u00e9marr\u00e9 le 11 d\u00e9cembre, jour","robots":{"index":"index","follow":"follow","max-snippet":"max-snippet:-1","max-image-preview":"max-image-preview:large","max-video-preview":"max-video-preview:-1"},"canonical":"https:\/\/admin.industriall-union.org\/fr\/greve-des-mineurs-d-arcelormittal-au-kazakhstan\/","og_locale":"fr_FR","og_type":"article","og_title":"Gr\u00e8ve des mineurs d\u2019ArcelorMittal au Kazakhstan","og_description":"Plusieurs centaines de mineurs d&rsquo;ArcelorMittal Temirtau se sont mis en gr\u00e8ve \u00e0 Shakhtinsk, au Kazakhstan.La gr\u00e8ve a d\u00e9marr\u00e9 le 11 d\u00e9cembre, jour","og_url":"https:\/\/admin.industriall-union.org\/fr\/greve-des-mineurs-d-arcelormittal-au-kazakhstan\/","og_site_name":"industriall-union","article_modified_time":"2025-02-04T15:23:27+00:00","twitter_card":"summary_large_image","twitter_misc":{"Est. reading time":"2 minutes"},"schema":{"@context":"https:\/\/schema.org","@graph":[{"@type":"WebPage","@id":"https:\/\/admin.industriall-union.org\/fr\/greve-des-mineurs-d-arcelormittal-au-kazakhstan\/","url":"https:\/\/admin.industriall-union.org\/fr\/greve-des-mineurs-d-arcelormittal-au-kazakhstan\/","name":"Gr\u00e8ve des mineurs d\u2019ArcelorMittal au Kazakhstan - industriall-union","isPartOf":{"@id":"https:\/\/admin.industriall-union.org\/#website"},"datePublished":"2017-12-13T16:52:46+00:00","dateModified":"2025-02-04T15:23:27+00:00","description":"Plusieurs centaines de mineurs d&rsquo;ArcelorMittal Temirtau se sont mis en gr\u00e8ve \u00e0 Shakhtinsk, au Kazakhstan.La gr\u00e8ve a d\u00e9marr\u00e9 le 11 d\u00e9cembre, jour","breadcrumb":{"@id":"https:\/\/admin.industriall-union.org\/fr\/greve-des-mineurs-d-arcelormittal-au-kazakhstan\/#breadcrumb"},"inLanguage":"fr-FR","potentialAction":[{"@type":"ReadAction","target":["https:\/\/admin.industriall-union.org\/fr\/greve-des-mineurs-d-arcelormittal-au-kazakhstan\/"]}]},{"@type":"BreadcrumbList","@id":"https:\/\/admin.industriall-union.org\/fr\/greve-des-mineurs-d-arcelormittal-au-kazakhstan\/#breadcrumb","itemListElement":[{"@type":"ListItem","position":1,"name":"Home","item":"https:\/\/admin.industriall-union.org\/"},{"@type":"ListItem","position":2,"name":"Articles","item":"https:\/\/admin.industriall-union.org\/article\/"},{"@type":"ListItem","position":3,"name":"Gr\u00e8ve des mineurs d\u2019ArcelorMittal au Kazakhstan"}]},{"@type":"WebSite","@id":"https:\/\/admin.industriall-union.org\/#website","url":"https:\/\/admin.industriall-union.org\/","name":"industriall-union","description":"","potentialAction":[{"@type":"SearchAction","target":{"@type":"EntryPoint","urlTemplate":"https:\/\/admin.industriall-union.org\/?s={search_term_string}"},"query-input":{"@type":"PropertyValueSpecification","valueRequired":true,"valueName":"search_term_string"}}],"inLanguage":"fr-FR"}]}},"_links":{"self":[{"href":"https:\/\/admin.industriall-union.org\/fr\/wp-json\/wp\/v2\/article\/149126","targetHints":{"allow":["GET"]}}],"collection":[{"href":"https:\/\/admin.industriall-union.org\/fr\/wp-json\/wp\/v2\/article"}],"about":[{"href":"https:\/\/admin.industriall-union.org\/fr\/wp-json\/wp\/v2\/types\/article"}],"wp:attachment":[{"href":"https:\/\/admin.industriall-union.org\/fr\/wp-json\/wp\/v2\/media?parent=149126"}],"wp:term":[{"taxonomy":"issues","embeddable":true,"href":"https:\/\/admin.industriall-union.org\/fr\/wp-json\/wp\/v2\/issues?post=149126"},{"taxonomy":"companies","embeddable":true,"href":"https:\/\/admin.industriall-union.org\/fr\/wp-json\/wp\/v2\/companies?post=149126"},{"taxonomy":"regions","embeddable":true,"href":"https:\/\/admin.industriall-union.org\/fr\/wp-json\/wp\/v2\/regions?post=149126"},{"taxonomy":"sectors","embeddable":true,"href":"https:\/\/admin.industriall-union.org\/fr\/wp-json\/wp\/v2\/sectors?post=149126"},{"taxonomy":"article_tags","embeddable":true,"href":"https:\/\/admin.industriall-union.org\/fr\/wp-json\/wp\/v2\/article_tags?post=149126"}],"curies":[{"name":"wp","href":"https:\/\/api.w.org\/{rel}","templated":true}]}}