{"id":149104,"date":"2018-01-05T13:53:07","date_gmt":"2018-01-05T13:53:07","guid":{"rendered":"https:\/\/admin.industriall-union.org\/iran-les-travailleurs-et-travailleuses-revendiquent-la-democratie-et-la-liberte-face-a-la-pauvrete-la-corruption-et-la-repression\/"},"modified":"2025-02-04T14:36:38","modified_gmt":"2025-02-04T14:36:38","slug":"iran-les-travailleurs-et-travailleuses-revendiquent-la-democratie-et-la-liberte-face-a-la-pauvrete-la-corruption-et-la-repression","status":"publish","type":"article","link":"https:\/\/admin.industriall-union.org\/fr\/iran-les-travailleurs-et-travailleuses-revendiquent-la-democratie-et-la-liberte-face-a-la-pauvrete-la-corruption-et-la-repression\/","title":{"rendered":"Iran : les travailleurs et travailleuses revendiquent la d\u00e9mocratie et la libert\u00e9 face \u00e0 la pauvret\u00e9, la corruption et la r\u00e9pression"},"content":{"rendered":"<p>Au total, 22 personnes ont \u00e9t\u00e9 tu\u00e9es et <a href=\"https:\/\/www.amnesty.org.uk\/press-releases\/iran-least-1000-detained-protesters-risk-torture\">jusqu&rsquo;\u00e0 un millier de personnes auraient \u00e9t\u00e9 arr\u00eat\u00e9es<\/a>, accus\u00e9es de terrorisme, d&rsquo;espionnage et d&rsquo;&ldquo;inimiti\u00e9 \u00e0 l&rsquo;\u00e9gard de Dieu&rdquo;, un crime passible de la peine de mort. Le r\u00e9gime pr\u00e9tend que ces manifestations sont foment\u00e9es de l&rsquo;\u00e9tranger par ses ennemis et a organis\u00e9 des contre-manifestations.<\/p><p>La R\u00e9volution verte, comme on l&rsquo;a appel\u00e9e, qui a \u00e9t\u00e9 r\u00e9prim\u00e9e par le r\u00e9gime iranien en 2009, \u00e9tait pour une vaste part men\u00e9e par des Iraniens \u00e9duqu\u00e9s, issus de la classe moyenne. A contrario, les manifestations de masses qui ont maintenant lieu dans plus de 50 villes sont des soul\u00e8vements spontan\u00e9s de la part de gens pauvres et issus des classes laborieuses qui forment traditionnellement la base du r\u00e9gime.<\/p><p>L&rsquo;\u00e9conomie de l&rsquo;Iran conna\u00eet une croissance depuis la signature du Plan global d&rsquo;action conjoint, &ldquo;l&rsquo;accord sur le nucl\u00e9aire&rdquo;. La majeure partie de la croissance \u00e9conomique est due \u00e0 la reprise des exportations de p\u00e9trole et de gaz, mais les travailleurs et travailleuses du secteur, repr\u00e9sent\u00e9s par l&rsquo;affili\u00e9 d&rsquo;IndustriALL, le Syndicat des m\u00e9tallurgistes et des m\u00e9caniciens d&rsquo;Iran (UMMI), n&rsquo;en ont pas b\u00e9n\u00e9fici\u00e9 et font parfois des mois <a href=\"http:\/\/www.industriall-union.org\/fr\/iran-les-travailleurs-des-gisements-de-petrole-et-de-gaz-de-south-pars-soumettent-une-petition-a-la\">sans \u00eatre pay\u00e9s<\/a>.<\/p><p>Les syndicats ind\u00e9pendants ne sont pas en mesure de fonctionner ouvertement, car les travailleurs et travailleuses suspect\u00e9s d&rsquo;en \u00eatre membres sont renvoy\u00e9s et arr\u00eat\u00e9s. Les militants syndicaux sont souvent arr\u00eat\u00e9s et tortur\u00e9s et les gr\u00e8ves sont r\u00e9prim\u00e9es. Les leaders des syndicats ind\u00e9pendants Reza Shahabi, Esmail Abdi, Ebrahim Madadi, et bien d&rsquo;autres, sont confront\u00e9s \u00e0 des emprisonnements sur base de charges sans fondement.<\/p><p>Depuis la signature de l&rsquo;accord sur le nucl\u00e9aire, l&rsquo;\u00e9conomie a \u00e9t\u00e9 lib\u00e9ralis\u00e9e et les investissements \u00e9trangers ont commenc\u00e9 \u00e0 arriver dans le pays. Ils ont b\u00e9n\u00e9fici\u00e9 \u00e0 l&rsquo;\u00e9lite, mais pas aux actifs. Le ch\u00f4mage est pass\u00e9 de 1,4% l&rsquo;ann\u00e9e derni\u00e8re \u00e0 12,4% et le co\u00fbt de la vie a augment\u00e9. Le ch\u00f4mage des jeunes, dans un pays o\u00f9 la moiti\u00e9 de la population a moins de 30 ans, se situe \u00e0 40%.<\/p><p>Comme <a href=\"http:\/\/www.industriall-union.org\/fr\/iran-le-gouvernement-tente-de-dereglementer-le-travail-selon-un-responsable-syndical-trying-to\">Maziyar Gilaninejhad, de l&rsquo;UMMI, l&rsquo;a dit<\/a>&nbsp;:<\/p><p>&ldquo;Les autorit\u00e9s du pays ont promis que l&rsquo;\u00e9conomie serait revigor\u00e9e par la lev\u00e9e des sanctions et le retour de milliards de dollars de revenus du p\u00e9trole et du gaz. Ces promesses n&rsquo;ont pas \u00e9t\u00e9 tenues. Pour attirer les investissements \u00e9trangers, le gouvernement a intensifi\u00e9 son programme de privatisation et de r\u00e9duction des co\u00fbts du travail. Partout dans le secteur, vous rencontrez des travailleurs et travailleuses qui n&rsquo;ont pas per\u00e7u de salaire depuis des mois.&rdquo;<\/p><p>Dans le m\u00eame temps, l&rsquo;Iran accro\u00eet son influence en cherchant \u00e0 concurrencer l&rsquo;Arabie Saoudite pour la domination de la r\u00e9gion. L&rsquo;Iran a massivement investi dans le soutien du Hezbollah au Liban, d&rsquo;Assad en Syrie et des rebelles houthistes au Y\u00e9men. Les gens ordinaires se plaignent que les taxes soient utilis\u00e9es pour financer des conflits r\u00e9gionaux plut\u00f4t que de d\u00e9velopper les infrastructures au sein de l&rsquo;Iran.<\/p><p>Dans une <a href=\"https:\/\/www.ituc-csi.org\/iran-protests-show-need-for\">d\u00e9claration<\/a>, la CSI a indiqu\u00e9 que seules des r\u00e9formes fondamentales pourraient mettre un terme \u00e0 la crise.<\/p><p>Le Secr\u00e9taire g\u00e9n\u00e9ral adjoint d&rsquo;IndustriALL Kemal \u00d6zkan a d\u00e9clar\u00e9&nbsp;:<\/p><blockquote><p>&ldquo;Les classes laborieuses d&rsquo;Iran se sont soulev\u00e9es parce que leurs conditions de vie \u00e9taient devenues intol\u00e9rables. Elles n&rsquo;ont pas b\u00e9n\u00e9fici\u00e9 des retomb\u00e9es de l&rsquo;accord sur le nucl\u00e9aire et le r\u00e9gime dilapide l&rsquo;argent dans la corruption et les conflits r\u00e9gionaux.<\/p><p>&ldquo;L&rsquo;Iran a besoin d&rsquo;un mouvement syndical ind\u00e9pendant fort pour repr\u00e9senter les int\u00e9r\u00eats des masses laborieuses. Le gouvernement de l&rsquo;Iran a pu mesurer l&rsquo;ampleur du m\u00e9contentement. La solution est de cesser la r\u00e9pression des militants syndicaux, de ratifier les conventions fondamentales de l&rsquo;OIT et de permettre aux travailleurs et travailleuses de se syndiquer et de n\u00e9gocier de meilleures conditions de vie et de travail.&rdquo;<\/p><\/blockquote>","protected":false},"featured_media":0,"template":"","issues":[],"companies":[],"regions":[292,288],"sectors":[],"article_tags":[],"class_list":["post-149104","article","type-article","status-publish","hentry","regions-iran","regions-middle-east-and-north-africa"],"acf":[],"yoast_head":"<!-- This site is optimized with the Yoast SEO Premium plugin v27.1 (Yoast SEO v27.1) - https:\/\/yoast.com\/product\/yoast-seo-premium-wordpress\/ -->\n<title>Iran : les travailleurs et travailleuses revendiquent la d\u00e9mocratie et la libert\u00e9 face \u00e0 la pauvret\u00e9, la corruption et la r\u00e9pression - industriall-union<\/title>\n<meta name=\"description\" content=\"Au total, 22 personnes ont \u00e9t\u00e9 tu\u00e9es et jusqu&rsquo;\u00e0 un millier de personnes auraient \u00e9t\u00e9 arr\u00eat\u00e9es, accus\u00e9es de terrorisme, d&rsquo;espionnage et\" \/>\n<meta name=\"robots\" content=\"index, follow, max-snippet:-1, max-image-preview:large, max-video-preview:-1\" \/>\n<link rel=\"canonical\" href=\"https:\/\/admin.industriall-union.org\/fr\/iran-les-travailleurs-et-travailleuses-revendiquent-la-democratie-et-la-liberte-face-a-la-pauvrete-la-corruption-et-la-repression\/\" \/>\n<meta property=\"og:locale\" content=\"fr_FR\" \/>\n<meta property=\"og:type\" content=\"article\" \/>\n<meta property=\"og:title\" content=\"Iran : les travailleurs et travailleuses revendiquent la d\u00e9mocratie et la libert\u00e9 face \u00e0 la pauvret\u00e9, la corruption et la r\u00e9pression\" \/>\n<meta property=\"og:description\" content=\"Au total, 22 personnes ont \u00e9t\u00e9 tu\u00e9es et jusqu&rsquo;\u00e0 un millier de personnes auraient \u00e9t\u00e9 arr\u00eat\u00e9es, accus\u00e9es de terrorisme, d&rsquo;espionnage et\" \/>\n<meta property=\"og:url\" content=\"https:\/\/admin.industriall-union.org\/fr\/iran-les-travailleurs-et-travailleuses-revendiquent-la-democratie-et-la-liberte-face-a-la-pauvrete-la-corruption-et-la-repression\/\" \/>\n<meta property=\"og:site_name\" content=\"industriall-union\" \/>\n<meta property=\"article:modified_time\" content=\"2025-02-04T14:36:38+00:00\" \/>\n<meta name=\"twitter:card\" content=\"summary_large_image\" \/>\n<meta name=\"twitter:label1\" content=\"Est. reading time\" \/>\n\t<meta name=\"twitter:data1\" content=\"4 minutes\" \/>\n<script type=\"application\/ld+json\" class=\"yoast-schema-graph\">{\"@context\":\"https:\/\/schema.org\",\"@graph\":[{\"@type\":\"WebPage\",\"@id\":\"https:\/\/admin.industriall-union.org\/fr\/iran-les-travailleurs-et-travailleuses-revendiquent-la-democratie-et-la-liberte-face-a-la-pauvrete-la-corruption-et-la-repression\/\",\"url\":\"https:\/\/admin.industriall-union.org\/fr\/iran-les-travailleurs-et-travailleuses-revendiquent-la-democratie-et-la-liberte-face-a-la-pauvrete-la-corruption-et-la-repression\/\",\"name\":\"Iran : les travailleurs et travailleuses revendiquent la d\u00e9mocratie et la libert\u00e9 face \u00e0 la pauvret\u00e9, la corruption et la r\u00e9pression - industriall-union\",\"isPartOf\":{\"@id\":\"https:\/\/admin.industriall-union.org\/#website\"},\"datePublished\":\"2018-01-05T13:53:07+00:00\",\"dateModified\":\"2025-02-04T14:36:38+00:00\",\"description\":\"Au total, 22 personnes ont \u00e9t\u00e9 tu\u00e9es et jusqu&rsquo;\u00e0 un millier de personnes auraient \u00e9t\u00e9 arr\u00eat\u00e9es, accus\u00e9es de terrorisme, d&rsquo;espionnage et\",\"breadcrumb\":{\"@id\":\"https:\/\/admin.industriall-union.org\/fr\/iran-les-travailleurs-et-travailleuses-revendiquent-la-democratie-et-la-liberte-face-a-la-pauvrete-la-corruption-et-la-repression\/#breadcrumb\"},\"inLanguage\":\"fr-FR\",\"potentialAction\":[{\"@type\":\"ReadAction\",\"target\":[\"https:\/\/admin.industriall-union.org\/fr\/iran-les-travailleurs-et-travailleuses-revendiquent-la-democratie-et-la-liberte-face-a-la-pauvrete-la-corruption-et-la-repression\/\"]}]},{\"@type\":\"BreadcrumbList\",\"@id\":\"https:\/\/admin.industriall-union.org\/fr\/iran-les-travailleurs-et-travailleuses-revendiquent-la-democratie-et-la-liberte-face-a-la-pauvrete-la-corruption-et-la-repression\/#breadcrumb\",\"itemListElement\":[{\"@type\":\"ListItem\",\"position\":1,\"name\":\"Home\",\"item\":\"https:\/\/admin.industriall-union.org\/\"},{\"@type\":\"ListItem\",\"position\":2,\"name\":\"Articles\",\"item\":\"https:\/\/admin.industriall-union.org\/article\/\"},{\"@type\":\"ListItem\",\"position\":3,\"name\":\"Iran : les travailleurs et travailleuses revendiquent la d\u00e9mocratie et la libert\u00e9 face \u00e0 la pauvret\u00e9, la corruption et la r\u00e9pression\"}]},{\"@type\":\"WebSite\",\"@id\":\"https:\/\/admin.industriall-union.org\/#website\",\"url\":\"https:\/\/admin.industriall-union.org\/\",\"name\":\"industriall-union\",\"description\":\"\",\"potentialAction\":[{\"@type\":\"SearchAction\",\"target\":{\"@type\":\"EntryPoint\",\"urlTemplate\":\"https:\/\/admin.industriall-union.org\/?s={search_term_string}\"},\"query-input\":{\"@type\":\"PropertyValueSpecification\",\"valueRequired\":true,\"valueName\":\"search_term_string\"}}],\"inLanguage\":\"fr-FR\"}]}<\/script>\n<!-- \/ Yoast SEO Premium plugin. -->","yoast_head_json":{"title":"Iran : les travailleurs et travailleuses revendiquent la d\u00e9mocratie et la libert\u00e9 face \u00e0 la pauvret\u00e9, la corruption et la r\u00e9pression - industriall-union","description":"Au total, 22 personnes ont \u00e9t\u00e9 tu\u00e9es et jusqu&rsquo;\u00e0 un millier de personnes auraient \u00e9t\u00e9 arr\u00eat\u00e9es, accus\u00e9es de terrorisme, d&rsquo;espionnage et","robots":{"index":"index","follow":"follow","max-snippet":"max-snippet:-1","max-image-preview":"max-image-preview:large","max-video-preview":"max-video-preview:-1"},"canonical":"https:\/\/admin.industriall-union.org\/fr\/iran-les-travailleurs-et-travailleuses-revendiquent-la-democratie-et-la-liberte-face-a-la-pauvrete-la-corruption-et-la-repression\/","og_locale":"fr_FR","og_type":"article","og_title":"Iran : les travailleurs et travailleuses revendiquent la d\u00e9mocratie et la libert\u00e9 face \u00e0 la pauvret\u00e9, la corruption et la r\u00e9pression","og_description":"Au total, 22 personnes ont \u00e9t\u00e9 tu\u00e9es et jusqu&rsquo;\u00e0 un millier de personnes auraient \u00e9t\u00e9 arr\u00eat\u00e9es, accus\u00e9es de terrorisme, d&rsquo;espionnage et","og_url":"https:\/\/admin.industriall-union.org\/fr\/iran-les-travailleurs-et-travailleuses-revendiquent-la-democratie-et-la-liberte-face-a-la-pauvrete-la-corruption-et-la-repression\/","og_site_name":"industriall-union","article_modified_time":"2025-02-04T14:36:38+00:00","twitter_card":"summary_large_image","twitter_misc":{"Est. reading time":"4 minutes"},"schema":{"@context":"https:\/\/schema.org","@graph":[{"@type":"WebPage","@id":"https:\/\/admin.industriall-union.org\/fr\/iran-les-travailleurs-et-travailleuses-revendiquent-la-democratie-et-la-liberte-face-a-la-pauvrete-la-corruption-et-la-repression\/","url":"https:\/\/admin.industriall-union.org\/fr\/iran-les-travailleurs-et-travailleuses-revendiquent-la-democratie-et-la-liberte-face-a-la-pauvrete-la-corruption-et-la-repression\/","name":"Iran : les travailleurs et travailleuses revendiquent la d\u00e9mocratie et la libert\u00e9 face \u00e0 la pauvret\u00e9, la corruption et la r\u00e9pression - industriall-union","isPartOf":{"@id":"https:\/\/admin.industriall-union.org\/#website"},"datePublished":"2018-01-05T13:53:07+00:00","dateModified":"2025-02-04T14:36:38+00:00","description":"Au total, 22 personnes ont \u00e9t\u00e9 tu\u00e9es et jusqu&rsquo;\u00e0 un millier de personnes auraient \u00e9t\u00e9 arr\u00eat\u00e9es, accus\u00e9es de terrorisme, d&rsquo;espionnage et","breadcrumb":{"@id":"https:\/\/admin.industriall-union.org\/fr\/iran-les-travailleurs-et-travailleuses-revendiquent-la-democratie-et-la-liberte-face-a-la-pauvrete-la-corruption-et-la-repression\/#breadcrumb"},"inLanguage":"fr-FR","potentialAction":[{"@type":"ReadAction","target":["https:\/\/admin.industriall-union.org\/fr\/iran-les-travailleurs-et-travailleuses-revendiquent-la-democratie-et-la-liberte-face-a-la-pauvrete-la-corruption-et-la-repression\/"]}]},{"@type":"BreadcrumbList","@id":"https:\/\/admin.industriall-union.org\/fr\/iran-les-travailleurs-et-travailleuses-revendiquent-la-democratie-et-la-liberte-face-a-la-pauvrete-la-corruption-et-la-repression\/#breadcrumb","itemListElement":[{"@type":"ListItem","position":1,"name":"Home","item":"https:\/\/admin.industriall-union.org\/"},{"@type":"ListItem","position":2,"name":"Articles","item":"https:\/\/admin.industriall-union.org\/article\/"},{"@type":"ListItem","position":3,"name":"Iran : les travailleurs et travailleuses revendiquent la d\u00e9mocratie et la libert\u00e9 face \u00e0 la pauvret\u00e9, la corruption et la r\u00e9pression"}]},{"@type":"WebSite","@id":"https:\/\/admin.industriall-union.org\/#website","url":"https:\/\/admin.industriall-union.org\/","name":"industriall-union","description":"","potentialAction":[{"@type":"SearchAction","target":{"@type":"EntryPoint","urlTemplate":"https:\/\/admin.industriall-union.org\/?s={search_term_string}"},"query-input":{"@type":"PropertyValueSpecification","valueRequired":true,"valueName":"search_term_string"}}],"inLanguage":"fr-FR"}]}},"_links":{"self":[{"href":"https:\/\/admin.industriall-union.org\/fr\/wp-json\/wp\/v2\/article\/149104","targetHints":{"allow":["GET"]}}],"collection":[{"href":"https:\/\/admin.industriall-union.org\/fr\/wp-json\/wp\/v2\/article"}],"about":[{"href":"https:\/\/admin.industriall-union.org\/fr\/wp-json\/wp\/v2\/types\/article"}],"wp:attachment":[{"href":"https:\/\/admin.industriall-union.org\/fr\/wp-json\/wp\/v2\/media?parent=149104"}],"wp:term":[{"taxonomy":"issues","embeddable":true,"href":"https:\/\/admin.industriall-union.org\/fr\/wp-json\/wp\/v2\/issues?post=149104"},{"taxonomy":"companies","embeddable":true,"href":"https:\/\/admin.industriall-union.org\/fr\/wp-json\/wp\/v2\/companies?post=149104"},{"taxonomy":"regions","embeddable":true,"href":"https:\/\/admin.industriall-union.org\/fr\/wp-json\/wp\/v2\/regions?post=149104"},{"taxonomy":"sectors","embeddable":true,"href":"https:\/\/admin.industriall-union.org\/fr\/wp-json\/wp\/v2\/sectors?post=149104"},{"taxonomy":"article_tags","embeddable":true,"href":"https:\/\/admin.industriall-union.org\/fr\/wp-json\/wp\/v2\/article_tags?post=149104"}],"curies":[{"name":"wp","href":"https:\/\/api.w.org\/{rel}","templated":true}]}}