{"id":149098,"date":"2018-01-12T10:31:57","date_gmt":"2018-01-12T10:31:57","guid":{"rendered":"https:\/\/admin.industriall-union.org\/finlande-3-000-employes-de-bureaux-sur-le-point-d-entrer-en-greve\/"},"modified":"2025-02-04T14:23:11","modified_gmt":"2025-02-04T14:23:11","slug":"finlande-3-000-employes-de-bureaux-sur-le-point-d-entrer-en-greve","status":"publish","type":"article","link":"https:\/\/admin.industriall-union.org\/fr\/finlande-3-000-employes-de-bureaux-sur-le-point-d-entrer-en-greve\/","title":{"rendered":"Finlande: 3 000 employ\u00e9s de bureaux sur le point d\u2019entrer en gr\u00e8ve"},"content":{"rendered":"<p>Pro refuse d&rsquo;accepter la mise \u00e0 mal des conditions sectorielles de travail. Depuis mardi 9 janvier, 3&nbsp;000 membres r\u00e9partis dans l&rsquo;ensemble du secteur suivent l&rsquo;interdiction illimit\u00e9e d&rsquo;effectuer des heures suppl\u00e9mentaires. Les employ\u00e9s de bureau entreront en gr\u00e8ve durant une semaine enti\u00e8re, \u00e0 partir de 6 heures du matin, le 17 janvier. La gr\u00e8ve devrait fortement perturber la production.<\/p><p>Malgr\u00e9 de bons b\u00e9n\u00e9fices et gains de productivit\u00e9 affich\u00e9s par le secteur du papier en Finlande, l&rsquo;association sectorielle des employ\u00e9s, les industries foresti\u00e8res finlandaises, propose de supprimer de nombreux avantages gagn\u00e9s par les travailleurs depuis des d\u00e9cennies gr\u00e2ce \u00e0 des relations du travail constructives.<\/p><p>Les employeurs tentent \u00e9galement de retirer leur pouvoir de d\u00e9cision aux partenaires de n\u00e9gociation locaux pour permettre \u00e0 la direction de prendre des d\u00e9cisions unilat\u00e9rales en mati\u00e8re de distribution des hausses salariales.<\/p><p>La proposition syndicale sur les salaires est compos\u00e9e de deux \u00e9l\u00e9ments: une augmentation salariale g\u00e9n\u00e9rale, applicable \u00e0 l&rsquo;ensemble des travailleurs du secteur, et une hausse salariale distincte, n\u00e9gociable localement, afin de permettre une r\u00e9partition \u00e9quitable des revenus des employ\u00e9s dont le salaire est demeur\u00e9 inf\u00e9rieur \u00e0 ce qu&rsquo;il aurait d\u00fb \u00eatre ces derni\u00e8res ann\u00e9es.<\/p><p>Le gouvernement finlandais arbitrera la prochaine session de n\u00e9gociations qui se d\u00e9roulera ce dimanche 14 janvier et durant laquelle l&rsquo;association des employeurs pourra retirer ses propositions d\u00e9raisonnables. Jari Uschanov, attach\u00e9 national de Pro, dirige le comit\u00e9 de n\u00e9gociation du syndicat.<\/p><p>Tom Grinter, sp\u00e9cialiste de la recherche et de l&rsquo;industrie \u00e0 IndustriALL Global Union, a d\u00e9clar\u00e9:<\/p><p>&laquo;&nbsp;Comment ces compagnies osent-elles rompre l&rsquo;esprit de coll\u00e9gialit\u00e9 et de confiance qui a \u00e9t\u00e9 construit depuis autant d&rsquo;ann\u00e9es. Les r\u00e9ductions des avantages propos\u00e9es auront une incidence n\u00e9gative directe sur le pouvoir d&rsquo;achat des travailleurs alors que ceux-ci accroissent les b\u00e9n\u00e9fices g\u00e9n\u00e9r\u00e9s. Ceci est invraisemblable et inacceptable. IndustriALL Global Union soutient r\u00e9solument la gr\u00e8ve sectorielle qui d\u00e9marre mercredi matin prochain&nbsp;&raquo;.<\/p>","protected":false},"featured_media":0,"template":"","issues":[400],"companies":[],"regions":[202,216],"sectors":[474],"article_tags":[529],"class_list":["post-149098","article","type-article","status-publish","hentry","issues-white-collar-workers","regions-europe","regions-finland","sectors-pulp-and-paper","article_tags-strike"],"acf":[],"yoast_head":"<!-- This site is optimized with the Yoast SEO Premium plugin v27.1 (Yoast SEO v27.1) - https:\/\/yoast.com\/product\/yoast-seo-premium-wordpress\/ -->\n<title>Finlande: 3 000 employ\u00e9s de bureaux sur le point d\u2019entrer en gr\u00e8ve - industriall-union<\/title>\n<meta name=\"description\" content=\"Pro refuse d&rsquo;accepter la mise \u00e0 mal des conditions sectorielles de travail. Depuis mardi 9 janvier, 3&nbsp;000 membres r\u00e9partis dans\" \/>\n<meta name=\"robots\" content=\"index, follow, max-snippet:-1, max-image-preview:large, max-video-preview:-1\" \/>\n<link rel=\"canonical\" href=\"https:\/\/admin.industriall-union.org\/fr\/finlande-3-000-employes-de-bureaux-sur-le-point-d-entrer-en-greve\/\" \/>\n<meta property=\"og:locale\" content=\"fr_FR\" \/>\n<meta property=\"og:type\" content=\"article\" \/>\n<meta property=\"og:title\" content=\"Finlande: 3 000 employ\u00e9s de bureaux sur le point d\u2019entrer en gr\u00e8ve\" \/>\n<meta property=\"og:description\" content=\"Pro refuse d&rsquo;accepter la mise \u00e0 mal des conditions sectorielles de travail. Depuis mardi 9 janvier, 3&nbsp;000 membres r\u00e9partis dans\" \/>\n<meta property=\"og:url\" content=\"https:\/\/admin.industriall-union.org\/fr\/finlande-3-000-employes-de-bureaux-sur-le-point-d-entrer-en-greve\/\" \/>\n<meta property=\"og:site_name\" content=\"industriall-union\" \/>\n<meta property=\"article:modified_time\" content=\"2025-02-04T14:23:11+00:00\" \/>\n<meta name=\"twitter:card\" content=\"summary_large_image\" \/>\n<meta name=\"twitter:label1\" content=\"Est. reading time\" \/>\n\t<meta name=\"twitter:data1\" content=\"2 minutes\" \/>\n<script type=\"application\/ld+json\" class=\"yoast-schema-graph\">{\"@context\":\"https:\/\/schema.org\",\"@graph\":[{\"@type\":\"WebPage\",\"@id\":\"https:\/\/admin.industriall-union.org\/fr\/finlande-3-000-employes-de-bureaux-sur-le-point-d-entrer-en-greve\/\",\"url\":\"https:\/\/admin.industriall-union.org\/fr\/finlande-3-000-employes-de-bureaux-sur-le-point-d-entrer-en-greve\/\",\"name\":\"Finlande: 3 000 employ\u00e9s de bureaux sur le point d\u2019entrer en gr\u00e8ve - industriall-union\",\"isPartOf\":{\"@id\":\"https:\/\/admin.industriall-union.org\/#website\"},\"datePublished\":\"2018-01-12T10:31:57+00:00\",\"dateModified\":\"2025-02-04T14:23:11+00:00\",\"description\":\"Pro refuse d&rsquo;accepter la mise \u00e0 mal des conditions sectorielles de travail. Depuis mardi 9 janvier, 3&nbsp;000 membres r\u00e9partis dans\",\"breadcrumb\":{\"@id\":\"https:\/\/admin.industriall-union.org\/fr\/finlande-3-000-employes-de-bureaux-sur-le-point-d-entrer-en-greve\/#breadcrumb\"},\"inLanguage\":\"fr-FR\",\"potentialAction\":[{\"@type\":\"ReadAction\",\"target\":[\"https:\/\/admin.industriall-union.org\/fr\/finlande-3-000-employes-de-bureaux-sur-le-point-d-entrer-en-greve\/\"]}]},{\"@type\":\"BreadcrumbList\",\"@id\":\"https:\/\/admin.industriall-union.org\/fr\/finlande-3-000-employes-de-bureaux-sur-le-point-d-entrer-en-greve\/#breadcrumb\",\"itemListElement\":[{\"@type\":\"ListItem\",\"position\":1,\"name\":\"Home\",\"item\":\"https:\/\/admin.industriall-union.org\/\"},{\"@type\":\"ListItem\",\"position\":2,\"name\":\"Articles\",\"item\":\"https:\/\/admin.industriall-union.org\/article\/\"},{\"@type\":\"ListItem\",\"position\":3,\"name\":\"Finlande: 3 000 employ\u00e9s de bureaux sur le point d\u2019entrer en gr\u00e8ve\"}]},{\"@type\":\"WebSite\",\"@id\":\"https:\/\/admin.industriall-union.org\/#website\",\"url\":\"https:\/\/admin.industriall-union.org\/\",\"name\":\"industriall-union\",\"description\":\"\",\"potentialAction\":[{\"@type\":\"SearchAction\",\"target\":{\"@type\":\"EntryPoint\",\"urlTemplate\":\"https:\/\/admin.industriall-union.org\/?s={search_term_string}\"},\"query-input\":{\"@type\":\"PropertyValueSpecification\",\"valueRequired\":true,\"valueName\":\"search_term_string\"}}],\"inLanguage\":\"fr-FR\"}]}<\/script>\n<!-- \/ Yoast SEO Premium plugin. -->","yoast_head_json":{"title":"Finlande: 3 000 employ\u00e9s de bureaux sur le point d\u2019entrer en gr\u00e8ve - industriall-union","description":"Pro refuse d&rsquo;accepter la mise \u00e0 mal des conditions sectorielles de travail. Depuis mardi 9 janvier, 3&nbsp;000 membres r\u00e9partis dans","robots":{"index":"index","follow":"follow","max-snippet":"max-snippet:-1","max-image-preview":"max-image-preview:large","max-video-preview":"max-video-preview:-1"},"canonical":"https:\/\/admin.industriall-union.org\/fr\/finlande-3-000-employes-de-bureaux-sur-le-point-d-entrer-en-greve\/","og_locale":"fr_FR","og_type":"article","og_title":"Finlande: 3 000 employ\u00e9s de bureaux sur le point d\u2019entrer en gr\u00e8ve","og_description":"Pro refuse d&rsquo;accepter la mise \u00e0 mal des conditions sectorielles de travail. Depuis mardi 9 janvier, 3&nbsp;000 membres r\u00e9partis dans","og_url":"https:\/\/admin.industriall-union.org\/fr\/finlande-3-000-employes-de-bureaux-sur-le-point-d-entrer-en-greve\/","og_site_name":"industriall-union","article_modified_time":"2025-02-04T14:23:11+00:00","twitter_card":"summary_large_image","twitter_misc":{"Est. reading time":"2 minutes"},"schema":{"@context":"https:\/\/schema.org","@graph":[{"@type":"WebPage","@id":"https:\/\/admin.industriall-union.org\/fr\/finlande-3-000-employes-de-bureaux-sur-le-point-d-entrer-en-greve\/","url":"https:\/\/admin.industriall-union.org\/fr\/finlande-3-000-employes-de-bureaux-sur-le-point-d-entrer-en-greve\/","name":"Finlande: 3 000 employ\u00e9s de bureaux sur le point d\u2019entrer en gr\u00e8ve - industriall-union","isPartOf":{"@id":"https:\/\/admin.industriall-union.org\/#website"},"datePublished":"2018-01-12T10:31:57+00:00","dateModified":"2025-02-04T14:23:11+00:00","description":"Pro refuse d&rsquo;accepter la mise \u00e0 mal des conditions sectorielles de travail. Depuis mardi 9 janvier, 3&nbsp;000 membres r\u00e9partis dans","breadcrumb":{"@id":"https:\/\/admin.industriall-union.org\/fr\/finlande-3-000-employes-de-bureaux-sur-le-point-d-entrer-en-greve\/#breadcrumb"},"inLanguage":"fr-FR","potentialAction":[{"@type":"ReadAction","target":["https:\/\/admin.industriall-union.org\/fr\/finlande-3-000-employes-de-bureaux-sur-le-point-d-entrer-en-greve\/"]}]},{"@type":"BreadcrumbList","@id":"https:\/\/admin.industriall-union.org\/fr\/finlande-3-000-employes-de-bureaux-sur-le-point-d-entrer-en-greve\/#breadcrumb","itemListElement":[{"@type":"ListItem","position":1,"name":"Home","item":"https:\/\/admin.industriall-union.org\/"},{"@type":"ListItem","position":2,"name":"Articles","item":"https:\/\/admin.industriall-union.org\/article\/"},{"@type":"ListItem","position":3,"name":"Finlande: 3 000 employ\u00e9s de bureaux sur le point d\u2019entrer en gr\u00e8ve"}]},{"@type":"WebSite","@id":"https:\/\/admin.industriall-union.org\/#website","url":"https:\/\/admin.industriall-union.org\/","name":"industriall-union","description":"","potentialAction":[{"@type":"SearchAction","target":{"@type":"EntryPoint","urlTemplate":"https:\/\/admin.industriall-union.org\/?s={search_term_string}"},"query-input":{"@type":"PropertyValueSpecification","valueRequired":true,"valueName":"search_term_string"}}],"inLanguage":"fr-FR"}]}},"_links":{"self":[{"href":"https:\/\/admin.industriall-union.org\/fr\/wp-json\/wp\/v2\/article\/149098","targetHints":{"allow":["GET"]}}],"collection":[{"href":"https:\/\/admin.industriall-union.org\/fr\/wp-json\/wp\/v2\/article"}],"about":[{"href":"https:\/\/admin.industriall-union.org\/fr\/wp-json\/wp\/v2\/types\/article"}],"wp:attachment":[{"href":"https:\/\/admin.industriall-union.org\/fr\/wp-json\/wp\/v2\/media?parent=149098"}],"wp:term":[{"taxonomy":"issues","embeddable":true,"href":"https:\/\/admin.industriall-union.org\/fr\/wp-json\/wp\/v2\/issues?post=149098"},{"taxonomy":"companies","embeddable":true,"href":"https:\/\/admin.industriall-union.org\/fr\/wp-json\/wp\/v2\/companies?post=149098"},{"taxonomy":"regions","embeddable":true,"href":"https:\/\/admin.industriall-union.org\/fr\/wp-json\/wp\/v2\/regions?post=149098"},{"taxonomy":"sectors","embeddable":true,"href":"https:\/\/admin.industriall-union.org\/fr\/wp-json\/wp\/v2\/sectors?post=149098"},{"taxonomy":"article_tags","embeddable":true,"href":"https:\/\/admin.industriall-union.org\/fr\/wp-json\/wp\/v2\/article_tags?post=149098"}],"curies":[{"name":"wp","href":"https:\/\/api.w.org\/{rel}","templated":true}]}}