{"id":149065,"date":"2018-01-25T13:41:10","date_gmt":"2018-01-25T13:41:10","guid":{"rendered":"https:\/\/admin.industriall-union.org\/des-travailleurs-en-lock-out-d-039-une-aluminerie-canadienne-apres-la-rupture-des-negociations\/"},"modified":"2025-02-04T13:57:58","modified_gmt":"2025-02-04T13:57:58","slug":"des-travailleurs-en-lock-out-d-039-une-aluminerie-canadienne-apres-la-rupture-des-negociations","status":"publish","type":"article","link":"https:\/\/admin.industriall-union.org\/fr\/des-travailleurs-en-lock-out-d-039-une-aluminerie-canadienne-apres-la-rupture-des-negociations\/","title":{"rendered":"Des travailleurs en lock-out d&#039;une aluminerie canadienne apr\u00e8s la rupture des n\u00e9gociations"},"content":{"rendered":"<p>Le lock-out a \u00e9t\u00e9 impos\u00e9 aux 1.030 travailleurs syndiqu\u00e9s le 11 janvier \u00e0 3 heures du matin, lorsque leur convention collective est arriv\u00e9e \u00e0 expiration. Cette mesure fait suite au retrait unilat\u00e9ral des n\u00e9gociations de l&#039;employeur qui avait pr\u00e9sent\u00e9 au syndicat une offre finale qui a \u00e9t\u00e9 rejet\u00e9e par 80 pour cent des membres.<\/p><p>La direction avait tent\u00e9 de tronquer la n\u00e9gociation en mettant \u00e0 l&#039;arr\u00eat les cuves d&#039;\u00e9lectrolyse (utilis\u00e9es pour fondre l&#039;aluminium) avant la r\u00e9union entre le syndicat et la direction convoqu\u00e9e par le m\u00e9diateur du gouvernement.<\/p><p>ABI est contr\u00f4l\u00e9e \u00e0 75 pour cent par le g\u00e9ant am\u00e9ricain de l&#039;aluminium Alcoa, et \u00e0 25 pour cent par la multinationale mini\u00e8re anglo-australienne Rio Tinto.<\/p><p>Les points de d\u00e9saccord de la n\u00e9gociation de la convention portent sur des changements au r\u00e9gime de retraite et sur la prise en compte de l&#039;anciennet\u00e9. La direction veut passer d&#039;un r\u00e9gime de retraite \u00e0 prestations d\u00e9finies \u00e0 une retraite par capitalisation dans laquelle ce sont les salari\u00e9s qui supporteraient le risque.<\/p><p>L&#039;USW a d\u00e9clar\u00e9 que, sans renoncer \u00e0 d\u00e9fendre le droit de ses membres \u00e0 une retraite \u00e9quitable et \u00e0 leur anciennet\u00e9, il est pr\u00eat \u00e0 reprendre la n\u00e9gociation.<\/p><p>&quot;Nous sommes pr\u00eats et dispos\u00e9s \u00e0 poursuivre la n\u00e9gociation de bonne foi et \u00e0 assurer le bon fonctionnement de cette usine&quot;, a fait savoir le Pr\u00e9sident de la section 9700 de l&#039;USW, Cl\u00e9ment Masse.<\/p><p>Le syndicat est persuad\u00e9 que la rupture des n\u00e9gociations serait une tactique de la direction qui rel\u00e8verait d&#039;une strat\u00e9gie visant \u00e0 faire baisser le prix de l&#039;\u00e9lectricit\u00e9 du fournisseur public, ou \u00e0 r\u00e9duire ses stocks exc\u00e9dentaires d&#039;aluminium en faisant monter les prix.<\/p><p>La consigne de lock-out est venue du si\u00e8ge de l&#039;entreprise, la direction locale d\u00e9clarant ne pas &quot;\u00eatre mandat\u00e9e&quot; pour poursuivre la n\u00e9gociation avec le syndicat.<\/p><p>&quot;Pourquoi provoquer un conflit du travail qui, en finale, co\u00fbtera plus cher que toutes les propositions avanc\u00e9es par le syndicat ? Il y a anguille sous roche. Les actionnaires devraient exiger des r\u00e9ponses d&#039;Alcoa&quot;, pense Cl\u00e9ment Masse.<\/p><p>IndustriALL Global Union a envoy\u00e9 un message de solidarit\u00e9 \u00e0 la section locale du syndicat et une lettre de protestation au P-DG d&#039;Alcoa, Roy Harvey.<\/p><p>Le Secr\u00e9taire g\u00e9n\u00e9ral d&#039;IndustriALL, Valter Sanches, a \u00e9crit :<\/p><blockquote><p>&quot;IndustriALL Global Union appuie sans r\u00e9serve les revendications l\u00e9gitimes de la section 9700 de l&#039;USW \u00e0 propos, notamment, de l&#039;anciennet\u00e9 professionnelle et de prestations de retraite d\u00e9centes. C&#039;est pourquoi nous prions instamment Alcoa d&#039;intervenir aupr\u00e8s de l&#039;Aluminerie de B\u00e9cancour Inc (ABI) pour que le lock-out cesse imm\u00e9diatement et que reprennent des n\u00e9gociations qui devraient d\u00e9boucher sur une convention \u00e9quitable.&quot;<\/p><\/blockquote><p>Il existe un r\u00e9seau mondial des syndicats d&#039;Alcoa. IndustriALL va le mobiliser pour soutenir le combat chez B\u00e9cancour.<\/p>","protected":false},"featured_media":0,"template":"","issues":[410],"companies":[7,113],"regions":[309,308],"sectors":[481],"article_tags":[],"class_list":["post-149065","article","type-article","status-publish","hentry","issues-rio-tinto","companies-alcoa","companies-rio-tinto","regions-canada","regions-north-america","sectors-base-metals"],"acf":[],"yoast_head":"<!-- This site is optimized with the Yoast SEO Premium plugin v27.1 (Yoast SEO v27.1) - https:\/\/yoast.com\/product\/yoast-seo-premium-wordpress\/ -->\n<title>Des travailleurs en lock-out d&#039;une aluminerie canadienne apr\u00e8s la rupture des n\u00e9gociations - industriall-union<\/title>\n<meta name=\"description\" content=\"Le lock-out a \u00e9t\u00e9 impos\u00e9 aux 1.030 travailleurs syndiqu\u00e9s le 11 janvier \u00e0 3 heures du matin, lorsque leur convention collective est arriv\u00e9e \u00e0 expiration.\" \/>\n<meta name=\"robots\" content=\"index, follow, max-snippet:-1, max-image-preview:large, max-video-preview:-1\" \/>\n<link rel=\"canonical\" href=\"https:\/\/admin.industriall-union.org\/fr\/des-travailleurs-en-lock-out-d-039-une-aluminerie-canadienne-apres-la-rupture-des-negociations\/\" \/>\n<meta property=\"og:locale\" content=\"fr_FR\" \/>\n<meta property=\"og:type\" content=\"article\" \/>\n<meta property=\"og:title\" content=\"Des travailleurs en lock-out d&#039;une aluminerie canadienne apr\u00e8s la rupture des n\u00e9gociations\" \/>\n<meta property=\"og:description\" content=\"Le lock-out a \u00e9t\u00e9 impos\u00e9 aux 1.030 travailleurs syndiqu\u00e9s le 11 janvier \u00e0 3 heures du matin, lorsque leur convention collective est arriv\u00e9e \u00e0 expiration.\" \/>\n<meta property=\"og:url\" content=\"https:\/\/admin.industriall-union.org\/fr\/des-travailleurs-en-lock-out-d-039-une-aluminerie-canadienne-apres-la-rupture-des-negociations\/\" \/>\n<meta property=\"og:site_name\" content=\"industriall-union\" \/>\n<meta property=\"article:modified_time\" content=\"2025-02-04T13:57:58+00:00\" \/>\n<meta name=\"twitter:card\" content=\"summary_large_image\" \/>\n<meta name=\"twitter:label1\" content=\"Est. reading time\" \/>\n\t<meta name=\"twitter:data1\" content=\"3 minutes\" \/>\n<script type=\"application\/ld+json\" class=\"yoast-schema-graph\">{\"@context\":\"https:\/\/schema.org\",\"@graph\":[{\"@type\":\"WebPage\",\"@id\":\"https:\/\/admin.industriall-union.org\/fr\/des-travailleurs-en-lock-out-d-039-une-aluminerie-canadienne-apres-la-rupture-des-negociations\/\",\"url\":\"https:\/\/admin.industriall-union.org\/fr\/des-travailleurs-en-lock-out-d-039-une-aluminerie-canadienne-apres-la-rupture-des-negociations\/\",\"name\":\"Des travailleurs en lock-out d&#039;une aluminerie canadienne apr\u00e8s la rupture des n\u00e9gociations - industriall-union\",\"isPartOf\":{\"@id\":\"https:\/\/admin.industriall-union.org\/#website\"},\"datePublished\":\"2018-01-25T13:41:10+00:00\",\"dateModified\":\"2025-02-04T13:57:58+00:00\",\"description\":\"Le lock-out a \u00e9t\u00e9 impos\u00e9 aux 1.030 travailleurs syndiqu\u00e9s le 11 janvier \u00e0 3 heures du matin, lorsque leur convention collective est arriv\u00e9e \u00e0 expiration.\",\"breadcrumb\":{\"@id\":\"https:\/\/admin.industriall-union.org\/fr\/des-travailleurs-en-lock-out-d-039-une-aluminerie-canadienne-apres-la-rupture-des-negociations\/#breadcrumb\"},\"inLanguage\":\"fr-FR\",\"potentialAction\":[{\"@type\":\"ReadAction\",\"target\":[\"https:\/\/admin.industriall-union.org\/fr\/des-travailleurs-en-lock-out-d-039-une-aluminerie-canadienne-apres-la-rupture-des-negociations\/\"]}]},{\"@type\":\"BreadcrumbList\",\"@id\":\"https:\/\/admin.industriall-union.org\/fr\/des-travailleurs-en-lock-out-d-039-une-aluminerie-canadienne-apres-la-rupture-des-negociations\/#breadcrumb\",\"itemListElement\":[{\"@type\":\"ListItem\",\"position\":1,\"name\":\"Home\",\"item\":\"https:\/\/admin.industriall-union.org\/\"},{\"@type\":\"ListItem\",\"position\":2,\"name\":\"Articles\",\"item\":\"https:\/\/admin.industriall-union.org\/article\/\"},{\"@type\":\"ListItem\",\"position\":3,\"name\":\"Des travailleurs en lock-out d&#039;une aluminerie canadienne apr\u00e8s la rupture des n\u00e9gociations\"}]},{\"@type\":\"WebSite\",\"@id\":\"https:\/\/admin.industriall-union.org\/#website\",\"url\":\"https:\/\/admin.industriall-union.org\/\",\"name\":\"industriall-union\",\"description\":\"\",\"potentialAction\":[{\"@type\":\"SearchAction\",\"target\":{\"@type\":\"EntryPoint\",\"urlTemplate\":\"https:\/\/admin.industriall-union.org\/?s={search_term_string}\"},\"query-input\":{\"@type\":\"PropertyValueSpecification\",\"valueRequired\":true,\"valueName\":\"search_term_string\"}}],\"inLanguage\":\"fr-FR\"}]}<\/script>\n<!-- \/ Yoast SEO Premium plugin. -->","yoast_head_json":{"title":"Des travailleurs en lock-out d&#039;une aluminerie canadienne apr\u00e8s la rupture des n\u00e9gociations - industriall-union","description":"Le lock-out a \u00e9t\u00e9 impos\u00e9 aux 1.030 travailleurs syndiqu\u00e9s le 11 janvier \u00e0 3 heures du matin, lorsque leur convention collective est arriv\u00e9e \u00e0 expiration.","robots":{"index":"index","follow":"follow","max-snippet":"max-snippet:-1","max-image-preview":"max-image-preview:large","max-video-preview":"max-video-preview:-1"},"canonical":"https:\/\/admin.industriall-union.org\/fr\/des-travailleurs-en-lock-out-d-039-une-aluminerie-canadienne-apres-la-rupture-des-negociations\/","og_locale":"fr_FR","og_type":"article","og_title":"Des travailleurs en lock-out d&#039;une aluminerie canadienne apr\u00e8s la rupture des n\u00e9gociations","og_description":"Le lock-out a \u00e9t\u00e9 impos\u00e9 aux 1.030 travailleurs syndiqu\u00e9s le 11 janvier \u00e0 3 heures du matin, lorsque leur convention collective est arriv\u00e9e \u00e0 expiration.","og_url":"https:\/\/admin.industriall-union.org\/fr\/des-travailleurs-en-lock-out-d-039-une-aluminerie-canadienne-apres-la-rupture-des-negociations\/","og_site_name":"industriall-union","article_modified_time":"2025-02-04T13:57:58+00:00","twitter_card":"summary_large_image","twitter_misc":{"Est. reading time":"3 minutes"},"schema":{"@context":"https:\/\/schema.org","@graph":[{"@type":"WebPage","@id":"https:\/\/admin.industriall-union.org\/fr\/des-travailleurs-en-lock-out-d-039-une-aluminerie-canadienne-apres-la-rupture-des-negociations\/","url":"https:\/\/admin.industriall-union.org\/fr\/des-travailleurs-en-lock-out-d-039-une-aluminerie-canadienne-apres-la-rupture-des-negociations\/","name":"Des travailleurs en lock-out d&#039;une aluminerie canadienne apr\u00e8s la rupture des n\u00e9gociations - industriall-union","isPartOf":{"@id":"https:\/\/admin.industriall-union.org\/#website"},"datePublished":"2018-01-25T13:41:10+00:00","dateModified":"2025-02-04T13:57:58+00:00","description":"Le lock-out a \u00e9t\u00e9 impos\u00e9 aux 1.030 travailleurs syndiqu\u00e9s le 11 janvier \u00e0 3 heures du matin, lorsque leur convention collective est arriv\u00e9e \u00e0 expiration.","breadcrumb":{"@id":"https:\/\/admin.industriall-union.org\/fr\/des-travailleurs-en-lock-out-d-039-une-aluminerie-canadienne-apres-la-rupture-des-negociations\/#breadcrumb"},"inLanguage":"fr-FR","potentialAction":[{"@type":"ReadAction","target":["https:\/\/admin.industriall-union.org\/fr\/des-travailleurs-en-lock-out-d-039-une-aluminerie-canadienne-apres-la-rupture-des-negociations\/"]}]},{"@type":"BreadcrumbList","@id":"https:\/\/admin.industriall-union.org\/fr\/des-travailleurs-en-lock-out-d-039-une-aluminerie-canadienne-apres-la-rupture-des-negociations\/#breadcrumb","itemListElement":[{"@type":"ListItem","position":1,"name":"Home","item":"https:\/\/admin.industriall-union.org\/"},{"@type":"ListItem","position":2,"name":"Articles","item":"https:\/\/admin.industriall-union.org\/article\/"},{"@type":"ListItem","position":3,"name":"Des travailleurs en lock-out d&#039;une aluminerie canadienne apr\u00e8s la rupture des n\u00e9gociations"}]},{"@type":"WebSite","@id":"https:\/\/admin.industriall-union.org\/#website","url":"https:\/\/admin.industriall-union.org\/","name":"industriall-union","description":"","potentialAction":[{"@type":"SearchAction","target":{"@type":"EntryPoint","urlTemplate":"https:\/\/admin.industriall-union.org\/?s={search_term_string}"},"query-input":{"@type":"PropertyValueSpecification","valueRequired":true,"valueName":"search_term_string"}}],"inLanguage":"fr-FR"}]}},"_links":{"self":[{"href":"https:\/\/admin.industriall-union.org\/fr\/wp-json\/wp\/v2\/article\/149065","targetHints":{"allow":["GET"]}}],"collection":[{"href":"https:\/\/admin.industriall-union.org\/fr\/wp-json\/wp\/v2\/article"}],"about":[{"href":"https:\/\/admin.industriall-union.org\/fr\/wp-json\/wp\/v2\/types\/article"}],"wp:attachment":[{"href":"https:\/\/admin.industriall-union.org\/fr\/wp-json\/wp\/v2\/media?parent=149065"}],"wp:term":[{"taxonomy":"issues","embeddable":true,"href":"https:\/\/admin.industriall-union.org\/fr\/wp-json\/wp\/v2\/issues?post=149065"},{"taxonomy":"companies","embeddable":true,"href":"https:\/\/admin.industriall-union.org\/fr\/wp-json\/wp\/v2\/companies?post=149065"},{"taxonomy":"regions","embeddable":true,"href":"https:\/\/admin.industriall-union.org\/fr\/wp-json\/wp\/v2\/regions?post=149065"},{"taxonomy":"sectors","embeddable":true,"href":"https:\/\/admin.industriall-union.org\/fr\/wp-json\/wp\/v2\/sectors?post=149065"},{"taxonomy":"article_tags","embeddable":true,"href":"https:\/\/admin.industriall-union.org\/fr\/wp-json\/wp\/v2\/article_tags?post=149065"}],"curies":[{"name":"wp","href":"https:\/\/api.w.org\/{rel}","templated":true}]}}